{"id":992,"date":"2012-11-15T11:51:47","date_gmt":"2012-11-15T11:51:47","guid":{"rendered":"http:\/\/blogs.hoy.es\/senderosextremadura\/?p=992"},"modified":"2012-11-15T11:51:47","modified_gmt":"2012-11-15T11:51:47","slug":"ruta-por-el-tajo-internacional-desde-el-puente-romano-de-alcantara-18-de-noviembre","status":"publish","type":"post","link":"https:\/\/blogs.hoy.es\/senderosextremadura\/2012\/11\/15\/ruta-por-el-tajo-internacional-desde-el-puente-romano-de-alcantara-18-de-noviembre\/","title":{"rendered":"Ruta por el Tajo Internacional desde el Puente Romano de Alc\u00e1ntara (18 de noviembre)"},"content":{"rendered":"<div id=\"attachment_993\" style=\"width: 610px\" class=\"wp-caption aligncenter\"><a href=\"https:\/\/blogs.hoy.es\/senderosextremadura\/2012\/11\/15\/ruta-por-el-tajo-internacional-desde-el-puente-romano-de-alcantara-18-de-noviembre\/tajo\/\" rel=\"attachment wp-att-993\"><img aria-describedby=\"caption-attachment-993\" loading=\"lazy\" class=\"size-large wp-image-993\" title=\"http:\/\/www.rutastajointernacional.com\/\" src=\"\/senderosextremadura\/wp-content\/uploads\/sites\/22\/2012\/11\/tajo.jpg\" alt=\"http:\/\/www.rutastajointernacional.com\/\" width=\"600\" height=\"265\" srcset=\"https:\/\/static-blogs.hoy.es\/wp-content\/uploads\/sites\/22\/2012\/11\/tajo.jpg 610w, https:\/\/static-blogs.hoy.es\/wp-content\/uploads\/sites\/22\/2012\/11\/tajo-300x133.jpg 300w, https:\/\/static-blogs.hoy.es\/wp-content\/uploads\/sites\/22\/2012\/11\/tajo-600x266.jpg 600w\" sizes=\"(max-width: 600px) 100vw, 600px\" \/><\/a><p id=\"caption-attachment-993\" class=\"wp-caption-text\">http:\/\/www.rutastajointernacional.com\/<\/p><\/div>\n<p>La <a href=\"http:\/\/andaresmontehermoso.blogspot.com.es\/\" target=\"_blank\" rel=\"external nofollow\"><strong>asociaci\u00f3n Andares de Montehermoso<\/strong><\/a> ha programado una ruta senderista desde el Puente Romano de Alc\u00e1ntara, enclave hist\u00f3rico \u00fanico que marca el inicio de el paseo <a href=\"http:\/\/rutastajointernacional.com\/\" rel=\"external nofollow\"><strong>del Parque Natural del Tajo Internacional<\/strong><\/a>. La marcha tendr\u00e1 lugar el pr\u00f3ximo domingo 18. \u00a0El r\u00edo Tajo camina por las entra\u00f1as de la Pen\u00ednsula Ib\u00e9rica, y separa en este tramo extreme\u00f1o tierras espa\u00f1olas y lusas. Con un recorrido superior a los mil kil\u00f3metros,\u00a0 es el m\u00e1s largo de todos los r\u00edos. En cada tramo, muestra el reflejo de la personalidad del entorno que atraviesa, al mismo tiempo que le ofrece el \u00edmpetu de sus aguas. Desde su nacimiento, hasta su desembocadura en Lisboa, el Tajo regala paisajes de serena belleza. En estos hermosos paisajes podemos encontrar el magn\u00edfico y \u00fanico lirio amarillo.<\/p>\n<p><strong><a href=\"http:\/\/www.rutastajointernacional.com\/index.php?option=com_content&#038;view=article&#038;id=127&#038;Itemid=191\" target=\"_blank\" rel=\"external nofollow\">Aqu\u00ed puedes ver y escuchar todos los detalles de la ruta<\/a>.<\/strong><\/p>\n<div><strong><em>Ruta del Puente de Alc\u00e1ntara<\/em><\/strong><\/div>\n<div>Distancia:\u00a016 kil\u00f3metros<\/div>\n<div>Duraci\u00f3n:\u00a04:00 horas<\/div>\n<div>Recorrido:\u00a0circular<\/div>\n<div>Dificultad:\u00a0baja<\/div>\n<div>Salida:\u00a0a las 8:00 de la ma\u00f1ana\u00a0(CON PUNTUALIDAD).<\/div>\n<div>(Desde el Parque Municipal Pr\u00edncipe Felipe de Montehermoso)<\/div>\n<div><\/div>\n<div>Enlace del tiempo en Alc\u00e1ntara para el domingo 18 de noviembre.<\/div>\n<div>http:\/\/www.eltiempo.es\/alcantara.html<\/div>\n<div><\/div>\n<div><strong>asociacionandares@hotmailcom<\/strong><\/div>\n<div><\/div>\n<div><a href=\"https:\/\/blogs.hoy.es\/senderosextremadura\/2012\/11\/15\/ruta-por-el-tajo-internacional-desde-el-puente-romano-de-alcantara-18-de-noviembre\/ruta-6\/\" rel=\"attachment wp-att-994\"><img loading=\"lazy\" class=\"aligncenter size-full wp-image-994\" title=\"ruta\" src=\"\/senderosextremadura\/wp-content\/uploads\/sites\/22\/2012\/11\/ruta.jpg\" alt=\"\" width=\"580\" height=\"381\" srcset=\"https:\/\/static-blogs.hoy.es\/wp-content\/uploads\/sites\/22\/2012\/11\/ruta.jpg 580w, https:\/\/static-blogs.hoy.es\/wp-content\/uploads\/sites\/22\/2012\/11\/ruta-300x197.jpg 300w\" sizes=\"(max-width: 580px) 100vw, 580px\" \/><\/a><\/div>\n<!-- AddThis Advanced Settings generic via filter on the_content --><!-- AddThis Share Buttons generic via filter on the_content -->","protected":false},"excerpt":{"rendered":"<p>La asociaci\u00f3n Andares de Montehermoso ha programado una ruta senderista desde el Puente Romano de Alc\u00e1ntara, enclave hist\u00f3rico \u00fanico que marca el inicio de el paseo del Parque Natural del Tajo Internacional. La marcha tendr\u00e1 lugar el pr\u00f3ximo domingo 18. \u00a0El r\u00edo Tajo camina por las entra\u00f1as de la Pen\u00ednsula Ib\u00e9rica, y separa en este [&hellip;]<!-- AddThis Advanced Settings generic via filter on get_the_excerpt --><!-- AddThis Share Buttons generic via filter on get_the_excerpt --><\/p>\n","protected":false},"author":27,"featured_media":0,"comment_status":"open","ping_status":"closed","sticky":false,"template":"","format":"standard","meta":[],"categories":[4],"tags":[52,121,292,301,407,646,662,1004],"_links":{"self":[{"href":"https:\/\/blogs.hoy.es\/senderosextremadura\/wp-json\/wp\/v2\/posts\/992"}],"collection":[{"href":"https:\/\/blogs.hoy.es\/senderosextremadura\/wp-json\/wp\/v2\/posts"}],"about":[{"href":"https:\/\/blogs.hoy.es\/senderosextremadura\/wp-json\/wp\/v2\/types\/post"}],"author":[{"embeddable":true,"href":"https:\/\/blogs.hoy.es\/senderosextremadura\/wp-json\/wp\/v2\/users\/27"}],"replies":[{"embeddable":true,"href":"https:\/\/blogs.hoy.es\/senderosextremadura\/wp-json\/wp\/v2\/comments?post=992"}],"version-history":[{"count":0,"href":"https:\/\/blogs.hoy.es\/senderosextremadura\/wp-json\/wp\/v2\/posts\/992\/revisions"}],"wp:attachment":[{"href":"https:\/\/blogs.hoy.es\/senderosextremadura\/wp-json\/wp\/v2\/media?parent=992"}],"wp:term":[{"taxonomy":"category","embeddable":true,"href":"https:\/\/blogs.hoy.es\/senderosextremadura\/wp-json\/wp\/v2\/categories?post=992"},{"taxonomy":"post_tag","embeddable":true,"href":"https:\/\/blogs.hoy.es\/senderosextremadura\/wp-json\/wp\/v2\/tags?post=992"}],"curies":[{"name":"wp","href":"https:\/\/api.w.org\/{rel}","templated":true}]}}