{"id":996,"date":"2012-11-15T21:40:45","date_gmt":"2012-11-15T21:40:45","guid":{"rendered":"http:\/\/blogs.hoy.es\/senderosextremadura\/?p=996"},"modified":"2012-11-15T21:40:45","modified_gmt":"2012-11-15T21:40:45","slug":"ruta-de-las-grullas-por-la-garrovilla-2-de-diciembre","status":"publish","type":"post","link":"https:\/\/blogs.hoy.es\/senderosextremadura\/2012\/11\/15\/ruta-de-las-grullas-por-la-garrovilla-2-de-diciembre\/","title":{"rendered":"Ruta de Las Grullas por La Garrovilla (2 de diciembre)"},"content":{"rendered":"<div id=\"attachment_998\" style=\"width: 394px\" class=\"wp-caption alignright\"><a href=\"https:\/\/blogs.hoy.es\/senderosextremadura\/2012\/11\/15\/ruta-de-las-grullas-por-la-garrovilla-2-de-diciembre\/grullas\/\" rel=\"attachment wp-att-998\"><img aria-describedby=\"caption-attachment-998\" loading=\"lazy\" class=\" wp-image-998   \" title=\"Cartel anunciador de la ruta\" src=\"\/senderosextremadura\/wp-content\/uploads\/sites\/22\/2012\/11\/grullas.jpg\" alt=\"Cartel anunciador de la ruta\" width=\"384\" height=\"542\" srcset=\"https:\/\/static-blogs.hoy.es\/wp-content\/uploads\/sites\/22\/2012\/11\/grullas.jpg 679w, https:\/\/static-blogs.hoy.es\/wp-content\/uploads\/sites\/22\/2012\/11\/grullas-212x300.jpg 212w, https:\/\/static-blogs.hoy.es\/wp-content\/uploads\/sites\/22\/2012\/11\/grullas-600x848.jpg 600w\" sizes=\"(max-width: 384px) 100vw, 384px\" \/><\/a><p id=\"caption-attachment-998\" class=\"wp-caption-text\">Cartel anunciador de la ruta<\/p><\/div>\n<p><span style=\"font-size: medium;\">El Ayuntamiento de La Garrovilla (Badajoz) \u00a0ha organizado una nueva edici\u00f3n de la Ruta de senderismo &#8220;Las Grullas&#8221;. <\/span><\/p>\n<p><span style=\"font-size: medium;\">La actividad tendr\u00e1 lugar el 2 diciembre, a las 08.30 horas. Los caminantes se concentraci\u00f3n a esa hora para la salida en la Plaza Alonso de Mendoza. La marcha de dificultad baja recorrer\u00e1 unos 20 kil\u00f3metros.<\/span><\/p>\n<p><span style=\"font-size: medium;\">Las inscripciones han de realizarse en la Casa de Cultura (924 34 61 15) o en el mail <strong><a href=\"mailto:rutadelasgrullas2012@gmail.com\">rutadelasgrullas2012@gmail.com<\/a><\/strong><\/span><\/p>\n<!-- AddThis Advanced Settings generic via filter on the_content --><!-- AddThis Share Buttons generic via filter on the_content -->","protected":false},"excerpt":{"rendered":"<p>El Ayuntamiento de La Garrovilla (Badajoz) \u00a0ha organizado una nueva edici\u00f3n de la Ruta de senderismo &#8220;Las Grullas&#8221;. La actividad tendr\u00e1 lugar el 2 diciembre, a las 08.30 horas. Los caminantes se concentraci\u00f3n a esa hora para la salida en la Plaza Alonso de Mendoza. La marcha de dificultad baja recorrer\u00e1 unos 20 kil\u00f3metros. Las [&hellip;]<!-- AddThis Advanced Settings generic via filter on get_the_excerpt --><!-- AddThis Share Buttons generic via filter on get_the_excerpt --><\/p>\n","protected":false},"author":27,"featured_media":0,"comment_status":"open","ping_status":"closed","sticky":false,"template":"","format":"standard","meta":[],"categories":[4],"tags":[86,253,301,347,551,712,906,1033,1039],"_links":{"self":[{"href":"https:\/\/blogs.hoy.es\/senderosextremadura\/wp-json\/wp\/v2\/posts\/996"}],"collection":[{"href":"https:\/\/blogs.hoy.es\/senderosextremadura\/wp-json\/wp\/v2\/posts"}],"about":[{"href":"https:\/\/blogs.hoy.es\/senderosextremadura\/wp-json\/wp\/v2\/types\/post"}],"author":[{"embeddable":true,"href":"https:\/\/blogs.hoy.es\/senderosextremadura\/wp-json\/wp\/v2\/users\/27"}],"replies":[{"embeddable":true,"href":"https:\/\/blogs.hoy.es\/senderosextremadura\/wp-json\/wp\/v2\/comments?post=996"}],"version-history":[{"count":0,"href":"https:\/\/blogs.hoy.es\/senderosextremadura\/wp-json\/wp\/v2\/posts\/996\/revisions"}],"wp:attachment":[{"href":"https:\/\/blogs.hoy.es\/senderosextremadura\/wp-json\/wp\/v2\/media?parent=996"}],"wp:term":[{"taxonomy":"category","embeddable":true,"href":"https:\/\/blogs.hoy.es\/senderosextremadura\/wp-json\/wp\/v2\/categories?post=996"},{"taxonomy":"post_tag","embeddable":true,"href":"https:\/\/blogs.hoy.es\/senderosextremadura\/wp-json\/wp\/v2\/tags?post=996"}],"curies":[{"name":"wp","href":"https:\/\/api.w.org\/{rel}","templated":true}]}}