{"id":1,"date":"2012-04-27T18:47:03","date_gmt":"2012-04-27T18:47:03","guid":{"rendered":"http:\/\/blogs.hoy.es\/solitaencaceres\/?p=1"},"modified":"2012-04-27T18:47:03","modified_gmt":"2012-04-27T18:47:03","slug":"hola-mundo","status":"publish","type":"post","link":"https:\/\/blogs.hoy.es\/solitaencaceres\/2012\/04\/27\/hola-mundo\/","title":{"rendered":"C\u00e1ceres Ins\u00f3lita naci\u00f3 en una servilleta"},"content":{"rendered":"<p><a href=\"http:\/\/www.hoy.es\/videos\/a-fondo\/caceres-insolita\/\" target=\"_blank\">C\u00e1ceres Ins\u00f3lita<\/a> naci\u00f3 en una servilleta. Era domingo por la ma\u00f1ana y me encontraba con <a href=\"http:\/\/www.hoy.es\/hemeroteca\/index.php?annoDesde=&#038;annoHasta=&#038;diaDesde=&#038;diaHasta=&#038;mesDesde=&#038;mesHasta=&#038;qAND=j.r.+alonso+de+la+torre\" target=\"_blank\">Jos\u00e9 Ram\u00f3n Alonso de la Torre<\/a> en la Estaci\u00f3n de RENFE de C\u00e1ceres. Estudio <strong>Filolog\u00eda Hisp\u00e1nica<\/strong>, tengo 19 a\u00f1os y reconozco que la Literatura Medieval no me apasiona. Llevaba d\u00edas mareando a Jos\u00e9 Ram\u00f3n con hacer algo nuevo, que nos pudiera ayudar a desarrollar nuestra creativa imaginaci\u00f3n. All\u00ed, entre viajeros y maletas, bocatas de tortilla y cervezas, el ruido de la televisi\u00f3n y un aburrido <a href=\"http:\/\/es.wikipedia.org\/wiki\/Libro_de_buen_amor\" target=\"_blank\">Libro de Buen Amor,<\/a> encontr\u00e9 el momento perfecto.<\/p>\n<p>Alonso tiene mucha soltura ante la c\u00e1mara. Yo llevaba grabando m\u00e1s de un a\u00f1o sus entrevistas en \u201c<a href=\"http:\/\/www.hoy.es\/20091213\/regional\/espero-extremadura-nunca-hagamos-20091213.html\" target=\"_blank\">Mira qui\u00e9n habla\u201d<\/a>. Esa ma\u00f1ana, le propuse hacer un <strong>v\u00eddeo-blog<\/strong>. Le hice ver que hab\u00eda que innovar y que ser\u00eda algo relajado, solo cuando nos apeteciera, sin ninguna obligaci\u00f3n. No s\u00e9 si fue porque le di pena, pero acept\u00f3.\u00a0 En una servilleta que hac\u00eda de marcap\u00e1ginas de <strong>El libro de Buen Amor<\/strong> escribimos varios nombres. El <strong>trending topic extreme\u00f1o<\/strong> en aquel momento era el <strong>Eje 16<\/strong>, y as\u00ed se llam\u00f3 nuestro v\u00eddeo-blog.<\/p>\n<p>La primera grabaci\u00f3n fue en esa misma Estaci\u00f3n de RENFE d\u00edas despu\u00e9s. Pero la culpa de que naciera <a href=\"http:\/\/www.hoy.es\/videos\/a-fondo\/caceres-insolita\/\" target=\"_blank\">C\u00e1ceres Ins\u00f3lita <\/a>la tuvo un taxi al pasar a las 4 de la tarde por la <strong>Plaza Mayo<\/strong>r. Era nuestra segunda grabaci\u00f3n de Eje 16. Cont\u00e1bamos c\u00f3mo se hab\u00eda sembrado el miedo en las madres que dejaban despreocupadas jugar a sus hijos en la Plaza Mayor ahora que pod\u00edan cruzar los taxis. Lo original del v\u00eddeo era que los ni\u00f1os estaban pegados a sus padres y los taxis no pasaban. Pero a las cuatro de la tarde pas\u00f3 uno, justo cuando est\u00e1bamos grabando, y <strong>nos quedamos sin historia original<\/strong>.<\/p>\n<p><span style=\"color: #595959; font-family: Comic Sans MS;\"><br \/>\n<\/span><\/p>\n<p>&nbsp;<\/p>\n<p style=\"text-align: center;\"><span style=\"font-family: Calibri;\"><span style=\"color: #000000;\"><a href=\"\/solitaencaceres\/wp-content\/uploads\/sites\/41\/2012\/04\/1.png\"><img loading=\"lazy\" class=\"aligncenter size-large wp-image-11\" title=\"Alonso de la Torre en la Plaza Mayor\" src=\"\/solitaencaceres\/wp-content\/uploads\/sites\/41\/2012\/04\/1.png\" alt=\"\" width=\"663\" height=\"389\" \/><\/a><\/span><\/span><\/p>\n<p><span style=\"color: #595959; font-family: Comic Sans MS;\">\u00a0\u00a0\u00a0\u00a0\u00a0\u00a0<\/span><\/p>\n<p>Yo soy una inconformista y una luchadora a la que no le gusta fracasar. El taxi pasaba, el v\u00eddeo era insalvable y yo me desesperaba. Entonces Alonso me sac\u00f3 del pozo en el que me estaba sumergiendo, <strong>me llev\u00f3 a comprar un cilicio y a merendar unos tocinillos<\/strong>. Ese fue nuestro primer C\u00e1ceres ins\u00f3lita: <a href=\"http:\/\/www.hoy.es\/v\/20111127\/caceres\/tocinillos-cilicios-20111127.html\" target=\"_blank\">Tocinillos y cilicios<\/a>, que sustitu\u00eda a una <a href=\"http:\/\/www.hoy.es\/20120501\/local\/caceres\/primer-womad-caceres-201205011323.html\" target=\"_blank\">Generaci\u00f3n Womad<\/a> que nunca le convenci\u00f3.<\/p>\n<p>&nbsp;<\/p>\n<p><object id=\"flashObj\" width=\"640\" height=\"360\" classid=\"clsid:D27CDB6E-AE6D-11cf-96B8-444553540000\" codebase=\"http:\/\/download.macromedia.com\/pub\/shockwave\/cabs\/flash\/swflash.cab#version=9,0,47,0\"><param name=\"movie\" value=\"http:\/\/c.brightcove.com\/services\/viewer\/federated_f9?isVid=1&#038;isUI=1\" \/><param name=\"bgcolor\" value=\"#FFFFFF\" \/><param name=\"flashVars\" value=\"@videoPlayer=1624823748001&#038;playerID=309010012001&#038;playerKey=AQ~~,AAAAE_Nrnlk~,nvezczbcIbFKkdWFPX_8YwXJCUFbI5Xb&#038;domain=embed&#038;dynamicStreaming=true\" \/><param name=\"base\" value=\"http:\/\/admin.brightcove.com\" \/><param name=\"seamlesstabbing\" value=\"false\" \/><param name=\"allowFullScreen\" value=\"true\" \/><param name=\"swLiveConnect\" value=\"true\" \/><param name=\"allowScriptAccess\" value=\"always\" \/><embed src=\"\/\/c.brightcove.com\/services\/viewer\/federated_f9?isVid=1&#038;isUI=1\" bgcolor=\"#FFFFFF\" flashVars=\"@videoPlayer=1624823748001&#038;playerID=309010012001&#038;playerKey=AQ~~,AAAAE_Nrnlk~,nvezczbcIbFKkdWFPX_8YwXJCUFbI5Xb&#038;domain=embed&#038;dynamicStreaming=true\" base=\"http:\/\/admin.brightcove.com\" name=\"flashObj\" width=\"640\" height=\"360\" seamlesstabbing=\"false\" type=\"application\/x-shockwave-flash\" allowFullScreen=\"true\" allowScriptAccess=\"always\" swLiveConnect=\"true\" pluginspage=\"http:\/\/www.macromedia.com\/shockwave\/download\/index.cgi?P1_Prod_Version=ShockwaveFlash\"><\/embed><\/object><\/p>\n<p><strong>23 v\u00eddeos de C\u00e1ceres Ins\u00f3lita despu\u00e9s<\/strong>, tenemos resultados m\u00e1s que positivos. Llegar hasta hoy no ha sido f\u00e1cil. Alonso habla con mucha soltura y desparpajo ante la c\u00e1mara, como demostraba y demuestra en las entradillas de <span style=\"text-decoration: underline;\">Mira qui\u00e9n habla<\/span>. Yo lo llamaba <strong>\u201cdon perfectito\u201d<\/strong>. Ya no, t\u00e9cnicamente me mata.<\/p>\n<p>&nbsp;<\/p>\n<p>Al principio, Alonso me ayudaba con el micr\u00f3fono, me dec\u00eda desde d\u00f3nde grabar, me empujaba para coger una toma&#8230;Yo soy autodidacta, lo que s\u00e9 de grabaci\u00f3n y montaje lo he aprendido por mi cuenta. Tambi\u00e9n soy muy t\u00edmida, me cuesta mucho imponerme, dar una orden o decir que no.<\/p>\n<p>En las primeras grabaciones \u00e9l mandaba, <strong>ahora lo hago yo<\/strong>. Con la <a href=\"http:\/\/www.hoy.es\/v\/20100903\/almendralejo\/pena-castuos-celebra-concentracion-20100903.html\" target=\"_blank\">Pe\u00f1a Los Cast\u00faos,<\/a> en un partido de f\u00fatbol, dej\u00f3 el micr\u00f3fono en off; en la grabaci\u00f3n de las <strong>cuestas cacere\u00f1as<\/strong> (<a href=\"http:\/\/www.hoy.es\/20120303\/local\/caceres\/marques-tiene-empinada-201203030123.html\" target=\"_blank\">El marqu\u00e9s la tiene empinada<\/a>) de tanto pisar el cable, se rompi\u00f3, y una intervenci\u00f3n de un<strong> se\u00f1or que llevaba hierba para sus conejos<\/strong> no se escuch\u00f3; en <a href=\"http:\/\/www.hoy.es\/20120331\/local\/caceres\/noche-piquetes-201203310023.html\" target=\"_blank\">Una noche con los piquetes<\/a> pis\u00f3 el enganche del micr\u00f3fono, que desde entonces est\u00e1 roto; y la \u00faltima del micro fue en <strong>Arroyo de la Luz<\/strong>, que se lo dej\u00f3 en su casa y \u201c<strong>don perfectito\u201d<\/strong>, que tambi\u00e9n comete errores, aunque le cuesta reconocerlo, me tuvo buscando una hora en mi casa el micro, incluso llam\u00f3 a <a href=\"http:\/\/www.hoy.es\/v\/20120422\/regional\/tengo-habitacion-monta-centro-20120422.html\" target=\"_blank\">Alejandro Dom\u00ednguez<\/a>, el propietario de una <strong>casa museo de Alburquerque<\/strong> al que hab\u00edamos entrevistado la semana anterior, por si lo hab\u00edamos dejado all\u00ed.<\/p>\n<p>Eso fue a las 12 de la ma\u00f1ana, y a las 12 de la noche recib\u00eda un mensaje pidi\u00e9ndome perd\u00f3n. Quien no lo debi\u00f3 perdonar fue Alejandro Dom\u00ednguez, que d\u00edas despu\u00e9s le escrib\u00eda por Facebook para contarle que hab\u00eda seguido buscando el micro y no lo hab\u00eda encontrado.<\/p>\n<p>Este tema, aunque es fundamental, porque sin sonido no hay v\u00eddeo, no me preocupa tanto.<\/p>\n<p>El problema de Alonso son los vicios que adquiri\u00f3 cuando se convirti\u00f3 en <a href=\"http:\/\/www.hoy.es\/20090302\/plasencia\/senor-vinos-bebe-nada-20090302.html\" target=\"_blank\">\u201cEl se\u00f1or de los vinos\u201d<\/a> en <strong>Canal Extremadura<\/strong>, y no me refiero a <strong>vicios con el alcohol.<\/strong> Tiene una muy mala costumbre: <strong>empieza a hablar antes de que le d\u00e9 la se\u00f1al<\/strong>.<\/p>\n<p>Cuando s\u00ed comienza tras mi aviso <strong>no suele esperar cinco segundos<\/strong>, como le digo antes de cada grabaci\u00f3n para dejarme m\u00e1rgenes para las transiciones. Si le pido 30 segundos de grabaci\u00f3n me hace <strong>tres minutos,<\/strong> y si por lo menos no pisase a la gente cuando habla, es decir, si no interviniera antes de que la otra persona terminase su turno, me facilitar\u00eda el trabajo, podr\u00eda cortar las respuestas.<\/p>\n<p>Pero <strong>Alonso tiene un problema<\/strong>, le da verg\u00fcenza hacer solo una pregunta, y yo lo entiendo, porque cuando lo ha hecho, la gente se quedaba con ganas de m\u00e1s. Al principio no me importaba, pero con el tiempo te das cuenta de que tienes siempre informaci\u00f3n que sobra y que pierdes una hora m\u00e1s en realizar en montaje. Yo, siempre que se pasa, <strong>pongo cara de odio a la humanidad<\/strong>, como dici\u00e9ndole que repita, pero nunca se entera.<\/p>\n<p>Si alguna vez participan ustedes en C\u00e1ceres Ins\u00f3lita, <strong>f\u00edjense en mi cara<\/strong> y as\u00ed sabr\u00e1n si hay que repetir la grabaci\u00f3n.<\/p>\n<p><span style=\"color: #595959; font-family: Comic Sans MS;\"><br \/>\n<\/span><\/p>\n<!-- AddThis Advanced Settings generic via filter on the_content --><!-- AddThis Share Buttons generic via filter on the_content -->","protected":false},"excerpt":{"rendered":"<p>C\u00e1ceres Ins\u00f3lita naci\u00f3 en una servilleta. Era domingo por la ma\u00f1ana y me encontraba con Jos\u00e9 Ram\u00f3n Alonso de la Torre en la Estaci\u00f3n de RENFE de C\u00e1ceres. Estudio Filolog\u00eda Hisp\u00e1nica, tengo 19 a\u00f1os y reconozco que la Literatura Medieval no me apasiona. Llevaba d\u00edas mareando a Jos\u00e9 Ram\u00f3n con hacer algo nuevo, que nos [&hellip;]<!-- AddThis Advanced Settings generic via filter on get_the_excerpt --><!-- AddThis Share Buttons generic via filter on get_the_excerpt --><\/p>\n","protected":false},"author":45,"featured_media":0,"comment_status":"open","ping_status":"closed","sticky":false,"template":"","format":"standard","meta":[],"categories":[3],"tags":[146,153,582,673,1329,1391,1689,1847,1884,2194,2381,2698,3158,4026,4098],"_links":{"self":[{"href":"https:\/\/blogs.hoy.es\/solitaencaceres\/wp-json\/wp\/v2\/posts\/1"}],"collection":[{"href":"https:\/\/blogs.hoy.es\/solitaencaceres\/wp-json\/wp\/v2\/posts"}],"about":[{"href":"https:\/\/blogs.hoy.es\/solitaencaceres\/wp-json\/wp\/v2\/types\/post"}],"author":[{"embeddable":true,"href":"https:\/\/blogs.hoy.es\/solitaencaceres\/wp-json\/wp\/v2\/users\/45"}],"replies":[{"embeddable":true,"href":"https:\/\/blogs.hoy.es\/solitaencaceres\/wp-json\/wp\/v2\/comments?post=1"}],"version-history":[{"count":0,"href":"https:\/\/blogs.hoy.es\/solitaencaceres\/wp-json\/wp\/v2\/posts\/1\/revisions"}],"wp:attachment":[{"href":"https:\/\/blogs.hoy.es\/solitaencaceres\/wp-json\/wp\/v2\/media?parent=1"}],"wp:term":[{"taxonomy":"category","embeddable":true,"href":"https:\/\/blogs.hoy.es\/solitaencaceres\/wp-json\/wp\/v2\/categories?post=1"},{"taxonomy":"post_tag","embeddable":true,"href":"https:\/\/blogs.hoy.es\/solitaencaceres\/wp-json\/wp\/v2\/tags?post=1"}],"curies":[{"name":"wp","href":"https:\/\/api.w.org\/{rel}","templated":true}]}}