{"id":1000,"date":"2014-10-09T12:27:30","date_gmt":"2014-10-09T12:27:30","guid":{"rendered":"http:\/\/blogs.hoy.es\/solitaencaceres\/?p=1000"},"modified":"2014-10-09T12:27:30","modified_gmt":"2014-10-09T12:27:30","slug":"misma-hora-diferente-luz-solar","status":"publish","type":"post","link":"https:\/\/blogs.hoy.es\/solitaencaceres\/2014\/10\/09\/misma-hora-diferente-luz-solar\/","title":{"rendered":"Misma hora, diferente luz solar"},"content":{"rendered":"<p style=\"text-align: center;\"><a href=\"\/solitaencaceres\/wp-content\/uploads\/sites\/41\/2014\/10\/13.jpg\"><img loading=\"lazy\" class=\"aligncenter  wp-image-1001\" title=\"Atardcer\" src=\"\/solitaencaceres\/wp-content\/uploads\/sites\/41\/2014\/10\/13.jpg\" alt=\"\" width=\"605\" height=\"403\" srcset=\"https:\/\/static-blogs.hoy.es\/wp-content\/uploads\/sites\/41\/2014\/10\/13.jpg 5184w, https:\/\/static-blogs.hoy.es\/wp-content\/uploads\/sites\/41\/2014\/10\/13-300x200.jpg 300w, https:\/\/static-blogs.hoy.es\/wp-content\/uploads\/sites\/41\/2014\/10\/13-768x512.jpg 768w, https:\/\/static-blogs.hoy.es\/wp-content\/uploads\/sites\/41\/2014\/10\/13-1024x683.jpg 1024w\" sizes=\"(max-width: 605px) 100vw, 605px\" \/><\/a><\/p>\n<p>Entre las cosas favorables que vi cuando decid\u00ed venir de Erasmus a Roma se encontraba la similitud de clima con Espa\u00f1a. <strong>Lo que no pensaba yo que me fuera a dar problemas es tener la misma hora.<\/strong><\/p>\n<p>Desde que estoy en Italia me parece a\u00fan<strong> m\u00e1s est\u00fapida la diferencia horaria entre Espa\u00f1a y Portugal.<\/strong> Las veces que he pasado al otro lado de la frontera y han sido visitas expr\u00e9s, sin necesidad de pensar en la hora menos,<strong> jam\u00e1s me ha influido psicol\u00f3gicamente la duraci\u00f3n de la luz solar.<\/strong> En cambio, desde que estoy en Roma, el hecho de que <strong>entre las seis y media y las siete de la tarde ya haya oscurecido, me supera.<\/strong> Me hace sentir como si me faltara tiempo al cabo del d\u00eda para realizar actividades y las noches se me hacen largas, eternas y hasta me cuesta dormir. Lo que lleva consigo fuertes dolores de cabeza.<\/p>\n<p>P\u00e1nico me da pensar en el momento en el que cambien la hora, porque imagino que alrededor de las cinco de la tarde comenzar\u00e1 a anochecer. Aunque lo peor ser\u00e1 <strong>cuando a las seis de la ma\u00f1ana est\u00e9 entrando una luz fuerte y penetrante por la ventana<\/strong> que me haga saltar de la cama cabreada y acordarme de Franco y del momento en el que se decidi\u00f3 tener la misma hora que Alemania e Italia cuando por similitud de tiempo de luz solar no tienen nada que ver.\u00a0 Es que ni los problemas que he tenido en la facultad ni la adaptaci\u00f3n al idioma se me est\u00e1n haciendo tan insufribles como la falta de luz solar. De hecho, a este paso, <strong>pronto se me puede comparar con los de la saga Crep\u00fasculo, porque si ya de por si soy blanquina, viviendo de noche, cuidado con los cuellos que me encuentre por la calle\u2026<\/strong><\/p>\n<p>No s\u00e9 si al resto de Erasmus les pasa lo mismo, porque por lo que he visto hasta ahora, <strong>viven m\u00e1s de noche que de d\u00eda y supongo que hasta les viene bien.\u00a0<\/strong><\/p>\n<!-- AddThis Advanced Settings generic via filter on the_content --><!-- AddThis Share Buttons generic via filter on the_content -->","protected":false},"excerpt":{"rendered":"<p>Entre las cosas favorables que vi cuando decid\u00ed venir de Erasmus a Roma se encontraba la similitud de clima con Espa\u00f1a. Lo que no pensaba yo que me fuera a dar problemas es tener la misma hora. Desde que estoy en Italia me parece a\u00fan m\u00e1s est\u00fapida la diferencia horaria entre Espa\u00f1a y Portugal. Las [&hellip;]<!-- AddThis Advanced Settings generic via filter on get_the_excerpt --><!-- AddThis Share Buttons generic via filter on get_the_excerpt --><\/p>\n","protected":false},"author":45,"featured_media":0,"comment_status":"open","ping_status":"closed","sticky":false,"template":"","format":"standard","meta":[],"categories":[3],"tags":[155,1080,1250,1465,1511,1757,2022,2159,2476,2885,3335,3625],"_links":{"self":[{"href":"https:\/\/blogs.hoy.es\/solitaencaceres\/wp-json\/wp\/v2\/posts\/1000"}],"collection":[{"href":"https:\/\/blogs.hoy.es\/solitaencaceres\/wp-json\/wp\/v2\/posts"}],"about":[{"href":"https:\/\/blogs.hoy.es\/solitaencaceres\/wp-json\/wp\/v2\/types\/post"}],"author":[{"embeddable":true,"href":"https:\/\/blogs.hoy.es\/solitaencaceres\/wp-json\/wp\/v2\/users\/45"}],"replies":[{"embeddable":true,"href":"https:\/\/blogs.hoy.es\/solitaencaceres\/wp-json\/wp\/v2\/comments?post=1000"}],"version-history":[{"count":0,"href":"https:\/\/blogs.hoy.es\/solitaencaceres\/wp-json\/wp\/v2\/posts\/1000\/revisions"}],"wp:attachment":[{"href":"https:\/\/blogs.hoy.es\/solitaencaceres\/wp-json\/wp\/v2\/media?parent=1000"}],"wp:term":[{"taxonomy":"category","embeddable":true,"href":"https:\/\/blogs.hoy.es\/solitaencaceres\/wp-json\/wp\/v2\/categories?post=1000"},{"taxonomy":"post_tag","embeddable":true,"href":"https:\/\/blogs.hoy.es\/solitaencaceres\/wp-json\/wp\/v2\/tags?post=1000"}],"curies":[{"name":"wp","href":"https:\/\/api.w.org\/{rel}","templated":true}]}}