{"id":1002,"date":"2014-10-12T12:52:05","date_gmt":"2014-10-12T12:52:05","guid":{"rendered":"http:\/\/blogs.hoy.es\/solitaencaceres\/?p=1002"},"modified":"2014-10-12T12:52:05","modified_gmt":"2014-10-12T12:52:05","slug":"espectaculo-politico-de-beppe-grillo-en-el-circo-massimo","status":"publish","type":"post","link":"https:\/\/blogs.hoy.es\/solitaencaceres\/2014\/10\/12\/espectaculo-politico-de-beppe-grillo-en-el-circo-massimo\/","title":{"rendered":"Espect\u00e1culo pol\u00edtico de Beppe Grillo en el Circo Massimo"},"content":{"rendered":"<p style=\"text-align: center;\"><a href=\"\/solitaencaceres\/wp-content\/uploads\/sites\/41\/2014\/10\/Beppe-Grillo.jpg\"><img loading=\"lazy\" class=\"aligncenter  wp-image-1003\" title=\"Beppe Grillo\" src=\"\/solitaencaceres\/wp-content\/uploads\/sites\/41\/2014\/10\/Beppe-Grillo.jpg\" alt=\"\" width=\"622\" height=\"414\" srcset=\"https:\/\/static-blogs.hoy.es\/wp-content\/uploads\/sites\/41\/2014\/10\/Beppe-Grillo.jpg 2160w, https:\/\/static-blogs.hoy.es\/wp-content\/uploads\/sites\/41\/2014\/10\/Beppe-Grillo-300x200.jpg 300w, https:\/\/static-blogs.hoy.es\/wp-content\/uploads\/sites\/41\/2014\/10\/Beppe-Grillo-768x512.jpg 768w, https:\/\/static-blogs.hoy.es\/wp-content\/uploads\/sites\/41\/2014\/10\/Beppe-Grillo-1024x683.jpg 1024w\" sizes=\"(max-width: 622px) 100vw, 622px\" \/><\/a><\/p>\n<p>Ayer, por casualidad, me encontr\u00e9 con uno de los <strong>acontecimientos pol\u00edticos m\u00e1s divertidos y curiosos que he conocido en mi vida.<\/strong> Un par de d\u00edas antes, hab\u00eda pasado por el Circo Massimo haciendo turismo. Me lo hab\u00eda encontrado lleno <strong>de peque\u00f1as carpas blancas,<\/strong> en multitud, con pinta de futuras casetas de bares que lo afeaban. Justo en el lado opuesto al que est\u00e1 el metro, hab\u00eda un gran escenario en el que un grupo musical estaba ensayando. <strong>Pens\u00e9 que habr\u00eda este finde un festival.<\/strong><\/p>\n<p>Cerca de las ocho de la tarde, ya completamente de noche, decid\u00ed ayer<strong> ir a dar una vuelta por Trastevere.<\/strong> Me baj\u00e9 en la parada de metro de Circo Massimo, que es la m\u00e1s cercana, y<strong> decid\u00ed ir hasta mi destino dando un largo pero agradable paseo.<\/strong> No recordaba el tema del festival de m\u00fasica que d\u00edas antes hab\u00eda rondado por mi cabeza. En efecto, hab\u00eda m\u00fasica, y lo que me llam\u00f3 la atenci\u00f3n, a pesar de que no tengo buen o\u00eddo para los idiomas, es que<strong> eran canciones muy reivindicativas.<\/strong> Y como siempre que algo me causa inter\u00e9s, lo que hice fue<strong> buscar en Google los tags \u2018Circo Massimo\u2019 y \u2018M\u00fasica\u2019.<\/strong> R\u00e1pidamente aparecieron en mi tel\u00e9fono diversas noticias en las que informaban de que del 10 al 12 de octubre habr\u00eda un festival musical en forma de manifestaci\u00f3n. Me bast\u00f3 la informaci\u00f3n, no segu\u00ed leyendo, me apetec\u00eda pasear por Trastevere, <strong>aunque me fui con la mosca tras la oreja por el despliegue de medios que hab\u00eda.<\/strong><\/p>\n<p>Como estos d\u00edas <strong>la prensa espa\u00f1ola con el tema del \u00c9bola est\u00e1 muy emocionante<\/strong>, no leo la italiana, y por tanto, no me entero de los acontecimientos que hay. Si lo hubiera hecho, probablemente me habr\u00eda enterado de que <strong>hab\u00eda tanta gente concentrada en el Circo Massimo no por un festival de m\u00fasica reivindicativo, sino porque iba a salir al escenario a dar un mitin Beppe Grillo.<\/strong><\/p>\n<p>Volv\u00eda de Trastevere emocionada tras disfrutar<strong> de la vida de sus calles, de sus espect\u00e1culos, de sus puestos y, sobre todo, del olor de la comida de sus restaurantes, que dejan a una patidifusa y con el est\u00f3mago rugiendo.<\/strong> Me dispon\u00eda a volver a coger el metro y ten\u00eda que atravesar todo el circo, pero no pude hacerlo. No me llam\u00f3 la atenci\u00f3n que un hombre con un micro hablase en el escenario, ni la cantidad de banderas, que no alcanzaba desde lejos a descubrir de qu\u00e9 partido eran, <strong>lo que me llamaba la atenci\u00f3n eran las risas, el clamor de la gente, el espect\u00e1culo.<\/strong> <strong>Parec\u00eda un mon\u00f3logo.<\/strong> No pude evitar acercarme a ver qui\u00e9n hablaba en el escenario. Desde una gran pantalla vi<strong> la figura de Beppe Grillo, el l\u00edder del Movimiento 5 Estrellas, que tengo entendido que en Italia es lo m\u00e1s parecido al Pablo Iglesias de Podemos en Espa\u00f1a.<\/strong><\/p>\n<p>Como hablaba muy r\u00e1pido, me costaba un poquito entenderle,<strong> pero me parec\u00eda divertid\u00edsimo.<\/strong> Como actor que es, <strong>sus caras, sus expresiones, sus movimientos, sobre todo cuando se pon\u00eda a hablar con iron\u00eda o a dar ca\u00f1a a sus adversarios, eran totales.<\/strong> Me qued\u00e9 hasta el final, sentada en la hierba, viendo con expectaci\u00f3n y entusiasmo aquel tremendo espect\u00e1culo, acompa\u00f1ado de gr\u00e1ficos muy significativos de sus ideas contrarias al euro, que nos alternaban en las pantallas con su imagen.<\/p>\n<p>Normalmente,<strong> los m\u00edtines se me suelen hacer largos, pesados y aburridos, con muchos datos y poco espect\u00e1culo.<\/strong> El de ayer de Beppe Grillo no quer\u00eda que terminara.<strong> El formato de m\u00fasica, cervezas y escenario al aire libre,<\/strong> y en este caso en un marco inigualable como el Circo Massimo, lugar de diversi\u00f3n del pueblo, <strong>se me hace muy acertado en los tiempos que corren.<\/strong><\/p>\n<!-- AddThis Advanced Settings generic via filter on the_content --><!-- AddThis Share Buttons generic via filter on the_content -->","protected":false},"excerpt":{"rendered":"<p>Ayer, por casualidad, me encontr\u00e9 con uno de los acontecimientos pol\u00edticos m\u00e1s divertidos y curiosos que he conocido en mi vida. Un par de d\u00edas antes, hab\u00eda pasado por el Circo Massimo haciendo turismo. Me lo hab\u00eda encontrado lleno de peque\u00f1as carpas blancas, en multitud, con pinta de futuras casetas de bares que lo afeaban. [&hellip;]<!-- AddThis Advanced Settings generic via filter on get_the_excerpt --><!-- AddThis Share Buttons generic via filter on get_the_excerpt --><\/p>\n","protected":false},"author":45,"featured_media":0,"comment_status":"open","ping_status":"closed","sticky":false,"template":"","format":"standard","meta":[],"categories":[3],"tags":[442,891,1518,1669,2519,2722,2745,2779,2826,3003,3297,3313,4094],"_links":{"self":[{"href":"https:\/\/blogs.hoy.es\/solitaencaceres\/wp-json\/wp\/v2\/posts\/1002"}],"collection":[{"href":"https:\/\/blogs.hoy.es\/solitaencaceres\/wp-json\/wp\/v2\/posts"}],"about":[{"href":"https:\/\/blogs.hoy.es\/solitaencaceres\/wp-json\/wp\/v2\/types\/post"}],"author":[{"embeddable":true,"href":"https:\/\/blogs.hoy.es\/solitaencaceres\/wp-json\/wp\/v2\/users\/45"}],"replies":[{"embeddable":true,"href":"https:\/\/blogs.hoy.es\/solitaencaceres\/wp-json\/wp\/v2\/comments?post=1002"}],"version-history":[{"count":0,"href":"https:\/\/blogs.hoy.es\/solitaencaceres\/wp-json\/wp\/v2\/posts\/1002\/revisions"}],"wp:attachment":[{"href":"https:\/\/blogs.hoy.es\/solitaencaceres\/wp-json\/wp\/v2\/media?parent=1002"}],"wp:term":[{"taxonomy":"category","embeddable":true,"href":"https:\/\/blogs.hoy.es\/solitaencaceres\/wp-json\/wp\/v2\/categories?post=1002"},{"taxonomy":"post_tag","embeddable":true,"href":"https:\/\/blogs.hoy.es\/solitaencaceres\/wp-json\/wp\/v2\/tags?post=1002"}],"curies":[{"name":"wp","href":"https:\/\/api.w.org\/{rel}","templated":true}]}}