{"id":1006,"date":"2014-11-05T12:09:40","date_gmt":"2014-11-05T12:09:40","guid":{"rendered":"http:\/\/blogs.hoy.es\/solitaencaceres\/?p=1006"},"modified":"2014-11-05T12:09:40","modified_gmt":"2014-11-05T12:09:40","slug":"un-paseo-diferente-por-roma","status":"publish","type":"post","link":"https:\/\/blogs.hoy.es\/solitaencaceres\/2014\/11\/05\/un-paseo-diferente-por-roma\/","title":{"rendered":"Un paseo diferente por Roma"},"content":{"rendered":"<p style=\"text-align: center;\"><a href=\"\/solitaencaceres\/wp-content\/uploads\/sites\/41\"><img loading=\"lazy\" class=\"aligncenter  wp-image-1007\" title=\"El T\u00edber y el Vaticano\" src=\"\/solitaencaceres\/wp-content\/uploads\/sites\/41\" alt=\"\" width=\"605\" height=\"403\" \/><\/a><\/p>\n<p>Todas las noches me para gente por la calle, chicos, para concretar.<strong> Me dicen una y otra vez lo \u2018carina\u2019 que soy, yo sonr\u00edo amablemente e intento acelerar el paso para quit\u00e1rmelos de encima.<\/strong> Sin embargo, lo que me sucedi\u00f3 hace un par de d\u00edas fue diferente.<\/p>\n<p>Estaba haciendo fotos en la Plaza Navona de noche, probando mi nuevo tr\u00edpode comprado en la calle a un vendedor ambulante y cuando estaba preparada para hacer una foto, <strong>un chico alto, grandote y con abundante barba se me acerc\u00f3 por detr\u00e1s.<\/strong> Me dijo en italiano: \u201cTienes que bajar la velocidad de obturaci\u00f3n\u201d. Llevaba un rato mir\u00e1ndome pero no me hab\u00eda percatado.<\/p>\n<p>Me puse nerviosa. <strong>Me invit\u00f3 a tomar un caf\u00e9 para darme algunos consejos de fotograf\u00eda.<\/strong> Intent\u00e9 creer que la invitaci\u00f3n era para eso, necesitaba algo fuera de lo normal, <strong>evadirme de la cotidianidad, y pinta de peligroso no ten\u00eda.<\/strong> Entonces, comenzamos a pasear por zonas por las que sola de noche nunca me hab\u00eda atrevido a pasar. Me agarr\u00f3 del brazo y <strong>como dos viejecitos que van por el paseo de C\u00e1novas a misa, comenzamos a adentrarnos por la zona de artistas.<\/strong><\/p>\n<p>Paramos a tomar un caf\u00e9 en un bar. Y siempre cometo el mismo error. Aqu\u00ed,<strong> cuando pides un caf\u00e9 te lo sirven del tama\u00f1o de una u\u00f1a y muy concentrado, demasiado para mi gusto, y para mi sue\u00f1o por las noches.<\/strong> El bar constaba de dos partes, una normal, con dos o tres mesas altas y taburetes, y otra un poco m\u00e1s reservada, donde me dijo <strong>que se reun\u00edan normalmente artistas a conversar.<\/strong> Me cont\u00f3 que era fot\u00f3grafo profesional, que <strong>desde los 8 a\u00f1os ten\u00eda su primera c\u00e1mara<\/strong>, que le hab\u00eda ense\u00f1ado su abuelo y me ense\u00f1\u00f3 algunas fotos suyas que me dejaron impresionada. <strong>Cambi\u00f3 por un momento mi perspectiva fotogr\u00e1fica.<\/strong><\/p>\n<p>Luego, caminamos por el T\u00edber y me fue contando la historia de cada sitio por el que pas\u00e1bamos. <strong>No s\u00e9 si se las inventaba y ten\u00eda mucha labia o si me contaba la verdad.<\/strong> Comienzo a entender y hablar italiano pero a veces digo que s\u00ed comprendo algo solo por que no me lo vuelvan a explicar. <strong>Dimos un paseo de unas cuatro horas y volvimos a terminar en la Plaza Navona, donde me hab\u00eda abordado.<\/strong><\/p>\n<p>Todo iba guay hasta <strong>el momento en el que me intent\u00f3 besar.<\/strong> Eso, junto con querer ir despu\u00e9s a tomar cerveza, pienso que para emborracharme,<strong> fue lo que me chaf\u00f3 un poco la noche.<\/strong> Digamos que se carg\u00f3 el ambiente, el buen rollo, la amistad que se estaba generando. Ahora me llama por tel\u00e9fono y me dice algo as\u00ed como que me quiere, y <strong>me manda emails con \u201cTi voglio bene\u201d.<\/strong> Ahora comienzo a darme cuenta de que<strong> el prototipo de italiano zalamero y pegajoso no es un mito, existe.<\/strong><\/p>\n<!-- AddThis Advanced Settings generic via filter on the_content --><!-- AddThis Share Buttons generic via filter on the_content -->","protected":false},"excerpt":{"rendered":"<p>Todas las noches me para gente por la calle, chicos, para concretar. Me dicen una y otra vez lo \u2018carina\u2019 que soy, yo sonr\u00edo amablemente e intento acelerar el paso para quit\u00e1rmelos de encima. Sin embargo, lo que me sucedi\u00f3 hace un par de d\u00edas fue diferente. Estaba haciendo fotos en la Plaza Navona de [&hellip;]<!-- AddThis Advanced Settings generic via filter on get_the_excerpt --><!-- AddThis Share Buttons generic via filter on get_the_excerpt --><\/p>\n","protected":false},"author":45,"featured_media":0,"comment_status":"open","ping_status":"closed","sticky":false,"template":"","format":"standard","meta":[],"categories":[3],"tags":[303,590,714,1738,3096,3291,3625,3991],"_links":{"self":[{"href":"https:\/\/blogs.hoy.es\/solitaencaceres\/wp-json\/wp\/v2\/posts\/1006"}],"collection":[{"href":"https:\/\/blogs.hoy.es\/solitaencaceres\/wp-json\/wp\/v2\/posts"}],"about":[{"href":"https:\/\/blogs.hoy.es\/solitaencaceres\/wp-json\/wp\/v2\/types\/post"}],"author":[{"embeddable":true,"href":"https:\/\/blogs.hoy.es\/solitaencaceres\/wp-json\/wp\/v2\/users\/45"}],"replies":[{"embeddable":true,"href":"https:\/\/blogs.hoy.es\/solitaencaceres\/wp-json\/wp\/v2\/comments?post=1006"}],"version-history":[{"count":0,"href":"https:\/\/blogs.hoy.es\/solitaencaceres\/wp-json\/wp\/v2\/posts\/1006\/revisions"}],"wp:attachment":[{"href":"https:\/\/blogs.hoy.es\/solitaencaceres\/wp-json\/wp\/v2\/media?parent=1006"}],"wp:term":[{"taxonomy":"category","embeddable":true,"href":"https:\/\/blogs.hoy.es\/solitaencaceres\/wp-json\/wp\/v2\/categories?post=1006"},{"taxonomy":"post_tag","embeddable":true,"href":"https:\/\/blogs.hoy.es\/solitaencaceres\/wp-json\/wp\/v2\/tags?post=1006"}],"curies":[{"name":"wp","href":"https:\/\/api.w.org\/{rel}","templated":true}]}}