{"id":101,"date":"2012-07-10T08:01:26","date_gmt":"2012-07-10T08:01:26","guid":{"rendered":"http:\/\/blogs.hoy.es\/solitaencaceres\/?p=101"},"modified":"2012-07-10T08:01:26","modified_gmt":"2012-07-10T08:01:26","slug":"no-soy-una-lolita","status":"publish","type":"post","link":"https:\/\/blogs.hoy.es\/solitaencaceres\/2012\/07\/10\/no-soy-una-lolita\/","title":{"rendered":"\u00a1No soy una lolita!"},"content":{"rendered":"<p style=\"text-align: center;\"><a href=\"\/solitaencaceres\/wp-content\/uploads\/sites\/41\/2012\/07\/IMG-20120706-WA0003.jpg\"><img loading=\"lazy\" class=\"aligncenter size-full wp-image-102\" title=\"De rebajas en Menacho\" src=\"\/solitaencaceres\/wp-content\/uploads\/sites\/41\/2012\/07\/IMG-20120706-WA0003.jpg\" alt=\"\" width=\"542\" height=\"720\" srcset=\"https:\/\/static-blogs.hoy.es\/wp-content\/uploads\/sites\/41\/2012\/07\/IMG-20120706-WA0003.jpg 602w, https:\/\/static-blogs.hoy.es\/wp-content\/uploads\/sites\/41\/2012\/07\/IMG-20120706-WA0003-226x300.jpg 226w\" sizes=\"(max-width: 542px) 100vw, 542px\" \/><\/a><\/p>\n<p>El viernes, tras terminar un entrevista, <a href=\"http:\/\/www.hoy.es\/v\/20120131\/caceres\/alonso-torre-20120131.html\" target=\"_blank\">Alonso de la Torre<\/a> y yo <strong>fuimos<a href=\"http:\/\/www.hoy.es\/v\/20120630\/badajoz\/comercio-inicia-rebajas-manana-20120630.html\" target=\"_blank\"> de rebajas a Menacho<\/a><\/strong>. Despu\u00e9s de haberlo<a href=\"https:\/\/blogs.hoy.es\/solitaencaceres\/2012\/05\/23\/modernizando-a-alonso-de-la-torre\/\" target=\"_blank\"> modernizado<\/a> para el invierno, ahora tocaba el verano. Era un d\u00eda muy tranquilo, promet\u00eda ser cansado, pero divertido.<\/p>\n<p><strong>Estreso a Alonso con mucha facilidad<\/strong>. Cuando llega la hora de comer, ya sabe que <strong>si no es wok, burguer o pizzer\u00eda, hay bronca.<\/strong> \u00c9l es m\u00e1s de platos de cuchara, y yo creo que solo la cojo a la hora de<strong> comer el postre<\/strong>. Dice que solo como <strong>guarrer\u00edas<\/strong>. El viernes tuvo la gran idea de coger <strong>un men\u00fa en el <a href=\"http:\/\/oferplan.hoy.es\/\" target=\"_blank\">Oferpl\u00e1n del Hoy<\/a>\u00a0<\/strong>\u00a0para no discutir. Era perfecto: <strong>dos salmorejos<\/strong>, que se los tomar\u00eda \u00e9l; <strong>una raci\u00f3n de croquetas<\/strong>, que dividir\u00edamos dependiendo de cu\u00e1l fuera su relleno; y<strong> arroz negro<\/strong> para dos personas, que es <strong>de los pocos &#8220;platos de cuchara&#8221; que me gustan.<\/strong> As\u00ed, por primera vez comer\u00edamos a gusto ambos.<\/p>\n<p>El <a href=\"http:\/\/oferplan.hoy.es\/\" target=\"_blank\">Oferpl\u00e1n<\/a> ten\u00eda buena pinta, hasta que a Alonso le dio por ver<strong> las condiciones de uso<\/strong>. Desde que me conoce, <strong>don perfectito comete m\u00e1s errores<\/strong> y a m\u00ed, que salga su parte humana me gusta. Mientras que \u00e9l se frustraba al ver que solo pod\u00eda usarse de<strong> lunes a jueves<\/strong>, yo le dec\u00eda:<strong> \u00a1Qu\u00e9 guay, as\u00ed podemos venir un d\u00eda entre semana!<\/strong> y su histeria aumentaba. A m\u00ed, al principio, me asustaba un poco su meticulosidad perfeccionista. Cuando empezamos a grabar entrevistas, <strong>yo ve\u00eda tanta grabadora y tanto control<\/strong>, mir\u00e1ndolas a cada rato, que me pon\u00eda nerviosa. Y cuando alguna fallaba, se le notaba inc\u00f3modo.<\/p>\n<p>Alonso nunca se da por vencido. Recuerdo una entrevista que \u00edbamos a hacer a un portugu\u00e9s que<strong> hab\u00eda vendido caf\u00e9 de contrabando<\/strong>. La noche antes del d\u00eda que hab\u00edamos quedado con \u00e9l, <strong>llam\u00f3 diciendo que hab\u00eda fallecido una sobrina<\/strong> en un accidente de coche y que <strong>aplaz\u00e1bamos la fecha de la entrevista<\/strong> a la semana siguiente, <strong>que \u00e9l nos avisaba<\/strong>. Tras no dar se\u00f1ales de vida,<strong> Alonso decidi\u00f3 llamarlo<\/strong>. Han pasado<strong> casi dos a\u00f1os<\/strong> de aquello y todav\u00eda de vez en cuando prueba y <strong>llama al portugu\u00e9s a ver si tiene suerte<\/strong>, a estas alturas m\u00e1s que nada por curiosidad. Pues el viernes Alonso tampoco se dio por vencido con el <a href=\"http:\/\/oferplan.hoy.es\/\" target=\"_blank\">Oferpl\u00e1n<\/a>.<\/p>\n<p>A m\u00ed me da mucho corte entrar en los sitios y preguntar,<strong> no tengo cara<\/strong>. Es m\u00e1s, en un par de ocasiones,<strong> comiendo pechuga de pollo<\/strong>, <strong>no estaban en buenas condiciones y solo por no quejarme porque me daba corte, me los estaba comiendo.<\/strong> Alonso se dio cuenta por el horroroso olor que desprend\u00edan y me los quit\u00f3 del plato. Como sab\u00eda que yo lo pasaba mal en esas situaciones,<strong> no reclamamos<\/strong>. Ahora, siempre que hay pechuga de pollo en el men\u00fa, por rid\u00edculo que parezca,<strong> preguntamos que si est\u00e1 buena o est\u00e1 podrida.<\/strong><\/p>\n<p>Como dec\u00eda, el viernes Alonso decidi\u00f3 intentar<strong> comer su men\u00fa de<a href=\"http:\/\/oferplan.hoy.es\/\" target=\"_blank\"> Oferpl\u00e1n<\/a> como fuera.<\/strong> Yo, mientras \u00e9l entraba en el <a href=\"http:\/\/oferplan.hoy.es\/plan-oferta\/extremadura\/menu_para_2_en_lo_nuestro\/263\" target=\"_blank\">restaurante<\/a>,<strong> me qued\u00e9 esperando en la calle.<\/strong> <strong>S\u00ed, por verg\u00fcenza<\/strong>. Era en la <a href=\"http:\/\/www.hoy.es\/v\/20110918\/badajoz\/alfereces-apuntan-tapeo-20110918.html\" target=\"_blank\">plaza Alf\u00e9reces Provisionales de Badajoz<\/a>, las terrazas estaban llenas de gente fina y<strong> la situaci\u00f3n ten\u00eda encantada a los espectadores<\/strong>, que giraban sus cabezas en la terraza para mirar aquel curioso espect\u00e1culo. Yo estaba muy tranquila, porque estoy acostumbrada a esperar fuera mientras <strong>Alonso mira si me gusta algo del men\u00fa<\/strong>. Pero la gente miraba con morbo y la verdad es que, visto desde fuera, parec\u00eda una cosa rara:<strong> un se\u00f1or mayor con una chica jovencita, que se quedaba esperando una se\u00f1al en la puerta<\/strong>. Lo mejor de todo,\u00a0por cruel que sea, era ver las miradas que pon\u00edan ellas de<strong> \u00a1qu\u00e9 lolita!<\/strong> y las que pon\u00edan ellos de cierta envidia.<\/p>\n<p>Tras salirme con la m\u00eda, y tener que ir otro d\u00eda,<strong> de lunes a jueves<\/strong>, a comer, fuimos a otro restaurante donde <strong>com\u00ed pechuga de pollo<\/strong>, muy buena por cierto, <strong>y despu\u00e9s a <a href=\"http:\/\/www.hoy.es\/videos\/noticias-de-extremadura\/extremadura\/1344281034001-caceres-insolita-zara-chochos-mostachos.html\" target=\"_blank\">comprar a Menacho<\/a>.<\/strong><\/p>\n<div id=\"attachment_103\" style=\"width: 552px\" class=\"wp-caption aligncenter\"><a href=\"\/solitaencaceres\/wp-content\/uploads\/sites\/41\/2012\/07\/IMG-20120706-WA0004-1.jpg\"><img aria-describedby=\"caption-attachment-103\" loading=\"lazy\" class=\"size-full wp-image-103 \" title=\"Alonso de la Torre en los probadores\" src=\"\/solitaencaceres\/wp-content\/uploads\/sites\/41\/2012\/07\/IMG-20120706-WA0004-1.jpg\" alt=\"Alonso de la Torre en los probadores\" width=\"542\" height=\"720\" srcset=\"https:\/\/static-blogs.hoy.es\/wp-content\/uploads\/sites\/41\/2012\/07\/IMG-20120706-WA0004-1.jpg 602w, https:\/\/static-blogs.hoy.es\/wp-content\/uploads\/sites\/41\/2012\/07\/IMG-20120706-WA0004-1-226x300.jpg 226w\" sizes=\"(max-width: 542px) 100vw, 542px\" \/><\/a><p id=\"caption-attachment-103\" class=\"wp-caption-text\">Alonso de la Torre en los probadores<\/p><\/div>\n<p><strong>Alonso es un experto en <a href=\"http:\/\/www.bershka.com\/\" target=\"_blank\">Bershka<\/a> y <a href=\"http:\/\/www.stradivarius.com\/\" target=\"_blank\">Stradivarius<\/a><\/strong>. Al principio, cuando lo convenc\u00eda para que me acompa\u00f1ara,<strong> se quedaba cerca de la puerta.<\/strong> Poco a poco fue descubriendo que en algunas tiendas <strong>hab\u00eda sillones y se sentaba a esperarme<\/strong>,<strong> siempre mirando al suelo o al m\u00f3vil,<\/strong> para, como dec\u00eda \u00e9l tanto,<strong> no parecer un voyeur.<\/strong><\/p>\n<p>Yo me lo paso muy bien acompa\u00f1ada por \u00e9l, hasta me olvido de la ropa. <strong>Me encanta provocarlo<\/strong>. Que nadie piense mal. Me refiero a que <strong>a veces le digo que me traiga otra talla o color al vestuario para ver lo nervioso que se pone<\/strong>, no por m\u00ed, sino porque al pasar empieza a ver <strong>chicas en ropa interior y entra mirando al suelo, nervioso y sale corriendo.<\/strong><\/p>\n<div id=\"attachment_104\" style=\"width: 650px\" class=\"wp-caption aligncenter\"><a href=\"\/solitaencaceres\/wp-content\/uploads\/sites\/41\/2012\/07\/IMG-20120706-WA0007.jpg\"><img aria-describedby=\"caption-attachment-104\" loading=\"lazy\" class=\"size-full wp-image-104 \" title=\"Alonso de la Torre observa ropa en Bershka\" src=\"\/solitaencaceres\/wp-content\/uploads\/sites\/41\/2012\/07\/IMG-20120706-WA0007.jpg\" alt=\"Alonso de la Torre observa ropa en Bershka\" width=\"640\" height=\"482\" srcset=\"https:\/\/static-blogs.hoy.es\/wp-content\/uploads\/sites\/41\/2012\/07\/IMG-20120706-WA0007.jpg 800w, https:\/\/static-blogs.hoy.es\/wp-content\/uploads\/sites\/41\/2012\/07\/IMG-20120706-WA0007-300x226.jpg 300w, https:\/\/static-blogs.hoy.es\/wp-content\/uploads\/sites\/41\/2012\/07\/IMG-20120706-WA0007-768x578.jpg 768w\" sizes=\"(max-width: 640px) 100vw, 640px\" \/><\/a><p id=\"caption-attachment-104\" class=\"wp-caption-text\">Alonso de la Torre observa ropa en Bershka<\/p><\/div>\n<p>Me hace gracia eso de que la gente crea que <strong>soy una lolita por lo que escribo en este<a href=\"https:\/\/blogs.hoy.es\/solitaencaceres\/\" target=\"_blank\"> blog<\/a><\/strong>, principalmente porque en cuanto est\u00e1n <strong>cinco minutos conmigo<\/strong> se dan cuenta de que soy todo lo contrario. Mi timidez e inseguridad llegan hasta el punto de que <strong>cuando me siento d\u00e9bil, hago pesas para sentirme fuerte y protegida<\/strong>. No me gustan los<strong> prejuicios<\/strong>. A las \u00fanicas personas que dejo que me llamen Lolita conoci\u00e9ndome, es a <strong>las vecinas mayores de mi barrio<\/strong>, que me confunden a veces con mi madre:<strong> Loli.<\/strong><\/p>\n<!-- AddThis Advanced Settings generic via filter on the_content --><!-- AddThis Share Buttons generic via filter on the_content -->","protected":false},"excerpt":{"rendered":"<p>El viernes, tras terminar un entrevista, Alonso de la Torre y yo fuimos de rebajas a Menacho. Despu\u00e9s de haberlo modernizado para el invierno, ahora tocaba el verano. Era un d\u00eda muy tranquilo, promet\u00eda ser cansado, pero divertido. Estreso a Alonso con mucha facilidad. Cuando llega la hora de comer, ya sabe que si no [&hellip;]<!-- AddThis Advanced Settings generic via filter on get_the_excerpt --><!-- AddThis Share Buttons generic via filter on get_the_excerpt --><\/p>\n","protected":false},"author":45,"featured_media":0,"comment_status":"open","ping_status":"closed","sticky":false,"template":"","format":"standard","meta":[],"categories":[3],"tags":[174,299,444,477,554,592,832,1007,1453,1519,1886,1937,1966,2432,2615,2763,2952,3256,3275,3280,3336,3347,3485,3506,3634,3676,3748,3861,4288,4316,4339],"_links":{"self":[{"href":"https:\/\/blogs.hoy.es\/solitaencaceres\/wp-json\/wp\/v2\/posts\/101"}],"collection":[{"href":"https:\/\/blogs.hoy.es\/solitaencaceres\/wp-json\/wp\/v2\/posts"}],"about":[{"href":"https:\/\/blogs.hoy.es\/solitaencaceres\/wp-json\/wp\/v2\/types\/post"}],"author":[{"embeddable":true,"href":"https:\/\/blogs.hoy.es\/solitaencaceres\/wp-json\/wp\/v2\/users\/45"}],"replies":[{"embeddable":true,"href":"https:\/\/blogs.hoy.es\/solitaencaceres\/wp-json\/wp\/v2\/comments?post=101"}],"version-history":[{"count":0,"href":"https:\/\/blogs.hoy.es\/solitaencaceres\/wp-json\/wp\/v2\/posts\/101\/revisions"}],"wp:attachment":[{"href":"https:\/\/blogs.hoy.es\/solitaencaceres\/wp-json\/wp\/v2\/media?parent=101"}],"wp:term":[{"taxonomy":"category","embeddable":true,"href":"https:\/\/blogs.hoy.es\/solitaencaceres\/wp-json\/wp\/v2\/categories?post=101"},{"taxonomy":"post_tag","embeddable":true,"href":"https:\/\/blogs.hoy.es\/solitaencaceres\/wp-json\/wp\/v2\/tags?post=101"}],"curies":[{"name":"wp","href":"https:\/\/api.w.org\/{rel}","templated":true}]}}