{"id":1028,"date":"2014-12-10T09:00:40","date_gmt":"2014-12-10T09:00:40","guid":{"rendered":"http:\/\/blogs.hoy.es\/solitaencaceres\/?p=1028"},"modified":"2014-12-10T09:00:40","modified_gmt":"2014-12-10T09:00:40","slug":"mi-carta-a-monago-desde-roma","status":"publish","type":"post","link":"https:\/\/blogs.hoy.es\/solitaencaceres\/2014\/12\/10\/mi-carta-a-monago-desde-roma\/","title":{"rendered":"Mi carta a Monago desde Roma"},"content":{"rendered":"<p style=\"text-align: center;\"><a href=\"\/solitaencaceres\/wp-content\/uploads\/sites\/41\/2014\/12\/Monago.jpg\"><img loading=\"lazy\" class=\"aligncenter  wp-image-1029\" title=\"Monago\" src=\"\/solitaencaceres\/wp-content\/uploads\/sites\/41\/2014\/12\/Monago.jpg\" alt=\"\" width=\"322\" height=\"181\" srcset=\"https:\/\/static-blogs.hoy.es\/wp-content\/uploads\/sites\/41\/2014\/12\/Monago.jpg 575w, https:\/\/static-blogs.hoy.es\/wp-content\/uploads\/sites\/41\/2014\/12\/Monago-300x169.jpg 300w\" sizes=\"(max-width: 322px) 100vw, 322px\" \/><\/a><\/p>\n<p>En unos d\u00edas vuelvo a casa por Navidad, como el turr\u00f3n, aunque cargada de panetones, que son m\u00e1s t\u00edpicos de aqu\u00ed. Sin embargo, desde que me vine en septiembre a Roma,<strong> todas las noticias que leo de Extremadura, sobre todo en cuanto a pol\u00edtica, dejan mucho que desear, por no decir que dan verg\u00fcenza,<\/strong> a pesar de que aqu\u00ed a los extreme\u00f1os se nos asocia con los andaluces y para situar a la gente en el mapa tengo que explicar que estamos al oeste, entre Madrid y Lisboa, aunque sin Ave.<\/p>\n<p>Cuando llegu\u00e9 aqu\u00ed, comenc\u00e9 a leer La Repubblica, pero desde que sali\u00f3 a la luz<strong> el tema de Monago y sus viajes a Canarias<\/strong>, no he vuelto a coger prensa italiana, est\u00e1n mucho m\u00e1s interesantes los medios espa\u00f1oles. \u00bfQu\u00e9 inter\u00e9s tiene la Camorra napolitana comparada con<strong> las versiones en forma de mon\u00f3logo del presidente extreme\u00f1o intentando explicar lo inexplicable y haci\u00e9ndonos ver lo tontos que somos y, a la vez, part\u00edcipes de sus juegos con eso de que si le atacan a \u00e9l, nos atacan a todos los extreme\u00f1os?<\/strong><\/p>\n<p>El presidente Monago me hace mucha gracia, sobre todo por ese car\u00e1cter suyo de <strong>morir matando<\/strong>. Es como esos caballos que <strong>salen a galope con los ojos vendados, sin ver qu\u00e9 pueden llevarse por delante<\/strong>, dej\u00e1ndose guiar por ese mueve hilos de Iv\u00e1n Redondo, a modo de jinete, que en este caso, creo que se est\u00e1 metiendo en un callej\u00f3n sin salida o en un pozo sin fondo.<\/p>\n<p>Hace unos meses, hice en la universidad un trabajo comparando <strong>las salidas de tono de Ibarra con las salidas de tono de Monago, para llegar a la conclusi\u00f3n de que este \u00faltimo era una copia barata<\/strong>, que intentaba acercarse al primero, pero forzando mucho la m\u00e1quina, como se puede recordar con aquello de: <strong>\u201cAntes de hacer recortes sociales me corto un dedo\u201d.<\/strong><\/p>\n<p>Pero una persona cabezona, testaruda, y eso lo dice una que en ese sentido es igual, no se plantea en ning\u00fan momento<strong> presentarse a una moci\u00f3n de confianza ante el parlamento extreme\u00f1o,<\/strong> y menos si se le pide. A una persona con este car\u00e1cter hay que decirle:<strong> \u201cEs que no tienes huevos\u201d<\/strong>, que es la forma de que reaccione (reaccionemos).<\/p>\n<p>Sin embargo,<strong> tras su cuarta, quinta, o la versi\u00f3n que sea<\/strong>, porque ni los medios saben ya cu\u00e1ntas van de sus viajes a Canarias, ha quedado claro que a lo que iba era a hacer eso que yo llamo <strong>\u201cpol\u00edtica afectiva\u201d<\/strong> (ya que llamarlo por su nombre verdadero es atacar a su familia), que <strong>deber\u00eda pag\u00e1rselo en todo caso su partido y no el dinero p\u00fablico.<\/strong> Y como le ha fallado, para desviar la atenci\u00f3n, lo de la venta de la casa del Presidente, que solo puede tener uso p\u00fablico y no privado, ahora nos sale con q<strong>ue Woody Allen viene a dar un concierto en Navidades.<\/strong> Y pretender\u00e1 que le aplaudamos. Si todav\u00eda fuera a rodar un <strong>Midnight in Par\u00eds, o un A Roma con amor, en plan versi\u00f3n extreme\u00f1a,<\/strong> cr\u00e9anme que s\u00ed que le ovacionar\u00eda.<\/p>\n<p>A todo esto, se\u00f1or Monago, finalizo diciendo que <strong>yo tampoco tengo parab\u00f3lica<\/strong> y que, no por eso, <strong>cuando termine mi beca Erasmus, pagada con fondos p\u00fablicos, no tendr\u00e9 que presentar unos cuantos, demasiados, papeles acreditando el aprovechamiento de ese dinero.<\/strong> De hecho, si no supero el 30% de los cr\u00e9ditos, <strong>debo devolver el importe total de la beca.<\/strong> \u00bfUsted cu\u00e1ntos papeles dice que ha presentado? <strong>Oye, por si se diera el caso.<\/strong><\/p>\n<!-- AddThis Advanced Settings generic via filter on the_content --><!-- AddThis Share Buttons generic via filter on the_content -->","protected":false},"excerpt":{"rendered":"<p>En unos d\u00edas vuelvo a casa por Navidad, como el turr\u00f3n, aunque cargada de panetones, que son m\u00e1s t\u00edpicos de aqu\u00ed. Sin embargo, desde que me vine en septiembre a Roma, todas las noticias que leo de Extremadura, sobre todo en cuanto a pol\u00edtica, dejan mucho que desear, por no decir que dan verg\u00fcenza, a [&hellip;]<!-- AddThis Advanced Settings generic via filter on get_the_excerpt --><!-- AddThis Share Buttons generic via filter on get_the_excerpt --><\/p>\n","protected":false},"author":45,"featured_media":0,"comment_status":"open","ping_status":"closed","sticky":false,"template":"","format":"standard","meta":[],"categories":[3],"tags":[57,433,676,744,1256,1465,1622,2680,2727,2740,2845,3055,3312,3373,3625,4266,4340],"_links":{"self":[{"href":"https:\/\/blogs.hoy.es\/solitaencaceres\/wp-json\/wp\/v2\/posts\/1028"}],"collection":[{"href":"https:\/\/blogs.hoy.es\/solitaencaceres\/wp-json\/wp\/v2\/posts"}],"about":[{"href":"https:\/\/blogs.hoy.es\/solitaencaceres\/wp-json\/wp\/v2\/types\/post"}],"author":[{"embeddable":true,"href":"https:\/\/blogs.hoy.es\/solitaencaceres\/wp-json\/wp\/v2\/users\/45"}],"replies":[{"embeddable":true,"href":"https:\/\/blogs.hoy.es\/solitaencaceres\/wp-json\/wp\/v2\/comments?post=1028"}],"version-history":[{"count":0,"href":"https:\/\/blogs.hoy.es\/solitaencaceres\/wp-json\/wp\/v2\/posts\/1028\/revisions"}],"wp:attachment":[{"href":"https:\/\/blogs.hoy.es\/solitaencaceres\/wp-json\/wp\/v2\/media?parent=1028"}],"wp:term":[{"taxonomy":"category","embeddable":true,"href":"https:\/\/blogs.hoy.es\/solitaencaceres\/wp-json\/wp\/v2\/categories?post=1028"},{"taxonomy":"post_tag","embeddable":true,"href":"https:\/\/blogs.hoy.es\/solitaencaceres\/wp-json\/wp\/v2\/tags?post=1028"}],"curies":[{"name":"wp","href":"https:\/\/api.w.org\/{rel}","templated":true}]}}