{"id":1038,"date":"2015-03-30T09:30:34","date_gmt":"2015-03-30T09:30:34","guid":{"rendered":"http:\/\/blogs.hoy.es\/solitaencaceres\/?p=1038"},"modified":"2015-03-30T09:30:34","modified_gmt":"2015-03-30T09:30:34","slug":"mi-manca-litalia","status":"publish","type":"post","link":"https:\/\/blogs.hoy.es\/solitaencaceres\/2015\/03\/30\/mi-manca-litalia\/","title":{"rendered":"Mi manca l\u2019Italia"},"content":{"rendered":"<p style=\"text-align: center;\"><a href=\"\/solitaencaceres\/wp-content\/uploads\/sites\/41\/2015\/03\/IMG_20150202_120321.jpg\"><img loading=\"lazy\" class=\"aligncenter  wp-image-1039\" title=\"Junto al Coliseum\" src=\"\/solitaencaceres\/wp-content\/uploads\/sites\/41\/2015\/03\/IMG_20150202_120321.jpg\" alt=\"\" width=\"538\" height=\"302\" srcset=\"https:\/\/static-blogs.hoy.es\/wp-content\/uploads\/sites\/41\/2015\/03\/IMG_20150202_120321.jpg 1280w, https:\/\/static-blogs.hoy.es\/wp-content\/uploads\/sites\/41\/2015\/03\/IMG_20150202_120321-300x169.jpg 300w, https:\/\/static-blogs.hoy.es\/wp-content\/uploads\/sites\/41\/2015\/03\/IMG_20150202_120321-768x432.jpg 768w, https:\/\/static-blogs.hoy.es\/wp-content\/uploads\/sites\/41\/2015\/03\/IMG_20150202_120321-1024x576.jpg 1024w\" sizes=\"(max-width: 538px) 100vw, 538px\" \/><\/a><\/p>\n<p>Echo de menos saludar dando <strong>dos besos comenzando por la izquierda<\/strong>, direcci\u00f3n tambi\u00e9n por la que extra\u00f1o abrir las puertas del portal y la casa en que viv\u00eda. \u2018Mi manca\u2019, que, aunque suene raro, viene a decir en italiano \u2018echo en falta\u2019, <strong>beber caf\u00e9s expresos del tama\u00f1o de una u\u00f1a<\/strong> pero que te pegaban un chute que te espabilaban en un verbo. A\u00f1oro tambi\u00e9n ir paseando por la calle y que no hubiese d\u00eda que<strong> un buen mozo no me invitase a uno r\u00e1pido (a caf\u00e9, me sigo refiriendo), en la mayor\u00eda de los casos para intentar ligar conmigo.<\/strong> Ya me hab\u00eda hasta creado una especie de broma para parecer simp\u00e1tica en los casos en los que me apetec\u00eda serlo. Cuando <strong>me dec\u00edan: \u201cSei carina\u201d, yo respond\u00eda: \u201cNo, soy Carolina\u201d. Ambos re\u00edamos.<\/strong><\/p>\n<p>Voy al supermercado y la zona de quesos se me queda peque\u00f1a. Echo de menos<strong> los grandes cubos de 500 gramos de mozzarella de b\u00fafala<\/strong> tanto como en Roma extra\u00f1aba<strong> no encontrar Aquarius por ninguna estanter\u00eda<\/strong> cuando me encontraba mal del est\u00f3mago, que ya les digo que si van alg\u00fan d\u00eda, no lo busquen porque all\u00ed no existe ni he visto bebida parecida. Y c\u00f3mo no, mis labios extra\u00f1an <strong>aquella sonrisa tontorrona que me sal\u00eda cada vez que ve\u00eda las magdalenas a la venta, en los supermercados, metidas en tupperware<\/strong>, cosa que me alucinaba, al igual que <strong>las lentejas en paquetes como de lujo para Nochevieja<\/strong>, que es la tradici\u00f3n que tienen ellos en lugar de nuestras uvas. De los pasillos dedicados a pasta, mejor ni hablamos\u2026 y de los horarios de comer, tampoco, porque eso s\u00ed que no lo extra\u00f1o. <strong>Comer a las 13h y cenar a las 19.30-20h como el \u2018telegiornale\u2019 marcaba, me superaba.<\/strong> Tambi\u00e9n es cierto que all\u00ed en invierno a las 17h ya era completamente de noche y no se ve\u00eda.<\/p>\n<p>Echo de menos <strong>colarme en el bus d\u00eda s\u00ed y d\u00eda tambi\u00e9n<\/strong>, incluso los nervios que ten\u00eda cada vez que pensaba que pod\u00eda entrar un revisor. Mi \u00faltimo d\u00eda en Roma, yendo a la Galler\u00eda Borghese, <strong>me pill\u00f3 una revisora, me retuvo con sus grandes brazos para que no me escapase y me denunci\u00f3.<\/strong> A\u00fan conservo la nota que me dio como un gran recuerdo de mi fin de Erasmus. Por supuesto, no la pagu\u00e9 ni pienso hacerlo. Y siguiendo con el transporte,<strong> echo de menos jugarme la vida cada vez que cruzaba mi calle<\/strong>, con muchos pasos de peatones, pero sin sem\u00e1foros. Un d\u00eda presenci\u00e9 c\u00f3mo un mini azul de dos plazas se llevaba por delante una vespa y su conductor terminaba en el suelo sin poder mover las piernas.<\/p>\n<p><strong>Extra\u00f1o los mercadillos en las calles todos los d\u00edas<\/strong>, a los vendedores de <strong>palos para selfies<\/strong> delante de cada monumento, a los de <strong>pa\u00f1uelos para taparse el escote en el vaticano<\/strong>, y por supuesto, <strong>a los de paraguas los d\u00edas de lluvia<\/strong>. A\u00fan no entiendo c\u00f3mo he llegado a Extremadura <strong>con los dos ojos sanos y salvos<\/strong>, si cada vez que sal\u00eda a pasear o a hacer fotos y llov\u00eda casi me rozaban con ellos la pupila para intentar vend\u00e9rmelos.<\/p>\n<p>Una de las cosas que a\u00fan no he asimilado de mi vuelta de Roma es <strong>no tener dos aeropuertos como ten\u00eda cerca.<\/strong> A\u00fan sigo obsesionada con los<strong> vuelos de Ryanair a 19.90\u20ac desde Fiumicino y desde Ciampino<\/strong> y en ratos de nostalgia, me pongo a buscar destinos y fechas, so\u00f1ando con poder realizar esos vuelos. Es curioso, <strong>pero por menos de lo que a una le cuesta ir de C\u00e1ceres a Madrid<\/strong>, desde Roma pod\u00edas irte a Atenas, Dubl\u00edn, Varsovia, Marsella, Fez, Bruselas, Colonia\u2026 y otros muchos destinos con los que he so\u00f1ado en mi cabeza.<\/p>\n<p>De las clases en la Sapienza, extra\u00f1o <strong>esa sensaci\u00f3n tan agradable de ser un caramelito para todos aquellos que estudian espa\u00f1ol en Italia.<\/strong> Me ped\u00edan que hablase en mi lengua y era el momento m\u00e1s relajante del d\u00eda, cuando la cabeza dejaba de dolerme de hacer esfuerzos por pensar continuamente en otro idioma. Tambi\u00e9n extra\u00f1o \u2018ser\u2019, como marcaba mi carnet, <strong>estudiante de Ciencias Pol\u00edticas<\/strong> y, en definitiva, <strong>una mota de polvo en un pa\u00eds donde la burocracia y el intentar que te solucionen problemas, como un error en la matr\u00edcula, es horrible, una aut\u00e9ntica odisea.<\/strong><\/p>\n<p>A\u00f1oro tambi\u00e9n<strong> los riqu\u00edsimos helados en invierno, los caramelos Perugina, los cornetos de pistacho y de nutella.<\/strong> Extra\u00f1o poder comprar<strong> pizza al \u2018taglio\u2019<\/strong> en cualquier esquina, pasear comi\u00e9ndomela por el centro, disfrutando <strong>del Coliseum, del Pante\u00f3n, de la Piazza Navona\u2026<\/strong> y de la playa, que la ten\u00eda bien cerca, aunque no acompa\u00f1ara el tiempo. Extra\u00f1o <strong>hasta las gaviotas<\/strong>, aunque sea un animal que simb\u00f3licamente no me guste, pero echo en falta <strong>su cara de mala leche<\/strong>, sus poses en las alturas y <strong>su manera de picotear las bolsas de basura a las ocho de la ma\u00f1ana en Venecia, cuando pasaba el barco a hacer la recogida.<\/strong><\/p>\n<p>En fin,<strong> extra\u00f1o, echo de menos, me faltan, \u2018mi mancano\u2019 tantas cosas<\/strong>, que despu\u00e9s de tantos meses habiendo sido parte de mi vida,<strong> ahora han dejado un gran vac\u00edo<\/strong>,<strong> que puede ser repuesto por lo que ya ten\u00eda aqu\u00ed, pero no sustituido.<\/strong><\/p>\n<!-- AddThis Advanced Settings generic via filter on the_content --><!-- AddThis Share Buttons generic via filter on the_content -->","protected":false},"excerpt":{"rendered":"<p>Echo de menos saludar dando dos besos comenzando por la izquierda, direcci\u00f3n tambi\u00e9n por la que extra\u00f1o abrir las puertas del portal y la casa en que viv\u00eda. \u2018Mi manca\u2019, que, aunque suene raro, viene a decir en italiano \u2018echo en falta\u2019, beber caf\u00e9s expresos del tama\u00f1o de una u\u00f1a pero que te pegaban un [&hellip;]<!-- AddThis Advanced Settings generic via filter on get_the_excerpt --><!-- AddThis Share Buttons generic via filter on get_the_excerpt --><\/p>\n","protected":false},"author":45,"featured_media":0,"comment_status":"open","ping_status":"closed","sticky":false,"template":"","format":"standard","meta":[],"categories":[3],"tags":[108,335,590,709,869,876,948,1055,1187,1465,1704,1840,1982,2159,2364,2631,2782,2936,3044,3206,3255,3588,3625,3650,3716,3740,3953,4227],"_links":{"self":[{"href":"https:\/\/blogs.hoy.es\/solitaencaceres\/wp-json\/wp\/v2\/posts\/1038"}],"collection":[{"href":"https:\/\/blogs.hoy.es\/solitaencaceres\/wp-json\/wp\/v2\/posts"}],"about":[{"href":"https:\/\/blogs.hoy.es\/solitaencaceres\/wp-json\/wp\/v2\/types\/post"}],"author":[{"embeddable":true,"href":"https:\/\/blogs.hoy.es\/solitaencaceres\/wp-json\/wp\/v2\/users\/45"}],"replies":[{"embeddable":true,"href":"https:\/\/blogs.hoy.es\/solitaencaceres\/wp-json\/wp\/v2\/comments?post=1038"}],"version-history":[{"count":0,"href":"https:\/\/blogs.hoy.es\/solitaencaceres\/wp-json\/wp\/v2\/posts\/1038\/revisions"}],"wp:attachment":[{"href":"https:\/\/blogs.hoy.es\/solitaencaceres\/wp-json\/wp\/v2\/media?parent=1038"}],"wp:term":[{"taxonomy":"category","embeddable":true,"href":"https:\/\/blogs.hoy.es\/solitaencaceres\/wp-json\/wp\/v2\/categories?post=1038"},{"taxonomy":"post_tag","embeddable":true,"href":"https:\/\/blogs.hoy.es\/solitaencaceres\/wp-json\/wp\/v2\/tags?post=1038"}],"curies":[{"name":"wp","href":"https:\/\/api.w.org\/{rel}","templated":true}]}}