{"id":1041,"date":"2015-02-05T12:40:56","date_gmt":"2015-02-05T12:40:56","guid":{"rendered":"http:\/\/blogs.hoy.es\/solitaencaceres\/?p=1035"},"modified":"2015-02-05T12:40:56","modified_gmt":"2015-02-05T12:40:56","slug":"vivir-de-okupa","status":"publish","type":"post","link":"https:\/\/blogs.hoy.es\/solitaencaceres\/2015\/02\/05\/vivir-de-okupa\/","title":{"rendered":"Vivir de okupa"},"content":{"rendered":"<p style=\"text-align: center;\"><a href=\"\/solitaencaceres\/wp-content\/uploads\/sites\/41\/2015\/02\/vivir-de-ocupa.jpg\"><img loading=\"lazy\" class=\"aligncenter  wp-image-1036\" title=\"Vivir de okupa\" src=\"\/solitaencaceres\/wp-content\/uploads\/sites\/41\/2015\/02\/vivir-de-ocupa.jpg\" alt=\"\" width=\"252\" height=\"174\" srcset=\"https:\/\/static-blogs.hoy.es\/wp-content\/uploads\/sites\/41\/2015\/02\/vivir-de-ocupa.jpg 360w, https:\/\/static-blogs.hoy.es\/wp-content\/uploads\/sites\/41\/2015\/02\/vivir-de-ocupa-300x208.jpg 300w\" sizes=\"(max-width: 252px) 100vw, 252px\" \/><\/a><\/p>\n<p>Hace un par de d\u00edas, <strong>estando en la cama empastillada por una alergia que me tiene debilitada en plenos ex\u00e1menes<\/strong>, son\u00f3 el timbre de la puerta. Me levant\u00e9 a abrir como buenamente pude, sin ser siquiera consciente de lo que estaba haciendo, y una de las personas que trabajan en la agencia que lleva el piso donde estoy de alquiler junto a otros chicos italianos,<strong> me dijo que ten\u00edamos que hacer las maletas e irnos en ese preciso momento.<\/strong><\/p>\n<p>Pero comienzo por el principio: cuando entr\u00e9 en el piso, uno de los chicos, que ya se fue hace meses y con el que hice muy buenas migas, me dijo que<strong> cuatro antiguos compa\u00f1eros suyos estaban en juicio con la agencia porque la fianza de 800 euros que se deposita al principio (equivalente a dos cuotas) no se la devolv\u00edan.<\/strong> Me aconsej\u00f3 que hiciese lo que estaba haciendo \u00e9l en ese preciso momento:<strong> no pagar los dos \u00faltimos meses de arrendamiento y as\u00ed no me enga\u00f1ar\u00edan.<\/strong> Este chico se fue el 5 de noviembre del a\u00f1o pasado y en<strong> el tiempo que estuvo sin pagar no tuvo ning\u00fan problema.<\/strong> Desde entonces, siempre que ha llegado alguien nuevo al apartamento hemos comentado esta pr\u00e1ctica.<\/p>\n<p>Aparte del piso en el que vivo, la agencia tiene dos m\u00e1s en el mismo bloque. El caso es que <strong>ahora en febrero han abandonado demasiadas personas entre los tres apartamentos<\/strong>, estando dos meses sin abonar el alquiler, y a m\u00ed y a otro chico italiano, que llev\u00e1bamos solo un mes sin hacerlo y nos quedaba otro por delante, nos ha tocado pagar los platos rotos. <strong>Nos han amenazado con cortarnos luz, agua y gas, y a otro compa\u00f1ero que est\u00e1 con nosotros van a trasladarlo a otro apartamento, porque como a\u00fan no se va, s\u00ed paga.<\/strong> Nos han dicho que van a cerrar el piso y que tenemos que irnos, que les importa una mierda si tenemos que dormir en la calle, cuando tenemos contrato hasta el 5 de marzo, y, qued\u00e1ndose con nuestra fianza de 800 euros del principio, ellos no perder\u00edan dinero.<\/p>\n<p>Desde hace dos d\u00edas, estamos buscando alternativas por si es cierto que nos cortan el suministro de energ\u00eda y agua y <strong>estamos haciendo turnos en casa para que nunca se quede sola, por que no puedan cambiarnos la cerradura.<\/strong> Estamos viviendo como okupas, saliendo a comprar a las ocho de la ma\u00f1ana provisiones, escribi\u00e9ndonos a cada rato por si surge cualquier inconveniente y<strong> con las maletas preparadas por lo que pueda pasar.<\/strong> Mi compa\u00f1ero est\u00e1 buscando la manera de vender su coche para poder pagar otro apartamento. No sabemos si intentan meternos miedo, pues <strong>tambi\u00e9n nos amenazan con querellas<\/strong>, o si es cierto que en el momento menos pensado <strong>vamos a quedarnos a oscuras, sin corriente, sin agua, tirando de abrigos y mantas, y comiendo fr\u00edo.<\/strong><\/p>\n<p>Lo que m\u00e1s pena me da es llevarme<strong> esta imagen final de mi estancia en Italia.<\/strong> En el fondo, por culpa de unos cuantos chorizos tenemos unos prejuicios terribles hacia los italianos. <strong>Creo que antes de lo previsto, en cuanto termine los ex\u00e1menes, estar\u00e9 de vuelta en Extremadura.<\/strong><\/p>\n<!-- AddThis Advanced Settings generic via filter on the_content --><!-- AddThis Share Buttons generic via filter on the_content -->","protected":false},"excerpt":{"rendered":"<p>Hace un par de d\u00edas, estando en la cama empastillada por una alergia que me tiene debilitada en plenos ex\u00e1menes, son\u00f3 el timbre de la puerta. Me levant\u00e9 a abrir como buenamente pude, sin ser siquiera consciente de lo que estaba haciendo, y una de las personas que trabajan en la agencia que lleva el [&hellip;]<!-- AddThis Advanced Settings generic via filter on get_the_excerpt --><!-- AddThis Share Buttons generic via filter on get_the_excerpt --><\/p>\n","protected":false},"author":45,"featured_media":0,"comment_status":"open","ping_status":"closed","sticky":false,"template":"","format":"standard","meta":[],"categories":[3],"tags":[50,112,120,177,249,812,981,1133,1622,1830,2159,2475,2505,2963,3241,3433,3474,3883,4305],"_links":{"self":[{"href":"https:\/\/blogs.hoy.es\/solitaencaceres\/wp-json\/wp\/v2\/posts\/1041"}],"collection":[{"href":"https:\/\/blogs.hoy.es\/solitaencaceres\/wp-json\/wp\/v2\/posts"}],"about":[{"href":"https:\/\/blogs.hoy.es\/solitaencaceres\/wp-json\/wp\/v2\/types\/post"}],"author":[{"embeddable":true,"href":"https:\/\/blogs.hoy.es\/solitaencaceres\/wp-json\/wp\/v2\/users\/45"}],"replies":[{"embeddable":true,"href":"https:\/\/blogs.hoy.es\/solitaencaceres\/wp-json\/wp\/v2\/comments?post=1041"}],"version-history":[{"count":0,"href":"https:\/\/blogs.hoy.es\/solitaencaceres\/wp-json\/wp\/v2\/posts\/1041\/revisions"}],"wp:attachment":[{"href":"https:\/\/blogs.hoy.es\/solitaencaceres\/wp-json\/wp\/v2\/media?parent=1041"}],"wp:term":[{"taxonomy":"category","embeddable":true,"href":"https:\/\/blogs.hoy.es\/solitaencaceres\/wp-json\/wp\/v2\/categories?post=1041"},{"taxonomy":"post_tag","embeddable":true,"href":"https:\/\/blogs.hoy.es\/solitaencaceres\/wp-json\/wp\/v2\/tags?post=1041"}],"curies":[{"name":"wp","href":"https:\/\/api.w.org\/{rel}","templated":true}]}}