{"id":115,"date":"2012-07-20T10:35:36","date_gmt":"2012-07-20T10:35:36","guid":{"rendered":"http:\/\/blogs.hoy.es\/solitaencaceres\/?p=115"},"modified":"2012-07-20T10:35:36","modified_gmt":"2012-07-20T10:35:36","slug":"contador-y-el-caballo","status":"publish","type":"post","link":"https:\/\/blogs.hoy.es\/solitaencaceres\/2012\/07\/20\/contador-y-el-caballo\/","title":{"rendered":"Contador y el caballo"},"content":{"rendered":"<p style=\"text-align: center;\"><a href=\"\/solitaencaceres\/wp-content\/uploads\/sites\/41\/2012\/07\/jkhij.png\"><img loading=\"lazy\" class=\"aligncenter  wp-image-116\" title=\"El caballo y el cowboy\" src=\"\/solitaencaceres\/wp-content\/uploads\/sites\/41\/2012\/07\/jkhij.png\" alt=\"\" width=\"640\" height=\"479\" srcset=\"https:\/\/static-blogs.hoy.es\/wp-content\/uploads\/sites\/41\/2012\/07\/jkhij.png 711w, https:\/\/static-blogs.hoy.es\/wp-content\/uploads\/sites\/41\/2012\/07\/jkhij-300x224.png 300w\" sizes=\"(max-width: 640px) 100vw, 640px\" \/><\/a><\/p>\n<p>Cuando iba de <strong>viaje a <a href=\"http:\/\/www.hoy.es\/v\/20100722\/badajoz\/arroyo-nueva-york-20100722.html\" target=\"_blank\">Nueva York<\/a> en avi\u00f3n<\/strong>, mi compa\u00f1ero de asiento,<strong> un se\u00f1or neoyorquino que viajaba desde <a href=\"http:\/\/es.wikipedia.org\/wiki\/Par%C3%ADs\" target=\"_blank\">Par\u00eds<\/a><\/strong>, donde hice trasbordo, me hizo m\u00e1s ameno el viaje. La conversaci\u00f3n comenz\u00f3 unas<strong> tres horas despu\u00e9s de haber compartido espacio<\/strong>, tras haber intentado dormir, leer, ver pel\u00edculas\u2026 Era la hora de comer y nos pusieron unas bandejas llenas de alimentos. Yo miraba los recipientes, intentaba saber qu\u00e9 ingredientes ten\u00edan y <strong>si habr\u00eda algo que me gustase<\/strong>. Mi compa\u00f1ero neoyorquino me miraba extra\u00f1ado, as\u00ed que me dign\u00e9 a preguntarle.<\/p>\n<p>A partir de aquel instante, <strong>comenzamos a charlar<\/strong>. Recuerdo que dej\u00e9 la bandeja de comida tal y como me la llevaron. Entre<strong> mi escaso<a href=\"http:\/\/www.hoy.es\/v\/20111007\/merida\/aprender-ingles-comiendo-20111007.html\" target=\"_blank\"> ingl\u00e9s<\/a><\/strong> y sus muchas ganas de entretenerse, conseguimos entablar una conversaci\u00f3n. Cuando le dije que era <strong>espa\u00f1ola<\/strong>, empez\u00f3 a hablarme de <strong><a href=\"http:\/\/www.hoy.es\/v\/20120227\/deportes\/ciclismo\/barcarrota-vuelca-alberto-contador-20120227.html\" target=\"_blank\">Alberto Contador<\/a><\/strong>. Sac\u00f3 el peri\u00f3dico que hab\u00eda estado leyendo y se puso a comentarme todo el <strong><a href=\"http:\/\/www.hoy.es\/agencias\/20120718\/deportes\/mas-deportes\/tour-declaraciones-protagonistas-decimosexta-etapa_201207181902.html\" target=\"_blank\">Tour de France<\/a>.<\/strong> El ciclismo no es de los deportes que m\u00e1s me entusiasman, pero vi que por ah\u00ed<strong> conseguir\u00eda practicar ingl\u00e9s<\/strong> y le segu\u00ed el rollo.<\/p>\n<p>Cuando viajo por Extremadura,<strong> si digo que soy de <a href=\"http:\/\/www.hoyarroyodelaluz.es\/\" target=\"_blank\">Arroyo<\/a><\/strong> me preguntan: <strong>\u00bf<a href=\"http:\/\/www.hoy.es\/20120429\/mas-actualidad\/sociedad\/infanta-elena-pasa-arroyo-201204292325.html\" target=\"_blank\">Arroyo de San Serv\u00e1n<\/a>?<\/strong> y yo digo: <strong><a href=\"http:\/\/www.hoyarroyodelaluz.es\/\" target=\"_blank\">de la Luz<\/a><\/strong>. A partir de ese momento, comienza una conversaci\u00f3n sobre <strong>caballos y <a href=\"http:\/\/www.hoy.es\/videos\/noticias-de-extremadura\/extremadura\/1559662001001-caceres-insolita-adrenalina-cabalga-arroyo.html\" target=\"_blank\">el d\u00eda de la Luz<\/a><\/strong>. A m\u00ed, al igual que el ciclismo,<strong> los caballos no me apasionan mucho.<\/strong><\/p>\n<p style=\"text-align: center;\"><a href=\"\/solitaencaceres\/wp-content\/uploads\/sites\/41\/2012\/07\/jh.png\"><img loading=\"lazy\" class=\"aligncenter  wp-image-117\" title=\"Cabalgando en Eljas\" src=\"\/solitaencaceres\/wp-content\/uploads\/sites\/41\/2012\/07\/jh.png\" alt=\"\" width=\"645\" height=\"485\" srcset=\"https:\/\/static-blogs.hoy.es\/wp-content\/uploads\/sites\/41\/2012\/07\/jh.png 717w, https:\/\/static-blogs.hoy.es\/wp-content\/uploads\/sites\/41\/2012\/07\/jh-300x226.png 300w\" sizes=\"(max-width: 645px) 100vw, 645px\" \/><\/a><\/p>\n<p>\u00a0Yo, de peque\u00f1a, era m\u00e1s de<strong> montar en el burro de mi abuelo<\/strong>. Me llevaban a la charca mientras el animal beb\u00eda, me sub\u00edan en su lomo y me dec\u00edan que apretara bien las piernas. Mis amigos, en cambio, <strong>so\u00f1aban con tener un caballo<\/strong>, con cabalgarlo velozmente como antes <strong>hab\u00edan hecho sus padres<\/strong>. Les ven\u00eda de tradici\u00f3n familiar.<\/p>\n<p>Mis padres me llevaban todos los domingos<strong> a una finca de<a href=\"http:\/\/www.hoy.es\/multimedia\/fotos\/regional\/46225-tesoro-aliseda-0.html\" target=\"_blank\"> Aliseda<\/a><\/strong> que ten\u00edan unos amigos y entre paellas, juegos de cartas, paseos y montar en un caballo que hab\u00eda all\u00ed, pas\u00e1bamos el d\u00eda<strong>. Yo nunca quer\u00eda montar, me daba miedo que me tirase al suelo.<\/strong> Mi padre a veces me cog\u00eda por la cintura, me sub\u00eda y me colocaba detr\u00e1s de un amigo que controlaba las riendas y me daba seguridad, pero yo ten\u00eda miedo y era reticente.<\/p>\n<p>Desde el \u00faltimo domingo que fui a aquella finca de Aliseda, hasta la entrevista que hicimos a principios de este a\u00f1o a <strong><a href=\"http:\/\/www.hoy.es\/v\/20120129\/regional\/quiero-alcalde-eljas-quiero-20120129.html\" target=\"_blank\">Jes\u00fas L\u00f3pez<\/a>, un cowboy de Eljas<\/strong>, creo que<strong> no hab\u00eda vuelto a montar a caballo<\/strong>. Tras hacerme beber en vasos de chupitos<strong> licor de caf\u00e9<\/strong>, algo a lo que me he sentido obligada en la mayor\u00eda de las entrevistas que hemos realizado por <strong>el <a href=\"http:\/\/www.hoy.es\/v\/20120311\/regional\/hablado-candidato-martin-trevejo-20120311.html\" target=\"_blank\">Valle del J\u00e1lama<\/a><\/strong>, cogi\u00f3 su<strong> caballo m\u00e1s d\u00f3cil, me coloc\u00f3 su sombrero<\/strong> y, sin dejarme oponerme,<strong> hizo que montara<\/strong>. Mientras Alonso de la Torre se mofaba de m\u00ed y me hac\u00eda fotos sin parar para <strong>ense\u00f1arle el logro a mis padres<\/strong>, me dio un paseo.<\/p>\n<p style=\"text-align: center;\"><a href=\"\/solitaencaceres\/wp-content\/uploads\/sites\/41\"><img loading=\"lazy\" class=\"aligncenter  wp-image-118\" title=\"Montando a caballo a\u00f1os despu\u00e9s\" src=\"\/solitaencaceres\/wp-content\/uploads\/sites\/41\" alt=\"\" width=\"644\" height=\"486\" \/><\/a><\/p>\n<!-- AddThis Advanced Settings generic via filter on the_content --><!-- AddThis Share Buttons generic via filter on the_content -->","protected":false},"excerpt":{"rendered":"<p>Cuando iba de viaje a Nueva York en avi\u00f3n, mi compa\u00f1ero de asiento, un se\u00f1or neoyorquino que viajaba desde Par\u00eds, donde hice trasbordo, me hizo m\u00e1s ameno el viaje. La conversaci\u00f3n comenz\u00f3 unas tres horas despu\u00e9s de haber compartido espacio, tras haber intentado dormir, leer, ver pel\u00edculas\u2026 Era la hora de comer y nos pusieron [&hellip;]<!-- AddThis Advanced Settings generic via filter on get_the_excerpt --><!-- AddThis Share Buttons generic via filter on get_the_excerpt --><\/p>\n","protected":false},"author":45,"featured_media":0,"comment_status":"open","ping_status":"closed","sticky":false,"template":"","format":"standard","meta":[],"categories":[3],"tags":[],"_links":{"self":[{"href":"https:\/\/blogs.hoy.es\/solitaencaceres\/wp-json\/wp\/v2\/posts\/115"}],"collection":[{"href":"https:\/\/blogs.hoy.es\/solitaencaceres\/wp-json\/wp\/v2\/posts"}],"about":[{"href":"https:\/\/blogs.hoy.es\/solitaencaceres\/wp-json\/wp\/v2\/types\/post"}],"author":[{"embeddable":true,"href":"https:\/\/blogs.hoy.es\/solitaencaceres\/wp-json\/wp\/v2\/users\/45"}],"replies":[{"embeddable":true,"href":"https:\/\/blogs.hoy.es\/solitaencaceres\/wp-json\/wp\/v2\/comments?post=115"}],"version-history":[{"count":0,"href":"https:\/\/blogs.hoy.es\/solitaencaceres\/wp-json\/wp\/v2\/posts\/115\/revisions"}],"wp:attachment":[{"href":"https:\/\/blogs.hoy.es\/solitaencaceres\/wp-json\/wp\/v2\/media?parent=115"}],"wp:term":[{"taxonomy":"category","embeddable":true,"href":"https:\/\/blogs.hoy.es\/solitaencaceres\/wp-json\/wp\/v2\/categories?post=115"},{"taxonomy":"post_tag","embeddable":true,"href":"https:\/\/blogs.hoy.es\/solitaencaceres\/wp-json\/wp\/v2\/tags?post=115"}],"curies":[{"name":"wp","href":"https:\/\/api.w.org\/{rel}","templated":true}]}}