{"id":120,"date":"2012-08-06T23:57:00","date_gmt":"2012-08-06T23:57:00","guid":{"rendered":"http:\/\/blogs.hoy.es\/solitaencaceres\/?p=120"},"modified":"2012-08-06T23:57:00","modified_gmt":"2012-08-06T23:57:00","slug":"lo-que-pasa-en-paris-se-queda-en-paris","status":"publish","type":"post","link":"https:\/\/blogs.hoy.es\/solitaencaceres\/2012\/08\/06\/lo-que-pasa-en-paris-se-queda-en-paris\/","title":{"rendered":"Lo que pasa en Par\u00eds, se queda en Par\u00eds"},"content":{"rendered":"<div id=\"attachment_125\" style=\"width: 610px\" class=\"wp-caption aligncenter\"><a href=\"\/solitaencaceres\/wp-content\/uploads\/sites\/41\/2012\/08\/Par\u00eds.jpg\"><img aria-describedby=\"caption-attachment-125\" loading=\"lazy\" class=\"size-full wp-image-125\" title=\"Viaje a Par\u00eds.\" src=\"\/solitaencaceres\/wp-content\/uploads\/sites\/41\/2012\/08\/Par\u00eds.jpg\" alt=\"Viaje a Par\u00eds.\" width=\"600\" height=\"450\" srcset=\"https:\/\/static-blogs.hoy.es\/wp-content\/uploads\/sites\/41\/2012\/08\/Par\u00eds.jpg 600w, https:\/\/static-blogs.hoy.es\/wp-content\/uploads\/sites\/41\/2012\/08\/Par\u00eds-300x225.jpg 300w\" sizes=\"(max-width: 600px) 100vw, 600px\" \/><\/a><p id=\"caption-attachment-125\" class=\"wp-caption-text\">Viaje a Par\u00eds.<\/p><\/div>\n<p>En el<a href=\"http:\/\/www.hoyarroyodelaluz.es\/guia-util\/colegios-institutos\/index.html\" target=\"_blank\"> instituto de Arroyo de la Luz<\/a>, los alumnos de 1\u00ba de Bachillerato y ciclo formativo, suelen hacer<strong> una excursi\u00f3n por<a href=\"http:\/\/es.parisinfo.com\/\" target=\"_blank\"> Par\u00eds<\/a>, <a href=\"http:\/\/es.wikipedia.org\/wiki\/Brujas\" target=\"_blank\">Brujas<\/a> y <a href=\"http:\/\/es.wikipedia.org\/wiki\/%C3%81msterdam\" target=\"_blank\">\u00c1msterdam<\/a> antes de<a href=\"http:\/\/www.hoy.es\/extremadura\/semana-santa-2012\/\" target=\"_blank\"> Semana Santa<\/a><\/strong> todos los a\u00f1os. Yo fui hace 3. Aunque pueda llegar a parecer un viaje cultural, por las diversas visitas a museos, monumentos, etc. no lo es.<\/p>\n<p>El momento m\u00e1s emocionante de esas excursiones no era<strong> la subida a la<a href=\"http:\/\/www.hoy.es\/rc\/20120801\/mas-actualidad\/sociedad\/torre-eiffel-eclogica-201208011237.html\" target=\"_blank\"> Torre Eiffel<\/a>, a <a href=\"http:\/\/www.turismoenparis.es\/turismo\/montmartre\/\" target=\"_blank\">Montmartre<\/a> o la visita a<a href=\"http:\/\/www.hoy.es\/v\/20100503\/opinion\/frank-20100503.html\" target=\"_blank\"> la casa de Ana Frank<\/a>, sino las noches.<\/strong> Dorm\u00edamos en <a href=\"http:\/\/www.accorhotels.com\/es\/brands\/hotels-formule1.shtml\" target=\"_blank\">hoteles Formula 1<\/a> en Par\u00eds, y en<a href=\"http:\/\/www.ibishotel.com\/es\/home\/index.shtml\" target=\"_blank\"> Ibis <\/a>en Brujas y \u00c1msterdam. Ten\u00edamos un lema, que pasaba de generaci\u00f3n de generaci\u00f3n:<strong> \u201cLo que pasa en Par\u00eds, se queda en Par\u00eds\u201d<\/strong>. Era una frase que hac\u00eda que nos sinti\u00e9ramos libres de actuar sin miedo a que<strong> nuestros padres, novios o amigos se enterasen de lo que en la excursi\u00f3n hab\u00eda sucedido.<\/strong><\/p>\n<p>Cada noche, cada grupo de amigos, normalmente sol\u00edamos unirnos por clases,<strong> qued\u00e1bamos en una habitaci\u00f3n<\/strong> y entre botell\u00f3n que compraba alguno que fuera mayor de edad, y porros que sacaban otros, <strong>mont\u00e1bamos nuestro propio <a href=\"http:\/\/www.hoy.es\/rc\/20120102\/mas-actualidad\/sociedad\/adios-coffee-shops-como-201201021136.html\" target=\"_blank\">Coffee Shop<\/a>.<\/strong><\/p>\n<p><strong>Yo no aguante esas fiestas m\u00e1s de dos noches<\/strong>. Recuerdo que en Brujas pas\u00e9 uno de los peores d\u00edas de la excursi\u00f3n, con los ojos rojos y fiebre. No fum\u00e9. Debo ser <strong>una de las pocas excepciones de alumnos<\/strong> que hayan ido a esa excursi\u00f3n y<strong> no daban un par de caladas a un porro.<\/strong> Hasta los m\u00e1s t\u00edmidos de la clase se animaban a probar.<\/p>\n<p>Estuve un par de d\u00edas mal<strong>. Las personas que tienen los ojos claros deben comprenderme<\/strong>, el humo me afectaba demasiado y los ojos me escoc\u00edan. A partir de ah\u00ed, mis noches se redujeron a ir de fiesta un rato y <strong>antes de que el ambiente estuviera cargado de humo, me iba.<\/strong> A m\u00ed, sin embargo, lo que m\u00e1s me gustaba era la organizaci\u00f3n, c\u00f3mo <strong>colocaban un preservativo en el techo donde estaba la alarma de incendios<\/strong> para que el humo de los porros no llegase, o c\u00f3mo <strong>nos escap\u00e1bamos de las habitaciones cuando los profesores nos vigilaban.<\/strong><\/p>\n<p>No hab\u00eda vuelto a sentir esa experiencia de sentirme colocada con el humo de los porros hasta que <strong><a href=\"http:\/\/www.hoy.es\/v\/20120131\/caceres\/alonso-torre-20120131.html\" target=\"_blank\">Alonso de la Torre<\/a> y yo entrevistamos a <a href=\"http:\/\/www.hoy.es\/v\/20111204\/regional\/suda-diga-gente-tengo-20111204.html\" target=\"_blank\">Vito \u00cd\u00f1iguez<\/a><\/strong>, el cantante de<a href=\"http:\/\/www.hoy.es\/videos\/noticias-de-extremadura\/extremadura\/1304708518001-alonso-torre-entrevista-sinkope.html\" target=\"_blank\"> S\u00ednkope<\/a>. Fue una de esas entrevistas especiales, en su lugar de ensayo, algo oscuro, pero que <strong>daba m\u00e1s realismo a la grabaci\u00f3n en v\u00eddeo.<\/strong><\/p>\n<p>Recuerdo que a medida que <strong>la entrevista avanzaba, m\u00e1s porros fumaba Vito y yo m\u00e1s me colocaba.<\/strong> Creo que ha sido la entrevista en la que m\u00e1s me he relajado, porque <strong>su forma de hablar tan pasota es muy parecida a la de mis amigos<\/strong> y porque el espacio era tan peque\u00f1o que <strong>parec\u00eda que est\u00e1bamos<a href=\"http:\/\/www.lamarihuana.com\/foro\/experiencias\/22357-alguna-vez-habeis-hecho-1-fumada-de-submarino.html\" target=\"_blank\"> haciendo un submarino<\/a>.<\/strong><\/p>\n<p>Ese d\u00eda, cuando terminamos la entrevista, hicimos <strong>el primer montaje de <a href=\"http:\/\/www.hoy.es\/videos\/a-fondo\/caceres-insolita\/\" target=\"_blank\">C\u00e1ceres ins\u00f3lita<\/a> en la <a href=\"http:\/\/www.bibliotecaspublicas.es\/merida\/\" target=\"_blank\">biblioteca de M\u00e9rida<\/a>.<\/strong> Cuando estaba poniendo los subt\u00edtulos a las declaraciones de las monjas, me acord\u00e9 de por qu\u00e9 hab\u00eda decidido yo tras volver de aquella excursi\u00f3n del instituto que <strong>no volver\u00eda a estar cerca de un porro.<\/strong> \u00a1C\u00f3mo sufr\u00ed para transcribir cada frase!<\/p>\n<!-- AddThis Advanced Settings generic via filter on the_content --><!-- AddThis Share Buttons generic via filter on the_content -->","protected":false},"excerpt":{"rendered":"<p>En el instituto de Arroyo de la Luz, los alumnos de 1\u00ba de Bachillerato y ciclo formativo, suelen hacer una excursi\u00f3n por Par\u00eds, Brujas y \u00c1msterdam antes de Semana Santa todos los a\u00f1os. Yo fui hace 3. Aunque pueda llegar a parecer un viaje cultural, por las diversas visitas a museos, monumentos, etc. no lo [&hellip;]<!-- AddThis Advanced Settings generic via filter on get_the_excerpt --><!-- AddThis Share Buttons generic via filter on get_the_excerpt --><\/p>\n","protected":false},"author":45,"featured_media":0,"comment_status":"open","ping_status":"closed","sticky":false,"template":"","format":"standard","meta":[],"categories":[3],"tags":[22,142,174,180,199,455,512,529,582,872,936,1453,1604,1675,1679,1885,2035,2054,2061,2134,2252,2758,2761,2823,2961,3066,3327,3378,3415,3743,3814,3868,4057,4263,4303],"_links":{"self":[{"href":"https:\/\/blogs.hoy.es\/solitaencaceres\/wp-json\/wp\/v2\/posts\/120"}],"collection":[{"href":"https:\/\/blogs.hoy.es\/solitaencaceres\/wp-json\/wp\/v2\/posts"}],"about":[{"href":"https:\/\/blogs.hoy.es\/solitaencaceres\/wp-json\/wp\/v2\/types\/post"}],"author":[{"embeddable":true,"href":"https:\/\/blogs.hoy.es\/solitaencaceres\/wp-json\/wp\/v2\/users\/45"}],"replies":[{"embeddable":true,"href":"https:\/\/blogs.hoy.es\/solitaencaceres\/wp-json\/wp\/v2\/comments?post=120"}],"version-history":[{"count":0,"href":"https:\/\/blogs.hoy.es\/solitaencaceres\/wp-json\/wp\/v2\/posts\/120\/revisions"}],"wp:attachment":[{"href":"https:\/\/blogs.hoy.es\/solitaencaceres\/wp-json\/wp\/v2\/media?parent=120"}],"wp:term":[{"taxonomy":"category","embeddable":true,"href":"https:\/\/blogs.hoy.es\/solitaencaceres\/wp-json\/wp\/v2\/categories?post=120"},{"taxonomy":"post_tag","embeddable":true,"href":"https:\/\/blogs.hoy.es\/solitaencaceres\/wp-json\/wp\/v2\/tags?post=120"}],"curies":[{"name":"wp","href":"https:\/\/api.w.org\/{rel}","templated":true}]}}