{"id":126,"date":"2012-08-09T10:05:51","date_gmt":"2012-08-09T10:05:51","guid":{"rendered":"http:\/\/blogs.hoy.es\/solitaencaceres\/?p=126"},"modified":"2012-08-09T10:05:51","modified_gmt":"2012-08-09T10:05:51","slug":"que-bien-lo-haces-cristina","status":"publish","type":"post","link":"https:\/\/blogs.hoy.es\/solitaencaceres\/2012\/08\/09\/que-bien-lo-haces-cristina\/","title":{"rendered":"\u00a1Qu\u00e9 bien lo haces, Cristina!"},"content":{"rendered":"<p style=\"text-align: center;\"><a href=\"\/solitaencaceres\/wp-content\/uploads\/sites\/41\/2012\/08\/Fotograma-grabado-67.jpg\"><img loading=\"lazy\" class=\"aligncenter  wp-image-127\" title=\"Cristina hace cosquillas a Alonso de la Torre\" src=\"\/solitaencaceres\/wp-content\/uploads\/sites\/41\/2012\/08\/Fotograma-grabado-67.jpg\" alt=\"\" width=\"622\" height=\"350\" srcset=\"https:\/\/static-blogs.hoy.es\/wp-content\/uploads\/sites\/41\/2012\/08\/Fotograma-grabado-67.jpg 1280w, https:\/\/static-blogs.hoy.es\/wp-content\/uploads\/sites\/41\/2012\/08\/Fotograma-grabado-67-300x169.jpg 300w, https:\/\/static-blogs.hoy.es\/wp-content\/uploads\/sites\/41\/2012\/08\/Fotograma-grabado-67-768x432.jpg 768w, https:\/\/static-blogs.hoy.es\/wp-content\/uploads\/sites\/41\/2012\/08\/Fotograma-grabado-67-1024x576.jpg 1024w\" sizes=\"(max-width: 622px) 100vw, 622px\" \/><\/a><\/p>\n<p><a href=\"http:\/\/www.hoy.es\/videos\/a-fondo\/caceres-insolita\/\" target=\"_blank\">C\u00e1ceres ins\u00f3lita<\/a> est\u00e1 formado por <strong>un d\u00fao muy singular<\/strong>. <a href=\"http:\/\/www.hoy.es\/v\/20120131\/caceres\/alonso-torre-20120131.html\" target=\"_blank\">Alonso de la Torre<\/a> se encarga de<strong> la parte culta y seria<\/strong>, yo en cambio, <strong>opto m\u00e1s por la diversi\u00f3n y la originalidad<\/strong>. Cuando hacemos una grabaci\u00f3n, el aporta la historia, los datos\u2026 y yo esos matices que hacen el reportaje m\u00e1s ameno.<\/p>\n<p>Reconozco que mi imaginaci\u00f3n no tiene l\u00edmites, que si por m\u00ed fuera <strong>Alonso acabar\u00eda pareciendo un actor de<a href=\"http:\/\/muchachadanui.rtve.es\/\" target=\"_blank\"> Muchachada Nui<\/a><\/strong>. \u00c9l en cambio me ense\u00f1a <strong>el valor de la palabra prudencia<\/strong>, para no pasar la barrera a la que tanto miedo tiene y <strong>convertirse en friki<\/strong>.<\/p>\n<p>Ya me protest\u00f3 en el primer reportaje, cuando en la \u00faltima toma <strong>lo obligu\u00e9 a ponerse el <a href=\"http:\/\/www.hoy.es\/videos\/noticias-de-extremadura\/extremadura\/1286640609001-alonso-torre-caceres-placer-penitencia.html\" target=\"_blank\">cilicio <\/a>que le vendieron las monjas<\/strong>. Aquel d\u00eda pens\u00e9 que no aguantar\u00eda m\u00e1s de dos grabaciones con \u00e9l, pero con el tiempo aprend\u00ed que tengo que tener paciencia:<strong> al principio se enfada, pero luego piensa, recapacita y acepta.<\/strong><\/p>\n<p style=\"text-align: center;\"><a href=\"\/solitaencaceres\/wp-content\/uploads\/sites\/41\/2012\/08\/544.jpg\"><img loading=\"lazy\" class=\"aligncenter  wp-image-128\" title=\"Alonso se pone el cilicio\" src=\"\/solitaencaceres\/wp-content\/uploads\/sites\/41\/2012\/08\/544.jpg\" alt=\"\" width=\"661\" height=\"500\" srcset=\"https:\/\/static-blogs.hoy.es\/wp-content\/uploads\/sites\/41\/2012\/08\/544.jpg 816w, https:\/\/static-blogs.hoy.es\/wp-content\/uploads\/sites\/41\/2012\/08\/544-300x227.jpg 300w, https:\/\/static-blogs.hoy.es\/wp-content\/uploads\/sites\/41\/2012\/08\/544-768x582.jpg 768w\" sizes=\"(max-width: 661px) 100vw, 661px\" \/><\/a><\/p>\n<p>En el segundo reportaje que hicimos, mostrando que el multiusos era un buen espacio tanto para deportes como para conciertos, <strong>Alonso no quer\u00eda ponerse la camiseta del <a href=\"http:\/\/www.hoy.es\/videos\/noticias-de-extremadura\/extremadura\/1304904030001-alonso-torre-caceres-insolita.html\" target=\"_blank\">C\u00e1ceres de baloncesto<\/a><\/strong>, algo que nunca entend\u00ed ni entiendo todav\u00eda. \u00c9l siempre me dec\u00eda que cuando crezca y sea mayor, entender\u00eda su actitud prudente y yo <strong>para picarlo y convencerlo lo llamaba abuelo.<\/strong><\/p>\n<p style=\"text-align: center;\"><a href=\"\/solitaencaceres\/wp-content\/uploads\/sites\/41\/2012\/08\/Fotograma-grabado-68.jpg\"><img loading=\"lazy\" class=\"aligncenter  wp-image-129\" title=\"Alonso en el baloncesto\" src=\"\/solitaencaceres\/wp-content\/uploads\/sites\/41\/2012\/08\/Fotograma-grabado-68.jpg\" alt=\"\" width=\"675\" height=\"381\" srcset=\"https:\/\/static-blogs.hoy.es\/wp-content\/uploads\/sites\/41\/2012\/08\/Fotograma-grabado-68.jpg 1280w, https:\/\/static-blogs.hoy.es\/wp-content\/uploads\/sites\/41\/2012\/08\/Fotograma-grabado-68-300x169.jpg 300w, https:\/\/static-blogs.hoy.es\/wp-content\/uploads\/sites\/41\/2012\/08\/Fotograma-grabado-68-768x432.jpg 768w, https:\/\/static-blogs.hoy.es\/wp-content\/uploads\/sites\/41\/2012\/08\/Fotograma-grabado-68-1024x576.jpg 1024w\" sizes=\"(max-width: 675px) 100vw, 675px\" \/><\/a><\/p>\n<p>Una de las escenas que m\u00e1s presentes tengo en mi cabeza y que m\u00e1s le averg\u00fcenza, es aquella que grabamos en <a href=\"http:\/\/www.hoy.es\/videos\/noticias-de-extremadura\/extremadura\/1350690170001-caceres-insolitacinco-sentidos-sensaciones-enreinos.html\" target=\"_blank\">\u201cCinco sentidos\u201d<\/a>, cuando Cristina, la dependienta, <strong>le hac\u00eda cosquillas con una pluma<\/strong> y Alonso dec\u00eda con voz de estar sintiendo mucho placer: <strong>\u201c\u00a1Qu\u00e9 bien lo haces, Cristina!\u201d.<\/strong><\/p>\n<p>El momento de la entrada al prost\u00edbulo de la Plaza Mayor de C\u00e1ceres tambi\u00e9n fue algo espectacular. Incluso creo que <strong>hubiera sido m\u00e1s emocionante una grabaci\u00f3n de la propia grabaci\u00f3n.<\/strong> Quedamos una hora antes y entramos en la teter\u00eda \u00e1rabe que est\u00e1 justo al lado de <a href=\"http:\/\/www.hoy.es\/videos\/noticias-de-extremadura\/extremadura\/1366355089001-caceres-insolitaun-pollitas-plaza-mayor.html\" target=\"_blank\">\u201cLos bohemios\u201d<\/a>, nuestro destino. Tomamos un t\u00e9 y <strong>Alonso empez\u00f3 a ponerse nervioso<\/strong>. Comprobamos que la c\u00e1mara oculta no se notaba. De repente, me dijo: <strong>\u201cCronometra 10 minutos y si no he salido, o entras a buscarme o llamas a la polic\u00eda\u201d<\/strong>. Cuando sali\u00f3 por la puerta,<strong> me qued\u00e9 mir\u00e1ndolo fijamente, como si corriera el riesgo de no volver a verlo nunca<\/strong>. A los dos minutos regres\u00f3, con una sonrisa de \u00e9xito que yo, con lo nerviosa que estaba, <strong>no sab\u00eda si hab\u00eda triunfado en la grabaci\u00f3n o con las chicas.<\/strong><\/p>\n<p>La verdad es que Alonso ha tenido miedo a hacer grabaciones ins\u00f3litas como <strong>escalar <a href=\"http:\/\/www.hoy.es\/videos\/noticias-de-extremadura\/extremadura\/1483521519001-caceres-insolita-marques-tiene-empinada.html\" target=\"_blank\">la cuesta del Marqu\u00e9s<\/a> con una bandera y coronarla o dormir dentro de un saco en ella<\/strong>, pero al final nos hemos re\u00eddo tanto que cuando se nos ocurr\u00eda algo similar en un reportaje, <strong>ten\u00edamos fuerzas para realizarlo.<\/strong> En <a href=\"http:\/\/www.hoy.es\/videos\/noticias-de-extremadura\/extremadura\/1565983599001-caceres-insolita-puerto-caceres-toledo.html\" target=\"_blank\">Puerto Rey<\/a>, un pueblo de 25 habitantes, una parte perteneciente a Toledo y otra a C\u00e1ceres, nos encontramos con un parque infantil vac\u00edo. Aprovechando los ladridos de un perro, que daban m\u00e1s sensaci\u00f3n de soledad, <strong>le propuse a Alonso que jugara en el parque como si fuera un ni\u00f1o<\/strong>. Si esto se lo hubiera propuesto al principio, se habr\u00eda opuesto, pero gracias a que me he ido consolidando como la original del d\u00fao y me he ganado su confianza, ya no protesta.<\/p>\n<p style=\"text-align: center;\"><a href=\"\/solitaencaceres\/wp-content\/uploads\/sites\/41\/2012\/08\/548.jpg\"><img loading=\"lazy\" class=\"aligncenter  wp-image-132\" title=\"Alonso durmiendo en la cuesta del Marqu\u00e9s\" src=\"\/solitaencaceres\/wp-content\/uploads\/sites\/41\/2012\/08\/548.jpg\" alt=\"\" width=\"653\" height=\"365\" srcset=\"https:\/\/static-blogs.hoy.es\/wp-content\/uploads\/sites\/41\/2012\/08\/548.jpg 1088w, https:\/\/static-blogs.hoy.es\/wp-content\/uploads\/sites\/41\/2012\/08\/548-300x168.jpg 300w, https:\/\/static-blogs.hoy.es\/wp-content\/uploads\/sites\/41\/2012\/08\/548-768x429.jpg 768w, https:\/\/static-blogs.hoy.es\/wp-content\/uploads\/sites\/41\/2012\/08\/548-1024x572.jpg 1024w\" sizes=\"(max-width: 653px) 100vw, 653px\" \/><\/a><\/p>\n<p style=\"text-align: center;\"><a href=\"\/solitaencaceres\/wp-content\/uploads\/sites\/41\/2012\/08\/Fotograma-grabado-20.jpg\"><img loading=\"lazy\" class=\"aligncenter  wp-image-130\" title=\"Alonso en un parque infantil\" src=\"\/solitaencaceres\/wp-content\/uploads\/sites\/41\/2012\/08\/Fotograma-grabado-20.jpg\" alt=\"\" width=\"691\" height=\"389\" srcset=\"https:\/\/static-blogs.hoy.es\/wp-content\/uploads\/sites\/41\/2012\/08\/Fotograma-grabado-20.jpg 1920w, https:\/\/static-blogs.hoy.es\/wp-content\/uploads\/sites\/41\/2012\/08\/Fotograma-grabado-20-300x169.jpg 300w, https:\/\/static-blogs.hoy.es\/wp-content\/uploads\/sites\/41\/2012\/08\/Fotograma-grabado-20-768x432.jpg 768w, https:\/\/static-blogs.hoy.es\/wp-content\/uploads\/sites\/41\/2012\/08\/Fotograma-grabado-20-1024x576.jpg 1024w\" sizes=\"(max-width: 691px) 100vw, 691px\" \/><\/a><\/p>\n<p>De noviembre a julio he conseguido disfrazarlo <strong>de <a href=\"http:\/\/www.hoy.es\/videos\/noticias-de-extremadura\/extremadura\/1471886852001-caceres-insolita-lobo-patatera.html\" target=\"_blank\">lobo<\/a>, de <a href=\"http:\/\/www.hoy.es\/videos\/noticias-de-extremadura\/extremadura\/1412930129001-caceres-insolita-vendo-virgen-buena-caceres.html\" target=\"_blank\">mendigo<\/a> y de <a href=\"http:\/\/www.hoy.es\/videos\/noticias-de-extremadura\/extremadura\/1585145595001-caceres-insolita-loco-colinas.html\" target=\"_blank\">Jes\u00fas Quintero<\/a>.<\/strong> El d\u00eda de la Patatera, en la estaci\u00f3n de autobuses, <strong>con mi disfraz de carnavales de lobo, Alonso revolucion\u00f3 el ambiente,<\/strong> y los j\u00f3venes que esperaban aburridos la llegada del autob\u00fas para ir a Malpartida, <strong>incr\u00e9dulos y confusos, pensando que era una c\u00e1mara oculta<\/strong>, no pod\u00edan evitar mirarlo y re\u00edrse. Aunque m\u00e1s confusos estaban <strong>los se\u00f1ores que reconocieron a Alonso, disfrazado de mendigo<\/strong>, cuando pasaban por la avenida de Alemania en sus coches, paraban en el sem\u00e1foro y<strong> lo ve\u00edan vendiendo pa\u00f1uelos, estampitas y mecheros<\/strong>. Sin embargo, <strong>cuando Alonso se disfrazo de Jes\u00fas Quintero \u201cEl loco de la colina\u201d, eran los ni\u00f1os los que no le quitaban la mirada de encima.<\/strong> La escena era total porque con el viento que hac\u00eda, la peluca se le ca\u00eda y le dejaba partes de la cabeza al descubierto y otras partes con pelo.<\/p>\n<p style=\"text-align: center;\"><a href=\"\/solitaencaceres\/wp-content\/uploads\/sites\/41\/2012\/08\/5501.jpg\"><img loading=\"lazy\" class=\"aligncenter  wp-image-134\" title=\"Alonso disfrazado de lobo en la estaci\u00f3n de autobuses\" src=\"\/solitaencaceres\/wp-content\/uploads\/sites\/41\/2012\/08\/5501.jpg\" alt=\"\" width=\"656\" height=\"369\" srcset=\"https:\/\/static-blogs.hoy.es\/wp-content\/uploads\/sites\/41\/2012\/08\/5501.jpg 1094w, https:\/\/static-blogs.hoy.es\/wp-content\/uploads\/sites\/41\/2012\/08\/5501-300x169.jpg 300w, https:\/\/static-blogs.hoy.es\/wp-content\/uploads\/sites\/41\/2012\/08\/5501-768x432.jpg 768w, https:\/\/static-blogs.hoy.es\/wp-content\/uploads\/sites\/41\/2012\/08\/5501-1024x576.jpg 1024w\" sizes=\"(max-width: 656px) 100vw, 656px\" \/><\/a><\/p>\n<p style=\"text-align: center;\"><a href=\"\/solitaencaceres\/wp-content\/uploads\/sites\/41\/2012\/08\/555.jpg\"><img loading=\"lazy\" class=\"aligncenter  wp-image-135\" title=\"Alonso disfrazado de mendigo vendiendo en los sem\u00e1foros\" src=\"\/solitaencaceres\/wp-content\/uploads\/sites\/41\/2012\/08\/555.jpg\" alt=\"\" width=\"657\" height=\"368\" srcset=\"https:\/\/static-blogs.hoy.es\/wp-content\/uploads\/sites\/41\/2012\/08\/555.jpg 1095w, https:\/\/static-blogs.hoy.es\/wp-content\/uploads\/sites\/41\/2012\/08\/555-300x168.jpg 300w, https:\/\/static-blogs.hoy.es\/wp-content\/uploads\/sites\/41\/2012\/08\/555-768x431.jpg 768w, https:\/\/static-blogs.hoy.es\/wp-content\/uploads\/sites\/41\/2012\/08\/555-1024x574.jpg 1024w\" sizes=\"(max-width: 657px) 100vw, 657px\" \/><\/a><\/p>\n<p style=\"text-align: center;\"><a href=\"\/solitaencaceres\/wp-content\/uploads\/sites\/41\/2012\/08\/546.jpg\"><img loading=\"lazy\" class=\"aligncenter  wp-image-131\" title=\"Disfrazando a Alonso de Jes\u00fas Quintero\" src=\"\/solitaencaceres\/wp-content\/uploads\/sites\/41\/2012\/08\/546.jpg\" alt=\"\" width=\"665\" height=\"441\" srcset=\"https:\/\/static-blogs.hoy.es\/wp-content\/uploads\/sites\/41\/2012\/08\/546.jpg 924w, https:\/\/static-blogs.hoy.es\/wp-content\/uploads\/sites\/41\/2012\/08\/546-300x199.jpg 300w, https:\/\/static-blogs.hoy.es\/wp-content\/uploads\/sites\/41\/2012\/08\/546-768x510.jpg 768w\" sizes=\"(max-width: 665px) 100vw, 665px\" \/><\/a><\/p>\n<p>Han sido momentos m\u00e1gicos, de esos que nunca se olvidan. Para m\u00ed, m\u00e1s que darle el t\u00edtulo de friki a Alonso, <strong>le han dado un aura especial y ha demostrado su valent\u00eda.<\/strong> Desde julio que hicimos la \u00faltima grabaci\u00f3n,<strong> siento que he perdido la sonrisa<\/strong>. Solo espero que cuando llegue septiembre, despu\u00e9s de un mes sin vernos, <strong>\u00e9l no haya recuperado su prudencia<\/strong>.<\/p>\n<!-- AddThis Advanced Settings generic via filter on the_content --><!-- AddThis Share Buttons generic via filter on the_content -->","protected":false},"excerpt":{"rendered":"<p>C\u00e1ceres ins\u00f3lita est\u00e1 formado por un d\u00fao muy singular. Alonso de la Torre se encarga de la parte culta y seria, yo en cambio, opto m\u00e1s por la diversi\u00f3n y la originalidad. Cuando hacemos una grabaci\u00f3n, el aporta la historia, los datos\u2026 y yo esos matices que hacen el reportaje m\u00e1s ameno. Reconozco que mi [&hellip;]<!-- AddThis Advanced Settings generic via filter on get_the_excerpt --><!-- AddThis Share Buttons generic via filter on get_the_excerpt --><\/p>\n","protected":false},"author":45,"featured_media":0,"comment_status":"open","ping_status":"closed","sticky":false,"template":"","format":"standard","meta":[],"categories":[3],"tags":[174,331,386,577,579,582,641,881,883,1002,1071,1191,1236,1271,1538,1545,1772,2176,2260,2425,2441,2592,2616,2743,2784,2803,3045,3076,3307,3429,3436,3454,4028],"_links":{"self":[{"href":"https:\/\/blogs.hoy.es\/solitaencaceres\/wp-json\/wp\/v2\/posts\/126"}],"collection":[{"href":"https:\/\/blogs.hoy.es\/solitaencaceres\/wp-json\/wp\/v2\/posts"}],"about":[{"href":"https:\/\/blogs.hoy.es\/solitaencaceres\/wp-json\/wp\/v2\/types\/post"}],"author":[{"embeddable":true,"href":"https:\/\/blogs.hoy.es\/solitaencaceres\/wp-json\/wp\/v2\/users\/45"}],"replies":[{"embeddable":true,"href":"https:\/\/blogs.hoy.es\/solitaencaceres\/wp-json\/wp\/v2\/comments?post=126"}],"version-history":[{"count":0,"href":"https:\/\/blogs.hoy.es\/solitaencaceres\/wp-json\/wp\/v2\/posts\/126\/revisions"}],"wp:attachment":[{"href":"https:\/\/blogs.hoy.es\/solitaencaceres\/wp-json\/wp\/v2\/media?parent=126"}],"wp:term":[{"taxonomy":"category","embeddable":true,"href":"https:\/\/blogs.hoy.es\/solitaencaceres\/wp-json\/wp\/v2\/categories?post=126"},{"taxonomy":"post_tag","embeddable":true,"href":"https:\/\/blogs.hoy.es\/solitaencaceres\/wp-json\/wp\/v2\/tags?post=126"}],"curies":[{"name":"wp","href":"https:\/\/api.w.org\/{rel}","templated":true}]}}