{"id":137,"date":"2012-08-12T09:24:42","date_gmt":"2012-08-12T09:24:42","guid":{"rendered":"http:\/\/blogs.hoy.es\/solitaencaceres\/?p=137"},"modified":"2012-08-12T09:24:42","modified_gmt":"2012-08-12T09:24:42","slug":"mi-carro-me-lo-robaron","status":"publish","type":"post","link":"https:\/\/blogs.hoy.es\/solitaencaceres\/2012\/08\/12\/mi-carro-me-lo-robaron\/","title":{"rendered":"Mi carro me lo robaron"},"content":{"rendered":"<p style=\"text-align: center;\"><a href=\"\/solitaencaceres\/wp-content\/uploads\/sites\/41\/2012\/08\/Captura.png\"><img loading=\"lazy\" class=\"aligncenter  wp-image-138\" title=\"Viernes en la discoteca m\u00f3vil\" src=\"\/solitaencaceres\/wp-content\/uploads\/sites\/41\/2012\/08\/Captura.png\" alt=\"\" width=\"644\" height=\"483\" srcset=\"https:\/\/static-blogs.hoy.es\/wp-content\/uploads\/sites\/41\/2012\/08\/Captura.png 715w, https:\/\/static-blogs.hoy.es\/wp-content\/uploads\/sites\/41\/2012\/08\/Captura-300x225.png 300w\" sizes=\"(max-width: 644px) 100vw, 644px\" \/><\/a><\/p>\n<p>Las situaciones m\u00e1s extra\u00f1as llegan cuando menos te lo esperas y es en esos momentos cuando <strong>yo me maldigo por no llevar encima la c\u00e1mara de v\u00eddeo.<\/strong> El viernes, si no es porque <a href=\"http:\/\/www.hoy.es\/v\/20120131\/caceres\/alonso-torre-20120131.html\" target=\"_blank\">Alonso de la Torre<\/a> est\u00e1 de vacaciones, en paradero desconocido, lo hubiera llamado y le hubiera dicho: <strong><a href=\"http:\/\/www.hoy.es\/videos\/a-fondo\/caceres-insolita\/\" target=\"_blank\">C\u00e1ceres Ins\u00f3lita<\/a> a la vista<\/strong>.<\/p>\n<p>Sucedi\u00f3 en torno a la una de la madrugada. Yo estaba en la <a href=\"http:\/\/maps.google.es\/maps?hl=es&#038;bav=on.2,or.r_gc.r_pw.r_qf.&#038;biw=1366&#038;bih=589&#038;q=plaza+de+la+constituci%C3%B3n,+arroyo+de+la+luz&#038;um=1&#038;ie=UTF-8&#038;hq=&#038;hnear=0xd1612a237005993:0x4c02f7318c3346e0,Plaza+de+la+Constituci%C3%B3n,+10900+Arroyo+de+la+Luz&#038;gl=es&#038;sa=X&#038;ei=e3onUPaqHofB0QX01oGgCg&#038;ved=0CAYQ8gEwAA\" target=\"_blank\">plaza de la Constituci\u00f3n<\/a>, como la mayor\u00eda de los j\u00f3venes de<a href=\"http:\/\/www.hoyarroyodelaluz.es\/\" target=\"_blank\"> Arroyo<\/a>, disfrutando de la <a href=\"http:\/\/www.discotecasmoviles.es\/\" target=\"_blank\">discoteca m\u00f3vil<\/a>. Llevaba all\u00ed un rato, iba por el segundo cubata. De repente, <strong>cuando formando un c\u00edrculo est\u00e1bamos bailando, apareci\u00f3 un hombre abri\u00e9ndose paso.<\/strong><\/p>\n<p>Yo nunca hab\u00eda visto nada igual. En noches parecidas<strong> he sufrido golpes por peleas ajenas, he visto a guardias esperando a ver chicas orinar en la calle para ponerles una denuncia, pero ver al due\u00f1o de un supermercado buscando carros de la compra entre los botellones<\/strong> supera cualquier otra escena.<\/p>\n<p style=\"text-align: center;\"><a href=\"\/solitaencaceres\/wp-content\/uploads\/sites\/41\/2012\/08\/5454.png\"><img loading=\"lazy\" class=\"aligncenter  wp-image-139\" title=\"Intentando llevarse su carro\" src=\"\/solitaencaceres\/wp-content\/uploads\/sites\/41\/2012\/08\/5454.png\" alt=\"\" width=\"656\" height=\"483\" srcset=\"https:\/\/static-blogs.hoy.es\/wp-content\/uploads\/sites\/41\/2012\/08\/5454.png 820w, https:\/\/static-blogs.hoy.es\/wp-content\/uploads\/sites\/41\/2012\/08\/5454-300x221.png 300w, https:\/\/static-blogs.hoy.es\/wp-content\/uploads\/sites\/41\/2012\/08\/5454-768x566.png 768w\" sizes=\"(max-width: 656px) 100vw, 656px\" \/><\/a><\/p>\n<p>Y all\u00ed estaba aquel hombre, metido en un c\u00edrculo de j\u00f3venes, <strong>agarrado al carro en el que ten\u00edamos el botell\u00f3n y sacando nuestras botellas de \u00e9l<\/strong>, mientras intentaba llev\u00e1rselo. En ese momento, toda la gente que estaba a nuestro alrededor,<strong> dej\u00f3 a un lado la m\u00fasica y el alcohol y se centr\u00f3 en aquel hombre que apodamos <a href=\"http:\/\/www.hoy.es\/v\/20110920\/sociedad\/manolo-escobar-robaron-20110920.html\" target=\"_blank\">Manolo Escobar<\/a><\/strong> porque le hab\u00edan robado su carro y lo estaba buscando.<\/p>\n<p>En su caso, fueron m\u00e1s de uno. Con lo sobresaltado que iba,<strong> no s\u00e9 si dijo que le hab\u00edan robado 30 de 70 euros o viceversa. Sea como fuere, hab\u00eda perdido 2.100 euros.<\/strong> Y all\u00ed estaba, sin importarle hacer el rid\u00edculo o quedar en verg\u00fcenza, buscando lo que era de su pertenencia.<\/p>\n<p style=\"text-align: center;\"><a href=\"\/solitaencaceres\/wp-content\/uploads\/sites\/41\/2012\/08\/captura-22.jpg\"><img loading=\"lazy\" class=\"aligncenter  wp-image-140\" title=\"El carro de la compra lleno de bebidas\" src=\"\/solitaencaceres\/wp-content\/uploads\/sites\/41\/2012\/08\/captura-22.jpg\" alt=\"\" width=\"658\" height=\"492\" srcset=\"https:\/\/static-blogs.hoy.es\/wp-content\/uploads\/sites\/41\/2012\/08\/captura-22.jpg 823w, https:\/\/static-blogs.hoy.es\/wp-content\/uploads\/sites\/41\/2012\/08\/captura-22-300x224.jpg 300w, https:\/\/static-blogs.hoy.es\/wp-content\/uploads\/sites\/41\/2012\/08\/captura-22-768x574.jpg 768w\" sizes=\"(max-width: 658px) 100vw, 658px\" \/><\/a><\/p>\n<p>Yo no ten\u00eda ni idea de qu\u00e9 supermercado era el carro de la compra donde ten\u00edamos metido el botell\u00f3n, <strong>se lo encontr\u00f3 un amigo una ma\u00f1ana hace a\u00f1os al finalizar una discoteca m\u00f3vil.<\/strong> Pero Manolo Escobar insist\u00eda en que era suyo. <strong>El carro estaba pintado y forrado con pl\u00e1sticos.<\/strong> Entonces, aquel se\u00f1or no lo dud\u00f3,<strong> sac\u00f3 la navaja, se puso a cortar el pl\u00e1stico y a raspar la pintura<\/strong>, buscando alguna se\u00f1a de identidad. Hasta que, por fin, se seren\u00f3, se fijo en un peque\u00f1o detalle, no s\u00e9 cu\u00e1l, dirigi\u00f3 su mirada <strong>hacia la parte baja del carro y dijo: \u201cNo, no es m\u00edo\u201d.<\/strong><\/p>\n<p>A escasos metros de nosotros, hab\u00eda otro grupo de j\u00f3venes con un carro de la compra. No se lo pens\u00f3,<strong> fue directo a ellos.<\/strong> Mientras tanto, <strong>la voz se corri\u00f3 de un extremo a otro de la plaza de la Constituci\u00f3n<\/strong>, para que todos los que tuvieran carros de ese supermercado<strong> fueran a esconderlos.<\/strong><\/p>\n<p><strong>Escobar buscaba a su <a href=\"http:\/\/www.hoy.es\/videos\/mas-noticias\/nacional\/1777069342001-interior-ordena-detencion-diputado-autonomico-sanchez-gordillo.html\" target=\"_blank\">S\u00e1nchez Gordillo<\/a>.<\/strong> Y en este segundo caso, se top\u00f3 con 20. En el carro de la compra, tampoco hab\u00eda se\u00f1al alguna de que fuera de su propiedad,<strong> la marca del supermercado estaba borrada.<\/strong> Pero \u00e9l lo ten\u00eda claro: \u201cEste s\u00ed es m\u00edo\u201d.<\/p>\n<p>De repente, se fue.<strong> Volvi\u00f3 acompa\u00f1ado por dos polic\u00edas.<\/strong> En ese momento es cuando m\u00e1s ech\u00e9 de menos mi c\u00e1mara de v\u00eddeo. Saqu\u00e9 el m\u00f3vil, pero con la oscuridad no se ve\u00eda. Aprovechando que una amiga ten\u00eda c\u00e1mara de fotos, <strong>puse en pr\u00e1ctica toda esa soltura y facilidad para meterme entre la multitud que me ha ense\u00f1ado Alonso<\/strong> y me sent\u00ed como el d\u00eda que grabamos el C\u00e1ceres Ins\u00f3lita del <a href=\"http:\/\/www.hoy.es\/videos\/a-fondo\/caceres-insolita\/\">traslado del mercadillo<\/a>: <strong>pendiente de cada detalle.<\/strong><\/p>\n<p>Los polic\u00edas no pudieron resolver nada, <strong>Manolo Escobar no ten\u00eda pruebas de que ese fuera su carro.<\/strong> Pero \u00e9l insisti\u00f3 y decidi\u00f3 poner una denuncia. Todo el mundo estaba expectante y a la vez incr\u00e9dulo. <strong>20 j\u00f3venes casi en fila, cruzando la plaza hasta llegar al ayuntamiento llevando su D.N.I. para la denuncia.<\/strong> Pero no estaban afectados, en el fondo esto anim\u00f3 mucho m\u00e1s la noche.<\/p>\n<p>Al rato, cuando parec\u00eda que todo estaba m\u00e1s calmado, volvieron los polic\u00edas, <strong>obligaron a los chicos a vaciar de bebidas el carro y se lo llevaron.<\/strong> Solo fue para hacerle una foto, <strong>era la \u00fanica prueba<\/strong>. Poco tiempo despu\u00e9s se lo devolvieron.<\/p>\n<p style=\"text-align: center;\"><a href=\"\/solitaencaceres\/wp-content\/uploads\/sites\/41\/2012\/08\/54545.png\"><img loading=\"lazy\" class=\"aligncenter  wp-image-141\" title=\"La polic\u00eda se lleva el carro\" src=\"\/solitaencaceres\/wp-content\/uploads\/sites\/41\/2012\/08\/54545.png\" alt=\"\" width=\"652\" height=\"466\" srcset=\"https:\/\/static-blogs.hoy.es\/wp-content\/uploads\/sites\/41\/2012\/08\/54545.png 815w, https:\/\/static-blogs.hoy.es\/wp-content\/uploads\/sites\/41\/2012\/08\/54545-300x214.png 300w, https:\/\/static-blogs.hoy.es\/wp-content\/uploads\/sites\/41\/2012\/08\/54545-768x548.png 768w\" sizes=\"(max-width: 652px) 100vw, 652px\" \/><\/a><\/p>\n<p>Escobar, ante la impotencia, <strong>se dej\u00f3 7 u 8 carros m\u00e1s por mirar<\/strong>. La \u00faltima noticia que conoc\u00ed del caso es que repet\u00eda una y otra vez que le hab\u00edan robado muchos carros, alguien le grit\u00f3: \u201cPringao\u201d, y \u00e9l <strong>se ech\u00f3 a llorar.<\/strong><\/p>\n<p>Yo estuve el resto de la noche pensando:<strong> \u201cQu\u00e9 historia m\u00e1s divertida se ha perdido Alonso, eso le pasa por olvidarse de m\u00ed en verano\u201d.<\/strong><\/p>\n<!-- AddThis Advanced Settings generic via filter on the_content --><!-- AddThis Share Buttons generic via filter on the_content -->","protected":false},"excerpt":{"rendered":"<p>Las situaciones m\u00e1s extra\u00f1as llegan cuando menos te lo esperas y es en esos momentos cuando yo me maldigo por no llevar encima la c\u00e1mara de v\u00eddeo. El viernes, si no es porque Alonso de la Torre est\u00e1 de vacaciones, en paradero desconocido, lo hubiera llamado y le hubiera dicho: C\u00e1ceres Ins\u00f3lita a la vista. [&hellip;]<!-- AddThis Advanced Settings generic via filter on get_the_excerpt --><!-- AddThis Share Buttons generic via filter on get_the_excerpt --><\/p>\n","protected":false},"author":45,"featured_media":0,"comment_status":"open","ping_status":"closed","sticky":false,"template":"","format":"standard","meta":[],"categories":[3],"tags":[174,294,514,582,639,743,1265,2525,2843,3283,3308,3696,3886,4247],"_links":{"self":[{"href":"https:\/\/blogs.hoy.es\/solitaencaceres\/wp-json\/wp\/v2\/posts\/137"}],"collection":[{"href":"https:\/\/blogs.hoy.es\/solitaencaceres\/wp-json\/wp\/v2\/posts"}],"about":[{"href":"https:\/\/blogs.hoy.es\/solitaencaceres\/wp-json\/wp\/v2\/types\/post"}],"author":[{"embeddable":true,"href":"https:\/\/blogs.hoy.es\/solitaencaceres\/wp-json\/wp\/v2\/users\/45"}],"replies":[{"embeddable":true,"href":"https:\/\/blogs.hoy.es\/solitaencaceres\/wp-json\/wp\/v2\/comments?post=137"}],"version-history":[{"count":0,"href":"https:\/\/blogs.hoy.es\/solitaencaceres\/wp-json\/wp\/v2\/posts\/137\/revisions"}],"wp:attachment":[{"href":"https:\/\/blogs.hoy.es\/solitaencaceres\/wp-json\/wp\/v2\/media?parent=137"}],"wp:term":[{"taxonomy":"category","embeddable":true,"href":"https:\/\/blogs.hoy.es\/solitaencaceres\/wp-json\/wp\/v2\/categories?post=137"},{"taxonomy":"post_tag","embeddable":true,"href":"https:\/\/blogs.hoy.es\/solitaencaceres\/wp-json\/wp\/v2\/tags?post=137"}],"curies":[{"name":"wp","href":"https:\/\/api.w.org\/{rel}","templated":true}]}}