{"id":144,"date":"2012-08-23T09:09:05","date_gmt":"2012-08-23T09:09:05","guid":{"rendered":"http:\/\/blogs.hoy.es\/solitaencaceres\/?p=144"},"modified":"2012-08-23T09:09:05","modified_gmt":"2012-08-23T09:09:05","slug":"habra-separacion","status":"publish","type":"post","link":"https:\/\/blogs.hoy.es\/solitaencaceres\/2012\/08\/23\/habra-separacion\/","title":{"rendered":"\u00bfHabr\u00e1 separaci\u00f3n?"},"content":{"rendered":"<p style=\"text-align: center;\"><a href=\"\/solitaencaceres\/wp-content\/uploads\/sites\/41\/2012\/08\/olkfr.jpg\"><img loading=\"lazy\" class=\"aligncenter  wp-image-145\" title=\"Alonso de la Torre y Carolina D\u00edaz \" src=\"\/solitaencaceres\/wp-content\/uploads\/sites\/41\/2012\/08\/olkfr.jpg\" alt=\"\" width=\"658\" height=\"494\" srcset=\"https:\/\/static-blogs.hoy.es\/wp-content\/uploads\/sites\/41\/2012\/08\/olkfr.jpg 823w, https:\/\/static-blogs.hoy.es\/wp-content\/uploads\/sites\/41\/2012\/08\/olkfr-300x225.jpg 300w, https:\/\/static-blogs.hoy.es\/wp-content\/uploads\/sites\/41\/2012\/08\/olkfr-768x576.jpg 768w\" sizes=\"(max-width: 658px) 100vw, 658px\" \/><\/a><\/p>\n<p>Hace unos a\u00f1os, <strong>empec\u00e9 a odiar el verano<\/strong>. Lo que para todo el mundo es una \u00e9poca de descanso y tranquilidad, de viajar y disfrutar,<strong> para m\u00ed es tirarme en el sof\u00e1, ver la tele o intentar estudiar<\/strong>.<\/p>\n<p>Yo soy de las que prefieren agobiarse por no tener tiempo para hacer todas las tareas a tener tiempo de sobra y no saber en qu\u00e9 emplearlo. En junio<strong>\u00a0<\/strong>y julio estuve muy estresada <strong>entre ex\u00e1menes, grabar y montar v\u00eddeos<\/strong>, pero me sent\u00eda \u00fatil, activa. En agosto mi vida pr\u00e1cticamente <strong>se ha basado en ver los <a href=\"http:\/\/www.hoy.es\/multimedia\/fotos\/otros-deportes\/104233-mejores-fotografias-juegos-olimpicos-0.html\" target=\"_blank\">JJ.OO.<\/a><\/strong><\/p>\n<p>Tengo miedo al verano. Normalmente, <strong>cuando llega septiembre, suele haber un cambio<\/strong>. Hace tres a\u00f1os, por estas fechas, <strong><a href=\"http:\/\/www.hoy.es\/v\/20120131\/caceres\/alonso-torre-20120131.html\" target=\"_blank\">Alonso dela Torre<\/a> me contaba que dejaba el instituto de <a href=\"http:\/\/www.hoyarroyodelaluz.es\/\" target=\"_blank\">Arroyo<\/a> y sent\u00eda que perd\u00eda un gran apoyo<\/strong>. Este verano no s\u00e9 porque presiento algo parecido. <strong>Me hab\u00eda prometido estudiar Ling\u00fc\u00edstica y Teor\u00eda de la literatura por las tardes conmigo<\/strong>. Nada de eso ha sucedido.<\/p>\n<p>Grandes grupos se han separado cuando estaban en lo alto, se me vienen a la cabeza <strong><a href=\"http:\/\/www.amaiaweb.es\/\" target=\"_blank\">Amaia Montero<\/a> y <a href=\"http:\/\/www.laorejadevangogh.com\/\" target=\"_blank\">La Oreja de Van Gogh<\/a> o <a href=\"http:\/\/www.anatorroja.net\/\" target=\"_blank\">Ana Torroja<\/a> y <a href=\"http:\/\/www.zonamecano.com\/\" target=\"_blank\">Mecano<\/a><\/strong>. Alonso y yo tambi\u00e9n podr\u00eda decirse que <strong>est\u00e1bamos en nuestro momento<\/strong>. En julio est\u00e1bamos muy contentos porque nuestro pen\u00faltimo <a href=\"http:\/\/www.hoy.es\/videos\/a-fondo\/caceres-insolita\/\" target=\"_blank\">C\u00e1ceres ins\u00f3lita<\/a> (<a href=\"http:\/\/www.hoy.es\/videos\/noticias-de-extremadura\/extremadura\/1745299554001-caceres-insolita-lupanar-puticlub.html\" target=\"_blank\">Del lupanar al puticlub<\/a>) <strong>hab\u00eda superado el record en visualizaciones<\/strong>. Es m\u00e1s, en el \u00faltimo reportaje que grabamos en el<a href=\"http:\/\/www.hoy.es\/videos\/noticias-de-extremadura\/extremadura\/1754579746001-caceres-insolita-parque-ingles-caceres.html\" target=\"_blank\"> Parque del Rodeo<\/a>,<strong> acabamos abraz\u00e1ndonos y emocionados por lo satisfechos que nos sent\u00edamos<\/strong>, en lo alto, entre una r\u00e9plica de la Ermita de la Virgen de la Monta\u00f1a y las vistas a la Parte Antigua.<\/p>\n<p>No s\u00e9 que ha quedado de todo aquello.<strong> Estamos a 23 de agosto y a\u00fan no tenemos grabado ning\u00fan v\u00eddeo<\/strong>, ni siquiera de entrevista. Me resulta raro, porque <strong>Alonso es de esas personas que previenen tanto que si no tiene hecha la entrevista 3 semanas antes, se agobia.<\/strong> Ya no s\u00e9 <strong>hasta qu\u00e9 punto de inseparable es este d\u00fao.<\/strong><\/p>\n<p>Habr\u00e1 gente que piense que soy muy dr\u00e1stica, pero si en un par de d\u00edas no hemos grabado, supongo que<strong> significar\u00e1 un punto y aparte<\/strong>, y todos esos proyectos con los que hab\u00edamos so\u00f1ado se acaban. Tengo los ex\u00e1menes de septiembre <strong>en menos de 15 d\u00edas y siento que me falta algo.<\/strong> El junio, alguna noche me tir\u00e9 hasta las 3 de la madrugada montando un reportaje y al d\u00eda siguiente ten\u00eda examen. Beb\u00eda mucho caf\u00e9, dorm\u00eda pocas horas,<strong> incluso en alguna entrevista tuve que echarme una cabezada<\/strong>, pero me sent\u00eda con fuerzas para afrontar cualquier cosa, menos el verano. Si el 1 y 2 de septiembre no hay v\u00eddeo de entrevista y C\u00e1ceres ins\u00f3lita,<strong> ser\u00e1 de los momentos m\u00e1s duros de mi vida.<\/strong> Si los hay, lo reconozco, soy muy dr\u00e1stica.<\/p>\n<!-- AddThis Advanced Settings generic via filter on the_content --><!-- AddThis Share Buttons generic via filter on the_content -->","protected":false},"excerpt":{"rendered":"<p>Hace unos a\u00f1os, empec\u00e9 a odiar el verano. Lo que para todo el mundo es una \u00e9poca de descanso y tranquilidad, de viajar y disfrutar, para m\u00ed es tirarme en el sof\u00e1, ver la tele o intentar estudiar. Yo soy de las que prefieren agobiarse por no tener tiempo para hacer todas las tareas a [&hellip;]<!-- AddThis Advanced Settings generic via filter on get_the_excerpt --><!-- AddThis Share Buttons generic via filter on get_the_excerpt --><\/p>\n","protected":false},"author":45,"featured_media":0,"comment_status":"open","ping_status":"closed","sticky":false,"template":"","format":"standard","meta":[],"categories":[3],"tags":[175,184,202,582,1176,1468,1597,2133,2179,2228,2230,2279,2399,2589,2755,3075,3078,3519,3972,4247],"_links":{"self":[{"href":"https:\/\/blogs.hoy.es\/solitaencaceres\/wp-json\/wp\/v2\/posts\/144"}],"collection":[{"href":"https:\/\/blogs.hoy.es\/solitaencaceres\/wp-json\/wp\/v2\/posts"}],"about":[{"href":"https:\/\/blogs.hoy.es\/solitaencaceres\/wp-json\/wp\/v2\/types\/post"}],"author":[{"embeddable":true,"href":"https:\/\/blogs.hoy.es\/solitaencaceres\/wp-json\/wp\/v2\/users\/45"}],"replies":[{"embeddable":true,"href":"https:\/\/blogs.hoy.es\/solitaencaceres\/wp-json\/wp\/v2\/comments?post=144"}],"version-history":[{"count":0,"href":"https:\/\/blogs.hoy.es\/solitaencaceres\/wp-json\/wp\/v2\/posts\/144\/revisions"}],"wp:attachment":[{"href":"https:\/\/blogs.hoy.es\/solitaencaceres\/wp-json\/wp\/v2\/media?parent=144"}],"wp:term":[{"taxonomy":"category","embeddable":true,"href":"https:\/\/blogs.hoy.es\/solitaencaceres\/wp-json\/wp\/v2\/categories?post=144"},{"taxonomy":"post_tag","embeddable":true,"href":"https:\/\/blogs.hoy.es\/solitaencaceres\/wp-json\/wp\/v2\/tags?post=144"}],"curies":[{"name":"wp","href":"https:\/\/api.w.org\/{rel}","templated":true}]}}