{"id":193,"date":"2012-10-14T08:27:36","date_gmt":"2012-10-14T08:27:36","guid":{"rendered":"http:\/\/blogs.hoy.es\/solitaencaceres\/?p=193"},"modified":"2012-10-14T08:27:36","modified_gmt":"2012-10-14T08:27:36","slug":"la-vereda-de-la-puerta-de-atras","status":"publish","type":"post","link":"https:\/\/blogs.hoy.es\/solitaencaceres\/2012\/10\/14\/la-vereda-de-la-puerta-de-atras\/","title":{"rendered":"La vereda de la puerta de atr\u00e1s"},"content":{"rendered":"<p style=\"text-align: center;\"><a href=\"\/solitaencaceres\/wp-content\/uploads\/sites\/41\/2012\/10\/DSC_1686.jpg\"><img loading=\"lazy\" class=\"aligncenter  wp-image-194\" title=\"Camiseta original del concierto\" src=\"\/solitaencaceres\/wp-content\/uploads\/sites\/41\/2012\/10\/DSC_1686.jpg\" alt=\"\" width=\"635\" height=\"357\" srcset=\"https:\/\/static-blogs.hoy.es\/wp-content\/uploads\/sites\/41\/2012\/10\/DSC_1686.jpg 3264w, https:\/\/static-blogs.hoy.es\/wp-content\/uploads\/sites\/41\/2012\/10\/DSC_1686-300x169.jpg 300w, https:\/\/static-blogs.hoy.es\/wp-content\/uploads\/sites\/41\/2012\/10\/DSC_1686-768x432.jpg 768w, https:\/\/static-blogs.hoy.es\/wp-content\/uploads\/sites\/41\/2012\/10\/DSC_1686-1024x576.jpg 1024w\" sizes=\"(max-width: 635px) 100vw, 635px\" \/><\/a><\/p>\n<p>Cinco de la tarde. Bares y terrazas llenos por el centro de C\u00e1ceres. <strong>Gente vestida de negro tarareando canciones de <a href=\"http:\/\/www.extremoduro.com\/\" target=\"_blank\">Extremoduro<\/a><\/strong> esperando para coger un taxi. Comercios repletos de j\u00f3venes en busca de tinto de verano, calimocho, ron, whisky, queso, pan o jam\u00f3n. Ayer fue un d\u00eda grande. <strong>C\u00e1ceres viv\u00eda el rock.<\/strong><\/p>\n<p>En el ferial, <strong>gente haciendo cola desde el mediod\u00eda<\/strong>, disfrutando de los minutos previos al concierto como si fueran parte del espect\u00e1culo tambi\u00e9n. Chicos intentando comprar camisetas a mitad de precio, otros comprando la oficial al doble. <strong>Llaveros con forma de guitarra, p\u00faas, sudaderas, incluso el libro de <a href=\"http:\/\/www.hoy.es\/20091014\/sociedad\/robe-iniesta-extremoduro-vende-20091014.html\" target=\"_blank\">Robe Iniesta<\/a>, cualquier cosa val\u00eda para, d\u00edas despu\u00e9s, mirarla y recordar que hab\u00edas estado all\u00ed o presumir ante los que no pod\u00edan asistir.<\/strong> La vida era bella, <strong>rulaban los porros<\/strong>, la espera que hac\u00eda corta. Sin embargo, yo ten\u00eda una tarea complicada, tal vez imposible. Como buscando una aguja en un pajar, as\u00ed me sent\u00eda. <strong>No ten\u00eda entrada y buscaba una barata en la reventa<\/strong>. Iban pasando las horas, eran casi las 20h y ve\u00eda que despu\u00e9s de varias horas all\u00ed, no entrar\u00eda al concierto.<\/p>\n<p style=\"text-align: center;\"><a href=\"\/solitaencaceres\/wp-content\/uploads\/sites\/41\/2012\/10\/DSC_16831.jpg\"><img loading=\"lazy\" class=\"aligncenter  wp-image-196\" title=\"DSC_1683\" src=\"\/solitaencaceres\/wp-content\/uploads\/sites\/41\/2012\/10\/DSC_16831.jpg\" alt=\"\" width=\"614\" height=\"346\" srcset=\"https:\/\/static-blogs.hoy.es\/wp-content\/uploads\/sites\/41\/2012\/10\/DSC_16831.jpg 3264w, https:\/\/static-blogs.hoy.es\/wp-content\/uploads\/sites\/41\/2012\/10\/DSC_16831-300x169.jpg 300w, https:\/\/static-blogs.hoy.es\/wp-content\/uploads\/sites\/41\/2012\/10\/DSC_16831-768x432.jpg 768w, https:\/\/static-blogs.hoy.es\/wp-content\/uploads\/sites\/41\/2012\/10\/DSC_16831-1024x576.jpg 1024w\" sizes=\"(max-width: 614px) 100vw, 614px\" \/><\/a><\/p>\n<p>Ven\u00edan muchos autobuses de ciudades y pueblos cercanos, pero urbanos, uno cada hora. Con la excusa de ser de fuera y no conocer C\u00e1ceres,<strong> la gente se acercaba a preguntar y aprovechaban para ligar<\/strong>. Para muchos tambi\u00e9n fue una forma de reencontrarse con amigos que hac\u00eda mucho tiempo que no ve\u00edan. Todo el mundo estaba encantado. <strong>A veces, me sent\u00eda<\/strong> <strong>como si estuviera en un desfile de ropa.<\/strong> Hab\u00eda camisetas muy originales defendiendo la forma de hablar que tenemos en Extremadura, otros llevaban banderas de nuestra regi\u00f3n atadas al cuerpo, con el nombre de procedencia escrito en ellas. <strong>Orinar en los W.C. port\u00e1tiles, si eras chica, te hac\u00eda perder la tarde por las largas colas que hab\u00eda<\/strong>, pero si ibas entre los coches corr\u00edas el riesgo de que te viesen el culo, por lo esparcida que estaba la gente..<\/p>\n<p>A las 20h abr\u00edan las puertas. <strong>Mis amigos entraron y yo me fui a esperar el autob\u00fas urbano<\/strong>, con la intenci\u00f3n de salir despu\u00e9s del concierto por la madrila con ellos. Los taxis llegaban uno tras otro. Yo estaba sentada en una barandilla cada vez m\u00e1s sorprendida ante tal espect\u00e1culo, recordando en mi cabeza una canci\u00f3n de Extremoduro: <strong><a href=\"http:\/\/www.youtube.com\/watch?v=pM3JPhWApvY\" target=\"_blank\">La vereda de la puerta de atr\u00e1s<\/a><\/strong>.<strong> Y as\u00ed me sent\u00eda un poco, escapando por la puerta de atr\u00e1s, ya que estaba condenada a mirarlos desde fuera.\u00a0<\/strong><\/p>\n<!-- AddThis Advanced Settings generic via filter on the_content --><!-- AddThis Share Buttons generic via filter on the_content -->","protected":false},"excerpt":{"rendered":"<p>Cinco de la tarde. Bares y terrazas llenos por el centro de C\u00e1ceres. Gente vestida de negro tarareando canciones de Extremoduro esperando para coger un taxi. Comercios repletos de j\u00f3venes en busca de tinto de verano, calimocho, ron, whisky, queso, pan o jam\u00f3n. Ayer fue un d\u00eda grande. C\u00e1ceres viv\u00eda el rock. En el ferial, [&hellip;]<!-- AddThis Advanced Settings generic via filter on get_the_excerpt --><!-- AddThis Share Buttons generic via filter on get_the_excerpt --><\/p>\n","protected":false},"author":45,"featured_media":0,"comment_status":"open","ping_status":"closed","sticky":false,"template":"","format":"standard","meta":[],"categories":[3],"tags":[577,1001,1625,1665,2308,3587,3610,3615],"_links":{"self":[{"href":"https:\/\/blogs.hoy.es\/solitaencaceres\/wp-json\/wp\/v2\/posts\/193"}],"collection":[{"href":"https:\/\/blogs.hoy.es\/solitaencaceres\/wp-json\/wp\/v2\/posts"}],"about":[{"href":"https:\/\/blogs.hoy.es\/solitaencaceres\/wp-json\/wp\/v2\/types\/post"}],"author":[{"embeddable":true,"href":"https:\/\/blogs.hoy.es\/solitaencaceres\/wp-json\/wp\/v2\/users\/45"}],"replies":[{"embeddable":true,"href":"https:\/\/blogs.hoy.es\/solitaencaceres\/wp-json\/wp\/v2\/comments?post=193"}],"version-history":[{"count":0,"href":"https:\/\/blogs.hoy.es\/solitaencaceres\/wp-json\/wp\/v2\/posts\/193\/revisions"}],"wp:attachment":[{"href":"https:\/\/blogs.hoy.es\/solitaencaceres\/wp-json\/wp\/v2\/media?parent=193"}],"wp:term":[{"taxonomy":"category","embeddable":true,"href":"https:\/\/blogs.hoy.es\/solitaencaceres\/wp-json\/wp\/v2\/categories?post=193"},{"taxonomy":"post_tag","embeddable":true,"href":"https:\/\/blogs.hoy.es\/solitaencaceres\/wp-json\/wp\/v2\/tags?post=193"}],"curies":[{"name":"wp","href":"https:\/\/api.w.org\/{rel}","templated":true}]}}