{"id":198,"date":"2012-10-21T11:39:45","date_gmt":"2012-10-21T11:39:45","guid":{"rendered":"http:\/\/blogs.hoy.es\/solitaencaceres\/?p=198"},"modified":"2012-10-21T11:39:45","modified_gmt":"2012-10-21T11:39:45","slug":"erase-una-chica-a-un-movil-pegada","status":"publish","type":"post","link":"https:\/\/blogs.hoy.es\/solitaencaceres\/2012\/10\/21\/erase-una-chica-a-un-movil-pegada\/","title":{"rendered":"\u00c9rase una chica a un m\u00f3vil pegada"},"content":{"rendered":"<p style=\"text-align: center;\"><a href=\"\/solitaencaceres\/wp-content\/uploads\/sites\/41\/2012\/10\/sony_ericsson_xperia_arc_s_hands-on_11.jpg\"><img loading=\"lazy\" class=\"aligncenter  wp-image-199\" title=\"Tel\u00e9fono m\u00f3vil\" src=\"\/solitaencaceres\/wp-content\/uploads\/sites\/41\/2012\/10\/sony_ericsson_xperia_arc_s_hands-on_11.jpg\" alt=\"\" width=\"522\" height=\"384\" \/><\/a><\/p>\n<p>Si <a href=\"http:\/\/es.wikipedia.org\/wiki\/Luis_de_G%C3%B3ngora_y_Argote\" target=\"_blank\">G\u00f3ngora<\/a> era <a href=\"http:\/\/users.ipfw.edu\/jehle\/poesia\/eraseunh.htm\" target=\"_blank\">un hombre a una nariz pegado<\/a>, <strong>yo soy una chica pegada a su tel\u00e9fono m\u00f3vil<\/strong>. Probablemente, mi m\u00f3vil no tenga las grandes dimensiones que la nariz de la que nos habla <a href=\"http:\/\/es.wikipedia.org\/wiki\/Francisco_de_Quevedo\" target=\"_blank\">Quevedo<\/a>, pues los de \u00faltima generaci\u00f3n, m\u00e1s que parecer <strong>un elefante boca arriba, un espol\u00f3n, un peje espada o las pir\u00e1mides de Egipto<\/strong>, son peque\u00f1os y extrafinos.<\/p>\n<p>Si en el Siglo de Oro el lenguaje que funcionaba era el literario, hoy triunfa el de las redes sociales, <strong>la claridad por encima de la iron\u00eda<\/strong>. Vivimos en la \u00e9poca de \u201cdecir las cosas a la cara\u201d. Hasta hace poco, yo estaba enganchada a<strong> las conversaciones p\u00fablicas de twitter entre <a href=\"https:\/\/twitter.com\/JoseGordillo\" target=\"_blank\">Jos\u00e9 Manuel Gordillo<\/a>, redactor de la <a href=\"http:\/\/www.cope.es\/\" target=\"_blank\">cadena COPE<\/a> y tertuliano de <a href=\"http:\/\/www.canalextremadura.es\/\" target=\"_blank\">Canal Extremadura Televisi\u00f3n<\/a>, y <a href=\"https:\/\/twitter.com\/VictorMCasco\" target=\"_blank\">V\u00edctor Cascos<\/a>, parlamentario auton\u00f3mico de <a href=\"http:\/\/www.iu-extremadura.es\/\" target=\"_blank\">Izquierda Unida<\/a>.<\/strong> Eran muy entretenidas y me recordaban a Quevedo y a G\u00f3ngora porque siempre utilizaban un lenguaje correcto y educado, inteligencia e iron\u00eda.<\/p>\n<p>A veces siento que vivo en medio de dos mundos divergentes.<strong> Estoy enganchada al m\u00f3vil porque tengo<a href=\"http:\/\/www.tuenti.com\/?m=login\" target=\"_blank\"> tuenti<\/a>, <a href=\"https:\/\/twitter.com\/\" target=\"_blank\">twitter<\/a>, <a href=\"http:\/\/www.facebook.com\/\" target=\"_blank\">facebook<\/a>, <a href=\"http:\/\/www.skype.com\/intl\/es\/home\" target=\"_blank\">skype<\/a>, <a href=\"http:\/\/www.whatsapp.com\/\" target=\"_blank\">whatsApp<\/a>, <a href=\"http:\/\/www.sonico.com\/\" target=\"_blank\">s\u00f3nico<\/a>, <a href=\"http:\/\/es.netlog.com\/go\/twoo\/friends\" target=\"_blank\">netlog<\/a>, <a href=\"http:\/\/instagram.com\/\" target=\"_blank\">instagram<\/a>&#8230; y un largo etc\u00e9tera.<\/strong> Soy de esas personas que van por la calle esquivando obst\u00e1culos sin despegar la mirada de la pantalla, que hace deporte con el m\u00f3vil en la mano, que le encanta ver lo que est\u00e1n haciendo en ese mismo instante sus amigos o personas que tienen una vida interesante. Y me muevo entre esos dos mundos:<strong> el de mis amigas, j\u00f3venes, que hablan de fiestas, de la ropa que se van a poner, de los zapatos que se compran, de los ex\u00e1menes que tienen, de lo poco que han dormido\u2026 y el mundo de la informaci\u00f3n, el de la gente madura, con los pies en la tierra, al que le interesa saber qu\u00e9 sucede cada d\u00eda y dar su opini\u00f3n, al que le gusta hacer una cr\u00edtica de la actualidad pol\u00edtica o subir una foto mostr\u00e1ndonos un paisaje que muchos nunca llegaremos a conocer.<\/strong><\/p>\n<p>Ahora, contactar con una persona, saber d\u00f3nde vive o d\u00f3nde est\u00e1 en un preciso momento es muy sencillo. <strong>\u201c\u00bfTienes WhatsApp?\u201d se ha convertido en el eufemismo de: \u201c\u00bfMe das tu n\u00famero de tel\u00e9fono?\u201d. Y<a href=\"https:\/\/maps.google.es\/\" target=\"_blank\"> Google Maps<\/a> te ayuda a localizar o a enviar tu localizaci\u00f3n por si te pierdes y te tienen que buscar.<\/strong> A m\u00ed una vez me sucedi\u00f3 y fue muy eficaz. Tambi\u00e9n hay una aplicaci\u00f3n muy interesante para personas a las que nos encanta perdernos por las ciudades y descubrir cosas nuevas, pero con seguridad. <strong>Se llama Sitios. Te lleva a bares, restaurantes, parques, tiendas, monumentos, hospitales\u2026<\/strong> Este verano, quer\u00eda hacerme un tatuaje en una ciudad que no conoc\u00eda y gracias a esta aplicaci\u00f3n llegu\u00e9 a varias tiendas. Mi tobillo lo certifica.<\/p>\n<p><strong>Creo que si G\u00f3ngora hubiera vivido en esta \u00e9poca, no ser\u00eda un hombre a una nariz pegado, sino m\u00e1s bien, con una nariz estampada.<\/strong> El otro d\u00eda, subiendo a la monta\u00f1a, mientras hac\u00eda fotos con instagram, las retocaba y las sub\u00eda, di un mal paso y ca\u00ed de frente contra el suelo. \u00a1Menudo narizazo! <strong>Si llega a verme un Quevedo del siglo XXI m\u00e1s que escribirme una poes\u00eda, me hace una foto y la sube a twitter.\u00a0<\/strong><\/p>\n<p style=\"text-align: center;\"><a href=\"\/solitaencaceres\/wp-content\/uploads\/sites\/41\/2012\/10\/IMG_20121016_191633.jpg\"><img loading=\"lazy\" class=\"aligncenter  wp-image-201\" title=\"Subiendo a la monta\u00f1a\" src=\"\/solitaencaceres\/wp-content\/uploads\/sites\/41\/2012\/10\/IMG_20121016_191633.jpg\" alt=\"\" width=\"576\" height=\"576\" srcset=\"https:\/\/static-blogs.hoy.es\/wp-content\/uploads\/sites\/41\/2012\/10\/IMG_20121016_191633.jpg 720w, https:\/\/static-blogs.hoy.es\/wp-content\/uploads\/sites\/41\/2012\/10\/IMG_20121016_191633-150x150.jpg 150w, https:\/\/static-blogs.hoy.es\/wp-content\/uploads\/sites\/41\/2012\/10\/IMG_20121016_191633-300x300.jpg 300w\" sizes=\"(max-width: 576px) 100vw, 576px\" \/><\/a><\/p>\n<!-- AddThis Advanced Settings generic via filter on the_content --><!-- AddThis Share Buttons generic via filter on the_content -->","protected":false},"excerpt":{"rendered":"<p>Si G\u00f3ngora era un hombre a una nariz pegado, yo soy una chica pegada a su tel\u00e9fono m\u00f3vil. Probablemente, mi m\u00f3vil no tenga las grandes dimensiones que la nariz de la que nos habla Quevedo, pues los de \u00faltima generaci\u00f3n, m\u00e1s que parecer un elefante boca arriba, un espol\u00f3n, un peje espada o las pir\u00e1mides [&hellip;]<!-- AddThis Advanced Settings generic via filter on get_the_excerpt --><!-- AddThis Share Buttons generic via filter on get_the_excerpt --><\/p>\n","protected":false},"author":45,"featured_media":0,"comment_status":"open","ping_status":"closed","sticky":false,"template":"","format":"standard","meta":[],"categories":[3],"tags":[586,674,1630,1870,1872,2129,2165,2191,2333,2851,3477,3529,3789,3820,3844,4116,4131,4143,4144,4145,4156,4270,4332],"_links":{"self":[{"href":"https:\/\/blogs.hoy.es\/solitaencaceres\/wp-json\/wp\/v2\/posts\/198"}],"collection":[{"href":"https:\/\/blogs.hoy.es\/solitaencaceres\/wp-json\/wp\/v2\/posts"}],"about":[{"href":"https:\/\/blogs.hoy.es\/solitaencaceres\/wp-json\/wp\/v2\/types\/post"}],"author":[{"embeddable":true,"href":"https:\/\/blogs.hoy.es\/solitaencaceres\/wp-json\/wp\/v2\/users\/45"}],"replies":[{"embeddable":true,"href":"https:\/\/blogs.hoy.es\/solitaencaceres\/wp-json\/wp\/v2\/comments?post=198"}],"version-history":[{"count":0,"href":"https:\/\/blogs.hoy.es\/solitaencaceres\/wp-json\/wp\/v2\/posts\/198\/revisions"}],"wp:attachment":[{"href":"https:\/\/blogs.hoy.es\/solitaencaceres\/wp-json\/wp\/v2\/media?parent=198"}],"wp:term":[{"taxonomy":"category","embeddable":true,"href":"https:\/\/blogs.hoy.es\/solitaencaceres\/wp-json\/wp\/v2\/categories?post=198"},{"taxonomy":"post_tag","embeddable":true,"href":"https:\/\/blogs.hoy.es\/solitaencaceres\/wp-json\/wp\/v2\/tags?post=198"}],"curies":[{"name":"wp","href":"https:\/\/api.w.org\/{rel}","templated":true}]}}