{"id":20,"date":"2012-05-09T20:41:48","date_gmt":"2012-05-09T20:41:48","guid":{"rendered":"http:\/\/blogs.hoy.es\/solitaencaceres\/?p=20"},"modified":"2012-05-09T20:41:48","modified_gmt":"2012-05-09T20:41:48","slug":"salon-de-masajes","status":"publish","type":"post","link":"https:\/\/blogs.hoy.es\/solitaencaceres\/2012\/05\/09\/salon-de-masajes\/","title":{"rendered":"Sal\u00f3n de masajes"},"content":{"rendered":"<p>En <a href=\"http:\/\/www.hoy.es\/videos\/a-fondo\/caceres-insolita\/\" target=\"_blank\">C\u00e1ceres Ins\u00f3lita<\/a> intentamos <strong>no ser convencionales y buscar \u00a0la originalidad<\/strong>. Procuramos no superar nunca la barrera de lo rid\u00edculo, para no convertirnos en esa palabra que a mi compa\u00f1ero le da tanto respeto: <strong>frikis<\/strong>. Mostramos la realidad a nuestra manera, a gusto de unos y enfado de otros.<\/p>\n<p><strong>Alonso de la Torre<\/strong> no es un colaborador period\u00edstico ejemplar. Me baso principalmente en que <strong>se duerme en las entrevistas<\/strong>. Esto lo puede corroborar perfectamente <a href=\"http:\/\/www.hoy.es\/v\/20110626\/regional\/distingues-joven-rural-otro-20110626.html\" target=\"_blank\">Luis Entisne<\/a>, un maestro de adultos que vive en <strong>La Sauceda<\/strong> y que presenci\u00f3 esta situaci\u00f3n. <strong>No es el \u00fanico<\/strong> al que le ha ocurrido esto, pero s\u00ed el m\u00e1s original: en vez de ofrecerle un caf\u00e9 o una coca cola, <strong>se levant\u00f3 repentinamente y le dio un masaje<\/strong>.<\/p>\n<p><a href=\"\/solitaencaceres\/wp-content\/uploads\/sites\/41\/2012\/05\/11.jpg\"><img loading=\"lazy\" class=\"aligncenter size-full wp-image-26\" title=\"Luis Entisne y Alonso de la Torre\" src=\"\/solitaencaceres\/wp-content\/uploads\/sites\/41\/2012\/05\/11.jpg\" alt=\"\" width=\"510\" height=\"407\" srcset=\"https:\/\/static-blogs.hoy.es\/wp-content\/uploads\/sites\/41\/2012\/05\/11.jpg 729w, https:\/\/static-blogs.hoy.es\/wp-content\/uploads\/sites\/41\/2012\/05\/11-300x239.jpg 300w\" sizes=\"(max-width: 510px) 100vw, 510px\" \/><\/a><\/p>\n<p>En nuestro caso, se han juntado el hambre con las ganas de comer. \u00a0<strong>Yo tampoco soy una chica ejemplar<\/strong>, pero no solo grabando v\u00eddeos, sino en ning\u00fan aspecto de mi vida: cuando tengo ex\u00e1menes, como mucho empiezo a estudiar dos d\u00edas antes, si no es la noche anterior con un termo de caf\u00e9; al m\u00e9dico habr\u00e9 ido tres veces en toda mi vida, nunca me han hecho unos an\u00e1lisis, ni me han sacado sangre; hago dietas radicales en las que puedo estar sin comer una semana; duermo por el d\u00eda y por la noche doy vueltas en la cama; prefiero mojarme a cargar con un paraguas, y pasar fr\u00edo a cargar con un abrigo\u2026 La verdad es que me considero <strong>una persona bastante inestable<\/strong>. Cuando estaba en la escuela, a veces me daba por hacer la letra muy grande, y otras, muy peque\u00f1a. La profesora siempre me dec\u00eda que no ten\u00eda t\u00e9rmino medio.<\/p>\n<p>Este <strong>grado de locura<\/strong> que yo tengo, aunque no lo aparento, y un gran fervor por contar lo que pasa por parte de Alonso, son los que nos llevan a comprar un <a href=\"http:\/\/www.hoy.es\/v\/20111127\/caceres\/tocinillos-cilicios-20111127.html\" target=\"_blank\">cilicio a las monjas,<\/a> a entrar en el <a href=\"http:\/\/www.hoy.es\/20120107\/local\/polillas-plaza-mayor-201201071240.html\" target=\"_blank\">bar de pollitas de la Plaza Mayor<\/a>, a <a href=\"http:\/\/www.hoy.es\/v\/20110929\/caceres\/cuesta-marques-20110929.html\" target=\"_blank\">coronar la Cuesta del Marqu\u00e9s<\/a> o a <a href=\"http:\/\/www.hoy.es\/20120128\/local\/vendo-virgen-buena-caceres-201201280006.html\" target=\"_blank\">vender pa\u00f1uelos, estampitas y mecheros<\/a> en un sem\u00e1foro.<\/p>\n<!-- AddThis Advanced Settings generic via filter on the_content --><!-- AddThis Share Buttons generic via filter on the_content -->","protected":false},"excerpt":{"rendered":"<p>En C\u00e1ceres Ins\u00f3lita intentamos no ser convencionales y buscar \u00a0la originalidad. Procuramos no superar nunca la barrera de lo rid\u00edculo, para no convertirnos en esa palabra que a mi compa\u00f1ero le da tanto respeto: frikis. Mostramos la realidad a nuestra manera, a gusto de unos y enfado de otros. Alonso de la Torre no es [&hellip;]<!-- AddThis Advanced Settings generic via filter on get_the_excerpt --><!-- AddThis Share Buttons generic via filter on get_the_excerpt --><\/p>\n","protected":false},"author":45,"featured_media":0,"comment_status":"open","ping_status":"closed","sticky":false,"template":"","format":"standard","meta":[],"categories":[3],"tags":[174,582,881,1123,1454,1773,2297,2468,3290,3741],"_links":{"self":[{"href":"https:\/\/blogs.hoy.es\/solitaencaceres\/wp-json\/wp\/v2\/posts\/20"}],"collection":[{"href":"https:\/\/blogs.hoy.es\/solitaencaceres\/wp-json\/wp\/v2\/posts"}],"about":[{"href":"https:\/\/blogs.hoy.es\/solitaencaceres\/wp-json\/wp\/v2\/types\/post"}],"author":[{"embeddable":true,"href":"https:\/\/blogs.hoy.es\/solitaencaceres\/wp-json\/wp\/v2\/users\/45"}],"replies":[{"embeddable":true,"href":"https:\/\/blogs.hoy.es\/solitaencaceres\/wp-json\/wp\/v2\/comments?post=20"}],"version-history":[{"count":0,"href":"https:\/\/blogs.hoy.es\/solitaencaceres\/wp-json\/wp\/v2\/posts\/20\/revisions"}],"wp:attachment":[{"href":"https:\/\/blogs.hoy.es\/solitaencaceres\/wp-json\/wp\/v2\/media?parent=20"}],"wp:term":[{"taxonomy":"category","embeddable":true,"href":"https:\/\/blogs.hoy.es\/solitaencaceres\/wp-json\/wp\/v2\/categories?post=20"},{"taxonomy":"post_tag","embeddable":true,"href":"https:\/\/blogs.hoy.es\/solitaencaceres\/wp-json\/wp\/v2\/tags?post=20"}],"curies":[{"name":"wp","href":"https:\/\/api.w.org\/{rel}","templated":true}]}}