{"id":202,"date":"2012-10-22T10:13:51","date_gmt":"2012-10-22T10:13:51","guid":{"rendered":"http:\/\/blogs.hoy.es\/solitaencaceres\/?p=202"},"modified":"2012-10-22T10:13:51","modified_gmt":"2012-10-22T10:13:51","slug":"yo-tambien-soy-rafa","status":"publish","type":"post","link":"https:\/\/blogs.hoy.es\/solitaencaceres\/2012\/10\/22\/yo-tambien-soy-rafa\/","title":{"rendered":"Yo tambi\u00e9n soy Rafa"},"content":{"rendered":"<p style=\"text-align: center;\"><a href=\"\/solitaencaceres\/wp-content\/uploads\/sites\/41\/2012\/10\/DSC_1755.jpg\"><img loading=\"lazy\" class=\"aligncenter  wp-image-203\" title=\"Los estudiantes bajan al Ayuntamiento por Pintores\" src=\"\/solitaencaceres\/wp-content\/uploads\/sites\/41\/2012\/10\/DSC_1755.jpg\" alt=\"\" width=\"614\" height=\"346\" srcset=\"https:\/\/static-blogs.hoy.es\/wp-content\/uploads\/sites\/41\/2012\/10\/DSC_1755.jpg 3264w, https:\/\/static-blogs.hoy.es\/wp-content\/uploads\/sites\/41\/2012\/10\/DSC_1755-300x169.jpg 300w, https:\/\/static-blogs.hoy.es\/wp-content\/uploads\/sites\/41\/2012\/10\/DSC_1755-768x432.jpg 768w, https:\/\/static-blogs.hoy.es\/wp-content\/uploads\/sites\/41\/2012\/10\/DSC_1755-1024x576.jpg 1024w\" sizes=\"(max-width: 614px) 100vw, 614px\" \/><\/a><\/p>\n<p>Ahora que comienzan de nuevo las clases y terminan las huelgas de estudiantes, <strong>es momento de analizar lo sucedido<\/strong>. Yo creo que ha sido muy buena t<strong>oda la repercusi\u00f3n que ha tenido la portada de <a href=\"http:\/\/www.elmundo.es\/elmundo\/2012\/10\/20\/espana\/1350715936.html?cid=GNEW970103\" target=\"_blank\">El Mundo<\/a><\/strong>. Sin ella, la huelga hubiera quedado en una mera an\u00e9cdota, en un par de fotos que hubieran publicado los diarios contando que hab\u00eda mucha o poca gente dependiendo de su ideolog\u00eda.<\/p>\n<p><strong><a href=\"https:\/\/twitter.com\/OtraExtremadura\" target=\"_blank\">Rafael Gonz\u00e1lez<\/a> se ha convertido en el \u00eddolo de los estudiantes que estuvimos protestando<\/strong>. Todos nos hemos sentido parte de \u00e9l. Ha sido muy injusto el trato que le han dado, <strong>acus\u00e1ndolo de instigar a j\u00f3venes a asaltar un colegio religioso<\/strong>. Muchos de los que estuvimos en C\u00e1ceres, primero frente a la <a href=\"http:\/\/www.europapress.es\/extremadura\/noticia-estudiantes-tiran-huevos-policia-protesta-subdelegacion-gobierno-ayuntamiento-caceres-20121017204217.html\" target=\"_blank\">Subdelegaci\u00f3n del Gobierno<\/a> y despu\u00e9s ante el Ayuntamiento, <strong>hicimos lo mismo que Rafa, protestar y alentar a hacerlo a todo el que miraba y no se sumaba<\/strong>. \u00a0En C\u00e1ceres tambi\u00e9n coreamos <strong>\u201cMenos crucifijos y m\u00e1s trabajo fijo\u201d, \u201cEsto nos pasa, por un gobierno facha\u201d<\/strong>, etc. y no pas\u00f3 nada. Cargaron al final los polic\u00edas contra nosotros por un petardo, pero no tuvo mayor repercusi\u00f3n.<\/p>\n<p>La portada de El Mundo hace plantearse a una muchas cuestiones. Para los que tenemos la intenci\u00f3n de estudiar en un futuro cercano periodismo, hace que <strong>nos alejemos de la profesi\u00f3n<\/strong>. La prensa rosa ha hecho mucho da\u00f1o,<strong> las suposiciones y el morbo valen, la verdadera informaci\u00f3n no vende<\/strong>. Y Rafael Gonz\u00e1lez, por ser militante de <strong><a href=\"http:\/\/www.iu-extremadura.es\/\" target=\"_blank\">Izquierda Unida<\/a><\/strong>, les ha servido para hacer de un movimiento social, una cr\u00edtica contra la actitud de los estudiantes. Ya no vale con llamarnos vagos o perros flautas, van a por nosotros.<\/p>\n<p>Pero, como dec\u00eda al principio, creo que esto ha sido algo bueno.<strong> La imagen de Rafa quedar\u00e1 para siempre manchada, aunque la justicia le d\u00e9 la raz\u00f3n<\/strong>. Los que piensan que debe ser juzgado por defender la ense\u00f1anza p\u00fablica, no van a cambiar sus ideas a pesar de que se demuestre que no tienen raz\u00f3n. Y los que estuvimos luchando contra los recortes, ya fuera coreando frases, tirando huevos o dando ejemplo a la gente que nos miraba, estamos con \u00e9l, siguiendo sus pasos aunque apenas lo conozcamos y esperando que <strong>estos d\u00edas de mucha prensa sobre M\u00e9rida y el \u201casalto\u201d a los Salesianos hagan que m\u00e1s gente se sume al carro en la pr\u00f3xima protesta. A ver a qui\u00e9n ponen ahora en la diana.\u00a0<\/strong><\/p>\n<!-- AddThis Advanced Settings generic via filter on the_content --><!-- AddThis Share Buttons generic via filter on the_content -->","protected":false},"excerpt":{"rendered":"<p>Ahora que comienzan de nuevo las clases y terminan las huelgas de estudiantes, es momento de analizar lo sucedido. Yo creo que ha sido muy buena toda la repercusi\u00f3n que ha tenido la portada de El Mundo. Sin ella, la huelga hubiera quedado en una mera an\u00e9cdota, en un par de fotos que hubieran publicado [&hellip;]<!-- AddThis Advanced Settings generic via filter on get_the_excerpt --><!-- AddThis Share Buttons generic via filter on get_the_excerpt --><\/p>\n","protected":false},"author":45,"featured_media":0,"comment_status":"open","ping_status":"closed","sticky":false,"template":"","format":"standard","meta":[],"categories":[3],"tags":[354,577,2165,2288,2455,3489,3864,4388],"_links":{"self":[{"href":"https:\/\/blogs.hoy.es\/solitaencaceres\/wp-json\/wp\/v2\/posts\/202"}],"collection":[{"href":"https:\/\/blogs.hoy.es\/solitaencaceres\/wp-json\/wp\/v2\/posts"}],"about":[{"href":"https:\/\/blogs.hoy.es\/solitaencaceres\/wp-json\/wp\/v2\/types\/post"}],"author":[{"embeddable":true,"href":"https:\/\/blogs.hoy.es\/solitaencaceres\/wp-json\/wp\/v2\/users\/45"}],"replies":[{"embeddable":true,"href":"https:\/\/blogs.hoy.es\/solitaencaceres\/wp-json\/wp\/v2\/comments?post=202"}],"version-history":[{"count":0,"href":"https:\/\/blogs.hoy.es\/solitaencaceres\/wp-json\/wp\/v2\/posts\/202\/revisions"}],"wp:attachment":[{"href":"https:\/\/blogs.hoy.es\/solitaencaceres\/wp-json\/wp\/v2\/media?parent=202"}],"wp:term":[{"taxonomy":"category","embeddable":true,"href":"https:\/\/blogs.hoy.es\/solitaencaceres\/wp-json\/wp\/v2\/categories?post=202"},{"taxonomy":"post_tag","embeddable":true,"href":"https:\/\/blogs.hoy.es\/solitaencaceres\/wp-json\/wp\/v2\/tags?post=202"}],"curies":[{"name":"wp","href":"https:\/\/api.w.org\/{rel}","templated":true}]}}