{"id":206,"date":"2012-10-23T10:18:00","date_gmt":"2012-10-23T10:18:00","guid":{"rendered":"http:\/\/blogs.hoy.es\/solitaencaceres\/?p=206"},"modified":"2012-10-23T10:18:00","modified_gmt":"2012-10-23T10:18:00","slug":"el-taladro-despertador","status":"publish","type":"post","link":"https:\/\/blogs.hoy.es\/solitaencaceres\/2012\/10\/23\/el-taladro-despertador\/","title":{"rendered":"El taladro despertador"},"content":{"rendered":"<p style=\"text-align: center;\"><a href=\"\/solitaencaceres\/wp-content\/uploads\/sites\/41\/2012\/10\/DSC_1774.jpg\"><img loading=\"lazy\" class=\"aligncenter  wp-image-207\" title=\"Las obras de enfrente\" src=\"\/solitaencaceres\/wp-content\/uploads\/sites\/41\/2012\/10\/DSC_1774.jpg\" alt=\"\" width=\"614\" height=\"346\" srcset=\"https:\/\/static-blogs.hoy.es\/wp-content\/uploads\/sites\/41\/2012\/10\/DSC_1774.jpg 3264w, https:\/\/static-blogs.hoy.es\/wp-content\/uploads\/sites\/41\/2012\/10\/DSC_1774-300x169.jpg 300w, https:\/\/static-blogs.hoy.es\/wp-content\/uploads\/sites\/41\/2012\/10\/DSC_1774-768x432.jpg 768w, https:\/\/static-blogs.hoy.es\/wp-content\/uploads\/sites\/41\/2012\/10\/DSC_1774-1024x576.jpg 1024w\" sizes=\"(max-width: 614px) 100vw, 614px\" \/><\/a><\/p>\n<p>Hace unos a\u00f1os le\u00ed <span style=\"text-decoration: underline;\"><a href=\"http:\/\/www.diariosigloxxi.com\/texto-diario\/mostrar\/24355\" target=\"_blank\">El vecino de abajo<\/a><\/span>, una novela de <a href=\"http:\/\/es.wikipedia.org\/wiki\/Mercedes_Abad\" target=\"_blank\">Mercedes Abad<\/a>. Trata sobre la vida de <strong>una traductora amante del orden y la simetr\u00eda que se ve perturbada de repente por las obras que inicia su vecino de abajo sin previo aviso<\/strong>. A partir de ah\u00ed, ella enloquece por el ruido a las ocho de la ma\u00f1ana de martillos y taladros. <strong>Su objetivo ser\u00e1 aniquilarlo<\/strong>.<\/p>\n<p>Cuando me vine a vivir a C\u00e1ceres, hace ahora justo un mes,<strong> la \u00fanica pega que le puse a la zona era que acababan de comenzar unas obras que ten\u00edan pinta de durar mucho tiempo<\/strong>. Siendo hija de un obrero y tal y como est\u00e1 la cosa, intento no quejarme por el ruido, pero es incomod\u00edsimo. Todas las noches abro la ventana de mi habitaci\u00f3n. Las dos primeras semanas que estuve en C\u00e1ceres, como sol\u00eda ir a clases, me levantaba antes de que comenzaran las obras y no las sent\u00eda.<strong> La semana pasada con la huelga, no madrugaba y en cuanto los taladros funcionaban y los camiones empezaban a llegar, ya pod\u00eda cerrar la ventana, esconderme bajo las s\u00e1banas o apretar la almohada sobre mi cabeza, que me despertaba.<\/strong><\/p>\n<p>A\u00fan no me he acostumbrado a mi nueva cama. <strong>Me cuesta dormir por las noches<\/strong> y tomo algunas infusiones para conciliar mejor el sue\u00f1o. <strong>El domingo no me acost\u00e9 hasta las cinco de la madrugada y a las siete ten\u00eda que levantarme para ir a clase.<\/strong> Puse varias alarmas en el m\u00f3vil y el despertador, para que no se me pegaran las s\u00e1banas. <strong>Cuando abr\u00ed los ojos por la ma\u00f1ana, hab\u00eda demasiada claridad para ser las siete. Todas las alarmas estaban inhabilitadas. El ruido estruendoso de un taladro entraba por mi ventana.<\/strong><\/p>\n<p>Yo no llevo una vida ordenada y sim\u00e9trica.<strong> No me importa tener que vivir con un poco de ruido, pero tanto empieza a desquiciarme<\/strong>, sobre todo esas ma\u00f1anas en las que no me suena el despertador y la cama me posee. Espero no tener que llegar al punto de la protagonista de la novela y que <strong>mi objetivo vital sea aniquilar al que realiza la obra.<\/strong> El m\u00edo no es el vecino de abajo, es el de enfrente, el <strong><a href=\"http:\/\/www.josefinas-trinitarias.org\/laasuncionc\/\" target=\"_blank\">Colegio Josefinas<\/a><\/strong>.<strong> Y No est\u00e1 ahora el ambiente como para gastar bromas con muertes y monjas, en este caso.\u00a0<\/strong><\/p>\n<!-- AddThis Advanced Settings generic via filter on the_content --><!-- AddThis Share Buttons generic via filter on the_content -->","protected":false},"excerpt":{"rendered":"<p>Hace unos a\u00f1os le\u00ed El vecino de abajo, una novela de Mercedes Abad. Trata sobre la vida de una traductora amante del orden y la simetr\u00eda que se ve perturbada de repente por las obras que inicia su vecino de abajo sin previo aviso. A partir de ah\u00ed, ella enloquece por el ruido a las [&hellip;]<!-- AddThis Advanced Settings generic via filter on get_the_excerpt --><!-- AddThis Share Buttons generic via filter on get_the_excerpt --><\/p>\n","protected":false},"author":45,"featured_media":0,"comment_status":"open","ping_status":"closed","sticky":false,"template":"","format":"standard","meta":[],"categories":[3],"tags":[577,944,1223,1397,2564,2633,2743,3646,3906],"_links":{"self":[{"href":"https:\/\/blogs.hoy.es\/solitaencaceres\/wp-json\/wp\/v2\/posts\/206"}],"collection":[{"href":"https:\/\/blogs.hoy.es\/solitaencaceres\/wp-json\/wp\/v2\/posts"}],"about":[{"href":"https:\/\/blogs.hoy.es\/solitaencaceres\/wp-json\/wp\/v2\/types\/post"}],"author":[{"embeddable":true,"href":"https:\/\/blogs.hoy.es\/solitaencaceres\/wp-json\/wp\/v2\/users\/45"}],"replies":[{"embeddable":true,"href":"https:\/\/blogs.hoy.es\/solitaencaceres\/wp-json\/wp\/v2\/comments?post=206"}],"version-history":[{"count":0,"href":"https:\/\/blogs.hoy.es\/solitaencaceres\/wp-json\/wp\/v2\/posts\/206\/revisions"}],"wp:attachment":[{"href":"https:\/\/blogs.hoy.es\/solitaencaceres\/wp-json\/wp\/v2\/media?parent=206"}],"wp:term":[{"taxonomy":"category","embeddable":true,"href":"https:\/\/blogs.hoy.es\/solitaencaceres\/wp-json\/wp\/v2\/categories?post=206"},{"taxonomy":"post_tag","embeddable":true,"href":"https:\/\/blogs.hoy.es\/solitaencaceres\/wp-json\/wp\/v2\/tags?post=206"}],"curies":[{"name":"wp","href":"https:\/\/api.w.org\/{rel}","templated":true}]}}