{"id":215,"date":"2012-10-29T09:54:04","date_gmt":"2012-10-29T09:54:04","guid":{"rendered":"http:\/\/blogs.hoy.es\/solitaencaceres\/?p=215"},"modified":"2012-10-29T09:54:04","modified_gmt":"2012-10-29T09:54:04","slug":"mama","status":"publish","type":"post","link":"https:\/\/blogs.hoy.es\/solitaencaceres\/2012\/10\/29\/mama\/","title":{"rendered":"\u00a1Mam\u00e1!"},"content":{"rendered":"<p style=\"text-align: center;\"><a href=\"\/solitaencaceres\/wp-content\/uploads\/sites\/41\/2012\/10\/IMG_20121028_170643.jpg\"><img loading=\"lazy\" class=\"aligncenter  wp-image-216\" title=\"Carolina e Iv\u00e1n\" src=\"\/solitaencaceres\/wp-content\/uploads\/sites\/41\/2012\/10\/IMG_20121028_170643.jpg\" alt=\"\" width=\"648\" height=\"648\" srcset=\"https:\/\/static-blogs.hoy.es\/wp-content\/uploads\/sites\/41\/2012\/10\/IMG_20121028_170643.jpg 720w, https:\/\/static-blogs.hoy.es\/wp-content\/uploads\/sites\/41\/2012\/10\/IMG_20121028_170643-150x150.jpg 150w, https:\/\/static-blogs.hoy.es\/wp-content\/uploads\/sites\/41\/2012\/10\/IMG_20121028_170643-300x300.jpg 300w\" sizes=\"(max-width: 648px) 100vw, 648px\" \/><\/a><\/p>\n<p>Este fin de semana lo he pasado con mi hermano. Desde el viernes por la noche que llegamos a C\u00e1ceres hasta ayer que vinieron mis padres a buscarlo, no nos hemos despegado. La primera noche le hice la cena, luego \u00e9l me ayudaba a fregar los platos, ve\u00edamos v\u00eddeos juntos en Internet,<strong> dorm\u00edamos abrazados como hac\u00edamos todas las noches antes de venirme yo a C\u00e1ceres.<\/strong><\/p>\n<p>Siempre me he cre\u00eddo un poco irresponsable,<strong> incapaz de cuidar de m\u00ed misma como para hacerme cargo de alguien.<\/strong> Este fin de semana mi intenci\u00f3n era que mi hermano se fuese a casa ech\u00e1ndome de menos, deseando volver. El s\u00e1bado por la ma\u00f1ana me despert\u00e9 temprano, aunque no antes que \u00e9l. <strong>A las nueve ya estaba en pie, leyendo un libro de <a href=\"http:\/\/www.rtve.es\/infantil\/series\/bob-esponja\/\">Bob Esponja<\/a> que se sabe de memoria de tantas veces como lo ha le\u00eddo, pero que le encanta.<\/strong> Le prepar\u00e9 una taza de Colacao con magdalenas, lo vest\u00ed, me ayud\u00f3 a meter la ropa sucia en la lavadora, le\u00eda en voz alta su libro para que lo escuchase mientras yo me maquillaba\u2026 Nos compenetr\u00e1bamos muy bien.<\/p>\n<p>Salimos a pasear por C\u00e1ceres a las 12. Yo ten\u00eda que comprar un diccionario de portugu\u00e9s y \u00e9l un juego para la Nintendo 3DS. Al entrar en el<strong> <a href=\"http:\/\/www.guias11811.es\/informacion-contacto\/M439928815\/LIBRERIA-PLEYADES-CENTRO-COMERCIAL-CANOVAS\/\">Centro Comercial de C\u00e1novas<\/a><\/strong>, para llegar a la <a href=\"http:\/\/www.libreriapleyades.com\/indice\">librer\u00eda Pleyades<\/a> hab\u00eda una cola muy larga. Decidimos ir primero a por el juego.<strong> Al volver, la cola hab\u00eda aumentado.<\/strong> Hab\u00eda muchos ni\u00f1os peque\u00f1os, pens\u00e9 que pod\u00edan estar comprando algo para el colegio. Le pregunt\u00e9 a una madre, esperaban para una firma de libros. Tras comprar el diccionario, vi que<strong> era una persona disfrazada de rat\u00f3n quien firmaba<\/strong> y me interes\u00e9 por el tema:\u00a0<strong><a href=\"http:\/\/www.clubgeronimostilton.es\/\">Ger\u00f3nimo Stilton<\/a>, un rat\u00f3n escritor y director de un peri\u00f3dico llamado \u201cEl eco del roedor\u201d<\/strong>. Me gust\u00f3. <strong>Me pareci\u00f3 que podr\u00eda hacer frente a Bob Esponja y lo compr\u00e9.<\/strong> Al salir, le pregunt\u00e9 a mi hermano que si quer\u00eda ponerse en la cola para que le dedicasen el libro. Me dijo: \u201c<strong>\u00a1Por favor, Carol, no pretender\u00e1s que pase aqu\u00ed la ma\u00f1ana!\u201d<\/strong><\/p>\n<p>Dicho y hecho, nos largamos de all\u00ed. Nuestra siguiente parada fue el Eroski. Vimos la exposici\u00f3n de fotograf\u00eda y fuimos a <a href=\"http:\/\/www.burgerking.es\/\">Burger King<\/a>. <strong>A Iv\u00e1n le encanta imaginar que come cangreburgers como las que prepara Bob Esponja, que yo soy Patricio y que estamos en el Crust\u00e1ceo Crujiente.<\/strong> Vive en un mundo de fantas\u00edas que a veces envidio. Cuanto m\u00e1s mayor te haces y m\u00e1s independiente quieres ser, m\u00e1s hostias te das. Despu\u00e9s, volvimos a casa, a descansar para ir por la tarde a jugar a un parque.<\/p>\n<p>En el Rodeo hab\u00eda pocos ni\u00f1os, hac\u00eda fr\u00edo y hab\u00eda oscurecido. <strong>Iv\u00e1n se tiraba de un tobog\u00e1n cerrado, de color rojo, que hay tras subir un castillo.<\/strong> Yo lo esperaba sentada en un banco, aunque <strong>el cuerpo me ped\u00eda jugar con \u00e9l, pero no me parec\u00eda correcto porque los pocos ni\u00f1os que hab\u00eda pod\u00edan reprimirse.<\/strong> De repente, llegaron dos ni\u00f1as, yo dir\u00eda que ten\u00edan entre 14 y 16 a\u00f1os. Se subieron a lo alto del castillo, se sentaron en la boca del tobog\u00e1n, que al ser cerrado hac\u00eda eco, sacaron su m\u00f3vil,<strong> pusieron la canci\u00f3n de <a href=\"http:\/\/www.youtube.com\/watch?v=NDKO-roeTxg\">Kiko Rivera \u201cQu\u00edtate el top\u201d<\/a> y comenzaron a cantar.<\/strong> Al principio me parec\u00eda tierno, pero al ver la actitud chulesca que ten\u00edan,\u00a0que <strong>hab\u00edan echado de all\u00ed a los peque\u00f1os y que se sent\u00edan como cantantes de <a href=\"http:\/\/www.telecinco.es\/lavoz\/\">La voz<\/a>, me encendieron.<\/strong><\/p>\n<p>Tengo muy poco car\u00e1cter. No me gusta discutir.<strong> Cuando hay problemas, espero a que se solucionen con el paso del tiempo, si es que se tienen que solucionar<\/strong>. Nunca me he pegado con nadie, aunque por ganas no ha sido. Cuando mi hermano lleg\u00f3 llorando del tobog\u00e1n, mi primer impulso fue irme directa a ellas. <strong>Pero Iv\u00e1n me agarr\u00f3 fuerte de la mano.<\/strong> Yo ten\u00eda grabada una frase que acababa de pronunciar segundos antes una de ella: <strong>\u201cPobrecino, es muy peque\u00f1o\u201d<\/strong> y acto seguido, escuch\u00e9 c\u00f3mo ca\u00edan granos de arena por el tobog\u00e1n. Mi hermano lloraba y a m\u00ed se me part\u00eda el alma. Hizo bien en frenarme, con menores hay que tener cuidado. Adem\u00e1s, <strong>no me gusta dar mal ejemplo a Iv\u00e1n, yo siempre lo aliento a utilizar la cabeza, a ser sutil, a vengarse con frialdad.<\/strong>\u00a0Le digo que si alguien <strong>le pega un pu\u00f1etazo, no se lo devuelva, sino que cuando vaya por la calle paseando le haga la zancadilla y lo deje en evidencia.<\/strong><\/p>\n<p>A m\u00ed no me hizo falta ni dirigirme a ellas. <strong>Me sub\u00ed al castillo e hice lo que llevaba toda la noche deseando: jugar con Iv\u00e1n.<\/strong> Al verme gatear por una red de cuerdas, <strong>pensaron que iba a re\u00f1irles y salieron corriendo<\/strong>. Se escondieron a lo lejos, esperaban a que nos fu\u00e9ramos, pero estuvimos m\u00e1s de una hora jugando.<strong> Iv\u00e1n sonre\u00eda y yo era feliz por haberle protegido y dado buen ejemplo<\/strong>, aunque me quedase con ganas de devolverle el pu\u00f1ado de arena a aquellas ni\u00f1as, que seguro hubiesen buscado a sus padres para re\u00f1irme por manchar<strong> sus pelos lisos muy cuidados, sus minifaldas y escotes de barbies prepoligoneras.<\/strong><\/p>\n<p style=\"text-align: center;\"><a href=\"\/solitaencaceres\/wp-content\/uploads\/sites\/41\/2012\/10\/IMG_20121027_201053.jpg\"><img loading=\"lazy\" class=\"aligncenter  wp-image-218\" title=\"Iv\u00e1n sube al castillo del parque de El Rodeo\" src=\"\/solitaencaceres\/wp-content\/uploads\/sites\/41\/2012\/10\/IMG_20121027_201053.jpg\" alt=\"\" width=\"518\" height=\"518\" srcset=\"https:\/\/static-blogs.hoy.es\/wp-content\/uploads\/sites\/41\/2012\/10\/IMG_20121027_201053.jpg 720w, https:\/\/static-blogs.hoy.es\/wp-content\/uploads\/sites\/41\/2012\/10\/IMG_20121027_201053-150x150.jpg 150w, https:\/\/static-blogs.hoy.es\/wp-content\/uploads\/sites\/41\/2012\/10\/IMG_20121027_201053-300x300.jpg 300w\" sizes=\"(max-width: 518px) 100vw, 518px\" \/><\/a><\/p>\n<p>Volvimos a casa a cenar. Iv\u00e1n me adoraba. Le pregunt\u00e9 qu\u00e9 le apetec\u00eda que le cocinase, dentro de mis posibilidades. Opt\u00f3 por tallarines. Era la primera vez que hac\u00eda comida para dos personas y no med\u00ed bien. Cuando llen\u00e9 los platos, <strong>me acord\u00e9 de todas esas navidades familiares en las que las madres y abuelas se pasan el d\u00eda cocinando, te ponen unos platos llenos hasta arriba y sobra la mitad<\/strong>. Me sent\u00ed como una madre, <strong>obligando a Iv\u00e1n a que se lo comiera todo<\/strong>, algo que conmigo mis padres nunca consiguieron. Yo tampoco fui capaz. Cog\u00ed un tupperware.<\/p>\n<p>Por la noche, salimos a dar otro paseo. Mi hermano dec\u00eda que quer\u00eda <strong>un chocolate con churros<\/strong>, pero a esas horas la cocina ya estaba cerrada en todas partes. Yo me sent\u00eda un poco culpable por sacarlo tan tarde. Hab\u00edamos madrugado mucho y pronto le entrar\u00eda sue\u00f1o. Entramos en el <strong><a href=\"http:\/\/www.qype.es\/place\/2157579-El-Gran-Cafe-Caceres\">Gran Caf\u00e9<\/a><\/strong>. Pidi\u00f3 una Fanta de naranja. Fuimos con una amiga de Arroyo. De pronto, <strong>empez\u00f3 a bostezar y la cabeza la pon\u00eda sobre los brazos. A los 5 minutos, se apoy\u00f3 contra la pared y se qued\u00f3 dormido.<\/strong> Las camareras y la gente que hab\u00eda por all\u00ed lo miraban con ternura. Yo pensaba que se despertar\u00eda pronto y hac\u00eda tiempo, mientras hablaba con mi amiga.<\/p>\n<p>Tras media hora, me decid\u00ed a despertarlo. No hab\u00eda forma.<strong> Lo pon\u00eda de pie, lo cog\u00eda en brazos, le hablaba, pero Iv\u00e1n estaba profundamente dormido.<\/strong> Gente de otra mesa me propon\u00eda llev\u00e1rmelo en coche a casa, pero lo \u00faltimo que quer\u00eda era causar molestias. <strong>As\u00ed que lo saqu\u00e9 a la calle como pude y con el fr\u00edo abri\u00f3 los ojos.<\/strong> <strong>A mitad de camino, lo cog\u00ed a cuestas, lo traje a casa, lo met\u00ed en mi cama, le puse el pijama, me tumb\u00e9 a su lado y lo abrac\u00e9.<\/strong><\/p>\n<p>Ayer por la ma\u00f1ana, a las ocho y media, Iv\u00e1n estaba en pie. Yo hasta las doce no me despert\u00e9. <strong>Le hice el desayuno y nos fuimos al <a href=\"http:\/\/www.google.es\/search?q=parque+del+principe+caceres&#038;hl=es&#038;rls=com.microsoft:es&#038;prmd=imvns&#038;tbm=isch&#038;tbo=u&#038;source=univ&#038;sa=X&#038;ei=VlqOUPGXNZCQ4gSp-4C4Aw&#038;ved=0CCgQsAQ&#038;biw=1440&#038;bih=778\" target=\"_blank\">Parque del Pr\u00edncipe<\/a>, al Rodeo no quer\u00eda ir por miedo a encontrarse con las ni\u00f1as.<\/strong> Mientras pase\u00e1bamos agarrados de la mano, le hac\u00eda fotos\u00a0y lo montaba en los columpios, me dec\u00eda que no quer\u00eda volver a Arroyo, que C\u00e1ceres era muy guay y que yo sab\u00eda c\u00f3mo hacerle disfrutar. <strong>Cuando estaba subido en una especie de roc\u00f3dromo, para que lo ayudase a bajar, me llam\u00f3: \u201c\u00a1Mam\u00e1!\u201d La gente que hab\u00eda por all\u00ed se qued\u00f3 dubitativa, imaginando con qu\u00e9 edad me habr\u00eda quedado embarazada. Iv\u00e1n segu\u00eda: \u201c\u00a1Mam\u00e1, ven, mam\u00e1!\u201d<\/strong> Yo me puse nerviosa. Ante la expectaci\u00f3n de los curiosos, <strong>dije: \u201c\u00a1Ahora voy, hijo!\u201d<\/strong> \u00c9l se empez\u00f3 a re\u00edr. Lo cierto es que he cuidado de mi hermano como si fuera mi hijo, le he comprado libros, juegos para la Nintendo, lo he llevado al parque, al burger, le he hecho de desayunar, lo he obligado a comer, <strong>amenaz\u00e1ndolo con dejarle las sobras para otro d\u00eda<\/strong>, lo he duchado, vestido, defendido\u2026<strong> Y ahora, que se ha ido, siento que ha sacado de m\u00ed una parte materna que no ten\u00eda. Echo de menos su compa\u00f1\u00eda.<\/strong><\/p>\n<p style=\"text-align: center;\"><a href=\"\/solitaencaceres\/wp-content\/uploads\/sites\/41\/2012\/10\/IMG_20121028_145445.jpg\"><img loading=\"lazy\" class=\"aligncenter  wp-image-217\" title=\"Iv\u00e1n en el Parque del Pr\u00edncipe\" src=\"\/solitaencaceres\/wp-content\/uploads\/sites\/41\/2012\/10\/IMG_20121028_145445.jpg\" alt=\"\" width=\"648\" height=\"648\" srcset=\"https:\/\/static-blogs.hoy.es\/wp-content\/uploads\/sites\/41\/2012\/10\/IMG_20121028_145445.jpg 720w, https:\/\/static-blogs.hoy.es\/wp-content\/uploads\/sites\/41\/2012\/10\/IMG_20121028_145445-150x150.jpg 150w, https:\/\/static-blogs.hoy.es\/wp-content\/uploads\/sites\/41\/2012\/10\/IMG_20121028_145445-300x300.jpg 300w\" sizes=\"(max-width: 648px) 100vw, 648px\" \/><\/a><\/p>\n<!-- AddThis Advanced Settings generic via filter on the_content --><!-- AddThis Share Buttons generic via filter on the_content -->","protected":false},"excerpt":{"rendered":"<p>Este fin de semana lo he pasado con mi hermano. Desde el viernes por la noche que llegamos a C\u00e1ceres hasta ayer que vinieron mis padres a buscarlo, no nos hemos despegado. La primera noche le hice la cena, luego \u00e9l me ayudaba a fregar los platos, ve\u00edamos v\u00eddeos juntos en Internet, dorm\u00edamos abrazados como [&hellip;]<!-- AddThis Advanced Settings generic via filter on get_the_excerpt --><!-- AddThis Share Buttons generic via filter on get_the_excerpt --><\/p>\n","protected":false},"author":45,"featured_media":0,"comment_status":"open","ping_status":"closed","sticky":false,"template":"","format":"standard","meta":[],"categories":[3],"tags":[294,398,552,577,685,801,856,995,1352,1356,1471,1614,1852,1893,2164,2240,2310,2378,2380,2509,2871,3074,3116,3484,3498,3617,3618],"_links":{"self":[{"href":"https:\/\/blogs.hoy.es\/solitaencaceres\/wp-json\/wp\/v2\/posts\/215"}],"collection":[{"href":"https:\/\/blogs.hoy.es\/solitaencaceres\/wp-json\/wp\/v2\/posts"}],"about":[{"href":"https:\/\/blogs.hoy.es\/solitaencaceres\/wp-json\/wp\/v2\/types\/post"}],"author":[{"embeddable":true,"href":"https:\/\/blogs.hoy.es\/solitaencaceres\/wp-json\/wp\/v2\/users\/45"}],"replies":[{"embeddable":true,"href":"https:\/\/blogs.hoy.es\/solitaencaceres\/wp-json\/wp\/v2\/comments?post=215"}],"version-history":[{"count":0,"href":"https:\/\/blogs.hoy.es\/solitaencaceres\/wp-json\/wp\/v2\/posts\/215\/revisions"}],"wp:attachment":[{"href":"https:\/\/blogs.hoy.es\/solitaencaceres\/wp-json\/wp\/v2\/media?parent=215"}],"wp:term":[{"taxonomy":"category","embeddable":true,"href":"https:\/\/blogs.hoy.es\/solitaencaceres\/wp-json\/wp\/v2\/categories?post=215"},{"taxonomy":"post_tag","embeddable":true,"href":"https:\/\/blogs.hoy.es\/solitaencaceres\/wp-json\/wp\/v2\/tags?post=215"}],"curies":[{"name":"wp","href":"https:\/\/api.w.org\/{rel}","templated":true}]}}