{"id":237,"date":"2012-11-08T10:53:45","date_gmt":"2012-11-08T10:53:45","guid":{"rendered":"http:\/\/blogs.hoy.es\/solitaencaceres\/?p=237"},"modified":"2012-11-08T10:53:45","modified_gmt":"2012-11-08T10:53:45","slug":"lorensino-estrautos-y-gluglumitos","status":"publish","type":"post","link":"https:\/\/blogs.hoy.es\/solitaencaceres\/2012\/11\/08\/lorensino-estrautos-y-gluglumitos\/","title":{"rendered":"Lorensino, estrautos y gluglumitos"},"content":{"rendered":"<p style=\"text-align: center;\"><a href=\"\/solitaencaceres\/wp-content\/uploads\/sites\/41\/2012\/11\/550947_3858599823249_668348180_n.jpg\"><img loading=\"lazy\" class=\"aligncenter  wp-image-238\" title=\"Carolina y Nazaret\" src=\"\/solitaencaceres\/wp-content\/uploads\/sites\/41\/2012\/11\/550947_3858599823249_668348180_n.jpg\" alt=\"\" width=\"367\" height=\"367\" srcset=\"https:\/\/static-blogs.hoy.es\/wp-content\/uploads\/sites\/41\/2012\/11\/550947_3858599823249_668348180_n.jpg 612w, https:\/\/static-blogs.hoy.es\/wp-content\/uploads\/sites\/41\/2012\/11\/550947_3858599823249_668348180_n-150x150.jpg 150w, https:\/\/static-blogs.hoy.es\/wp-content\/uploads\/sites\/41\/2012\/11\/550947_3858599823249_668348180_n-300x300.jpg 300w\" sizes=\"(max-width: 367px) 100vw, 367px\" \/><\/a><\/p>\n<p>Hace 3 a\u00f1os, cuando entr\u00e9 en la Universidad, <strong>me llam\u00f3 la atenci\u00f3n la forma de hablar y el acento de dos compa\u00f1eros de clase, ambos de <a href=\"http:\/\/www.fuentedelmaestre.es\/\" target=\"_blank\">Fuente del Maestre<\/a>.<\/strong> Al principio, antes de conocer su procedencia, pens\u00e9 que eran andaluces, pero al escucharlos con un poco m\u00e1s de atenci\u00f3n,<strong> ca\u00ed en la cuenta\u00a0 de que en vez de cecear, hac\u00edan seseo. Dec\u00edan sapato (zapato), cabesa (cabeza), sien (cien), seresa (cereza)\u2026<\/strong> M\u00e1s tarde, aprend\u00ed que los fontaneses eran <strong>los \u00fanicos de Extremadura que no eran ye\u00edstas<\/strong> y algo que nunca hab\u00eda distinguido antes, como era la diferencia entre el sonido de la elle y la ye (y griega), empec\u00e9 a notarlo.<\/p>\n<p>Cuando conoc\u00ed m\u00e1s a fondo a<strong> Nazaret<\/strong>, <strong>mi compa\u00f1era\u00a0 de clase y de aventuras cacere\u00f1as<\/strong> (la misma que me obliga a apuntarme a clases de flamenco y a comprar peces), <strong>las horas libres del primer curso de Filolog\u00eda las pas\u00e1bamos sentadas en las escaleras de la facultad.<\/strong> Primero, \u00edbamos a la cafeter\u00eda a comprar golosinas para reponer fuerzas y despu\u00e9s ya sal\u00edamos, busc\u00e1bamos un sitio tranquilo y convers\u00e1bamos, algunas veces, en grupo, otras, las dos solas.\u00a0 La primera vez que fuimos a comprar gusanitos, <strong>al escucharle pedir un paquete de jumper, no pude evitar re\u00edrme.<\/strong> Luego descubr\u00ed que lo de llamar a las bolsas paquetes no era lo m\u00e1s raro:<strong> a los regalices los llamaba estrautos.<\/strong><\/p>\n<p>Ahora que vivo en C\u00e1ceres, <strong>estoy rodeada de fontaneses<\/strong>: voy al <strong><a href=\"http:\/\/www.100montaditoscc.com\/fotos\/100_montaditos_caceres_1310644776652904033660889\" target=\"_blank\">100 Montaditos<\/a><\/strong> con ellos, \u00faltimamente mucho al <strong><a href=\"http:\/\/www.facebook.com\/alandalus.cerveceria\" target=\"_blank\">Al-Andalus<\/a><\/strong> por lo ricas que est\u00e1n las tapas; tambi\u00e9n hacemos <strong>todos los jueves una ruta por los museos de C\u00e1ceres<\/strong>, vamos a la<strong> <a href=\"http:\/\/www.google.es\/imgres?imgurl=http:\/\/www.viajados.com\/web\/viajes\/10caceres\/foto04\/teteria.jpg&#038;imgrefurl=http:\/\/www.viajados.com\/web\/viajes\/10caceres\/caceres.htm&#038;h=262&#038;w=250&#038;sz=20&#038;tbnid=rHZFnpGxDAh1UM:&#038;tbnh=93&#038;tbnw=89&#038;zoom=1&#038;usg=__RocpuTlG3ILm9QJ-bqcShHX7d5Y=&#038;docid=CWgtd9CVpmlT4M&#038;sa=X&#038;ei=PnScULPXB_TB0gWF3IDQDQ&#038;ved=0CFEQ9QEwBg&#038;dur=289\" target=\"_blank\">teter\u00eda \u00e1rabe<\/a><\/strong>, a ver musicales al <strong><a href=\"http:\/\/www.granteatrocc.com\/\" target=\"_blank\">Gran Teatro<\/a><\/strong>, twiteamos los gestos de<a href=\"http:\/\/www.davidbisbal.com\/es_ES\" target=\"_blank\"> <strong>Bisbal<\/strong><\/a> viendo <strong><a href=\"http:\/\/www.telecinco.es\/lavoz\/\" target=\"_blank\">La Voz en Telecinco<\/a><\/strong>\u2026 y lo \u00faltimo ha sido salir corriendo el martes para llegar a casa de Nazaret, poner <strong><a href=\"http:\/\/www.canalextremadura.es\/\" target=\"_blank\">Canal Extremadura<\/a><\/strong> y ver <strong><a href=\"http:\/\/www.canalextremadura.es\/tv\/entretenimiento\/puerta-con-puerta\" target=\"_blank\">\u201cPuerta con puerta\u201d<\/a><\/strong>, donde sal\u00eda Fuente del Maestre. Mientras iban apareciendo los personajes m\u00e1s curiosos de su pueblo, ellos iban comentando y yo me sent\u00eda como si los conociera de toda la vida. Se ve\u00eda un primer plano de <strong>Aquilino, un cl\u00e1sico de lo extreme\u00f1o, de Valito, un trotamundos, o de Lorensino, como mis amigos lo llamaban, un hombre que hab\u00eda visto un ovni.<\/strong><\/p>\n<p>Llevo poco m\u00e1s de un mes con fontaneses en C\u00e1ceres y ya tengo que cuidar a veces mi manera de hablar para que no se me escape un seseo o una de sus expresiones m\u00e1s comunes: <strong>\u201c\u00a1Avell\u00e1!\u201d que quiere decir algo as\u00ed como: \u201c\u00a1Claro que s\u00ed!\u201d<\/strong>. Y lo peor, es que pronto saldr\u00e1n sin querer de mi boca, por pura inercia, expresiones como: <strong>\u201cEs chica\u201d o \u201cchiquina\u201d<\/strong> y no para referirse a algo peque\u00f1o precisamente; <strong>\u201cino\u201d<\/strong>, que a\u00fan no entiendo muy bien su uso, pero que es muy frecuente, o<strong> \u201cmijina\u201d<\/strong>, que ya se me escap\u00f3 el otro d\u00eda para decir que me esperaran un poco, \u201cuna mijina\u201d.<\/p>\n<p>Aunque sin duda, c<strong>reo que tendr\u00e1n que hacerme fontanesa adoptiva<\/strong> el d\u00eda que est\u00e9 de fiesta, vayan a echarme un cubata y en vez de hielos, diga que me pongan <strong>\u201cgluglumitos\u201d.<\/strong><\/p>\n<!-- AddThis Advanced Settings generic via filter on the_content --><!-- AddThis Share Buttons generic via filter on the_content -->","protected":false},"excerpt":{"rendered":"<p>Hace 3 a\u00f1os, cuando entr\u00e9 en la Universidad, me llam\u00f3 la atenci\u00f3n la forma de hablar y el acento de dos compa\u00f1eros de clase, ambos de Fuente del Maestre. Al principio, antes de conocer su procedencia, pens\u00e9 que eran andaluces, pero al escucharlos con un poco m\u00e1s de atenci\u00f3n, ca\u00ed en la cuenta\u00a0 de que [&hellip;]<!-- AddThis Advanced Settings generic via filter on get_the_excerpt --><!-- AddThis Share Buttons generic via filter on get_the_excerpt --><\/p>\n","protected":false},"author":45,"featured_media":0,"comment_status":"open","ping_status":"closed","sticky":false,"template":"","format":"standard","meta":[],"categories":[3],"tags":[11,141,205,269,568,673,789,850,908,982,1477,1558,1622,1632,1721,1722,1725,1784,1854,1860,1898,2121,2311,2436,2687,2827,2847,2997,3054,3388,3453,3649,3715,3759,3770,3783,3982,4107,4191,4212,4343,4368],"_links":{"self":[{"href":"https:\/\/blogs.hoy.es\/solitaencaceres\/wp-json\/wp\/v2\/posts\/237"}],"collection":[{"href":"https:\/\/blogs.hoy.es\/solitaencaceres\/wp-json\/wp\/v2\/posts"}],"about":[{"href":"https:\/\/blogs.hoy.es\/solitaencaceres\/wp-json\/wp\/v2\/types\/post"}],"author":[{"embeddable":true,"href":"https:\/\/blogs.hoy.es\/solitaencaceres\/wp-json\/wp\/v2\/users\/45"}],"replies":[{"embeddable":true,"href":"https:\/\/blogs.hoy.es\/solitaencaceres\/wp-json\/wp\/v2\/comments?post=237"}],"version-history":[{"count":0,"href":"https:\/\/blogs.hoy.es\/solitaencaceres\/wp-json\/wp\/v2\/posts\/237\/revisions"}],"wp:attachment":[{"href":"https:\/\/blogs.hoy.es\/solitaencaceres\/wp-json\/wp\/v2\/media?parent=237"}],"wp:term":[{"taxonomy":"category","embeddable":true,"href":"https:\/\/blogs.hoy.es\/solitaencaceres\/wp-json\/wp\/v2\/categories?post=237"},{"taxonomy":"post_tag","embeddable":true,"href":"https:\/\/blogs.hoy.es\/solitaencaceres\/wp-json\/wp\/v2\/tags?post=237"}],"curies":[{"name":"wp","href":"https:\/\/api.w.org\/{rel}","templated":true}]}}