{"id":240,"date":"2012-11-10T11:43:16","date_gmt":"2012-11-10T11:43:16","guid":{"rendered":"http:\/\/blogs.hoy.es\/solitaencaceres\/?p=240"},"modified":"2012-11-10T11:43:16","modified_gmt":"2012-11-10T11:43:16","slug":"yo-no-quiero-que-mi-hermano-sea-maricon-si-hace-falta-lo-llevo-a-putas","status":"publish","type":"post","link":"https:\/\/blogs.hoy.es\/solitaencaceres\/2012\/11\/10\/yo-no-quiero-que-mi-hermano-sea-maricon-si-hace-falta-lo-llevo-a-putas\/","title":{"rendered":"\u201cYo no quiero que mi hermano sea maric\u00f3n, si hace falta, lo llevo a putas\u201d"},"content":{"rendered":"<p style=\"text-align: center;\"><a href=\"\/solitaencaceres\/wp-content\/uploads\/sites\/41\/2012\/11\/ma.png\"><img loading=\"lazy\" class=\"aligncenter  wp-image-241\" title=\"Mauricio Colmenero\" src=\"\/solitaencaceres\/wp-content\/uploads\/sites\/41\/2012\/11\/ma.png\" alt=\"\" width=\"326\" height=\"290\" srcset=\"https:\/\/static-blogs.hoy.es\/wp-content\/uploads\/sites\/41\/2012\/11\/ma.png 326w, https:\/\/static-blogs.hoy.es\/wp-content\/uploads\/sites\/41\/2012\/11\/ma-300x267.png 300w\" sizes=\"(max-width: 326px) 100vw, 326px\" \/><\/a><\/p>\n<p><strong>\u201cYo no quiero que mi hermano sea maric\u00f3n, si hace falta, lo llevo a putas\u201d<\/strong>. No, no es una frase de los a\u00f1os 60 que haya escuchado a <strong><a href=\"http:\/\/es.wikipedia.org\/wiki\/Mauricio_Colmenero\" target=\"_blank\">Mauricio Colmenero<\/a> en la serie de televisi\u00f3n <a href=\"http:\/\/es.wikipedia.org\/wiki\/A%C3%ADda_(serie_de_televisi%C3%B3n)\" target=\"_blank\">Aida<\/a>.<\/strong> Ayer, tras terminar de ducharme y cerrar el agua, el silencio se empa\u00f1\u00f3 con <strong>esta frase que llegaba desde mi propio sal\u00f3n.<\/strong> Est\u00e1 muy de moda este tema, tras aprobarse que<strong> el matrimonio homosexual sea constitucional.<\/strong> Pero en mi sal\u00f3n no estaba <strong><a href=\"http:\/\/www.aquienleimporta.com\/2012\/11\/andrea-hermida-reza-por-la-cura-para-la.html\" target=\"_blank\">Andrea Hermida<\/a><\/strong>, <strong>coordinadora de NN.GG<\/strong>., declarando barbaridades como las que dec\u00eda por la ma\u00f1ana en twitter y poco despu\u00e9s borraba:<strong> \u201c\u00bfRespetar a los homosexuales? Por supuesto que los respeto. No hacen da\u00f1o a nadie, solo a s\u00ed mismos. A ver si alg\u00fan d\u00eda descubren la cura\u201d.<\/strong><\/p>\n<p>El sal\u00f3n de mi piso llevaba toda la tarde en plan <strong>plat\u00f3 de <a href=\"http:\/\/www.telecinco.es\/salvamedeluxe\/\" target=\"_blank\">S\u00e1lvame Deluxe<\/a><\/strong>, con sus gritos, sus risas, sus peleas, reconciliaciones\u2026 mientras yo me desesperaba en mi habitaci\u00f3n intentando leer. No s\u00e9 cuantas personas hab\u00eda exactamente, porque son\u00f3 varias veces el telefonillo y entraba gente nueva. Lo cierto es que me tuve que poner <strong>unos tapones en los o\u00eddos<\/strong> para poder leer la prensa, pero aun as\u00ed me era imposible. Y yo pensaba que ya no pod\u00eda haber nada peor, <strong>que ya nada podr\u00eda ser m\u00e1s grave que aguantar que unos j\u00f3venes entre 21 y 25 a\u00f1os pudieran montar el esc\u00e1ndalo que ten\u00edan formado.<\/strong><\/p>\n<p>Unos d\u00edas antes ya hab\u00eda avisado.<strong> En mi piso todo nos lo decimos por notas en el frigor\u00edfico.<\/strong> Les dej\u00e9 una cartita bien escrita cont\u00e1ndoles y pidi\u00e9ndoles por favor que<strong> necesitaba silencio, que no pegasen voces, que pusieran la televisi\u00f3n y la radio bajita\u2026 y que sus novios se aplicaran el cuento, ya que siendo un piso de cuatro, vivimos seis.<\/strong> Yo me ducho temprano y me seco el pelo con el mayor cuidado para hacer el menor ruido y no escucho Hoy por Hoy en la Ser, como antes hac\u00eda todas las ma\u00f1anas, por no molestarlas. Me gusta respetar a los dem\u00e1s para que hagan lo mismo conmigo.<\/p>\n<p>Apenas conozco a mis compa\u00f1eras de piso, no s\u00e9 pr\u00e1cticamente nada sobre sus vidas, sus estudios, sus familias\u2026 <strong>Y despu\u00e9s de ver lo retr\u00f3gradas y hom\u00f3fobas que son, me alegro de no tener relaci\u00f3n con ellas.<\/strong> Porque tengo firmado un contrato, si no, me cambiaba de piso. <strong>Parece mentira, en el siglo en que vivimos\u2026<\/strong><\/p>\n<!-- AddThis Advanced Settings generic via filter on the_content --><!-- AddThis Share Buttons generic via filter on the_content -->","protected":false},"excerpt":{"rendered":"<p>\u201cYo no quiero que mi hermano sea maric\u00f3n, si hace falta, lo llevo a putas\u201d. No, no es una frase de los a\u00f1os 60 que haya escuchado a Mauricio Colmenero en la serie de televisi\u00f3n Aida. Ayer, tras terminar de ducharme y cerrar el agua, el silencio se empa\u00f1\u00f3 con esta frase que llegaba desde [&hellip;]<!-- AddThis Advanced Settings generic via filter on get_the_excerpt --><!-- AddThis Share Buttons generic via filter on get_the_excerpt --><\/p>\n","protected":false},"author":45,"featured_media":0,"comment_status":"open","ping_status":"closed","sticky":false,"template":"","format":"standard","meta":[],"categories":[3],"tags":[210,1031,1049,1698,1760,2039,2199,2424,2580,2582,2908,3273,3586,3763,3781,3918,4131,4389],"_links":{"self":[{"href":"https:\/\/blogs.hoy.es\/solitaencaceres\/wp-json\/wp\/v2\/posts\/240"}],"collection":[{"href":"https:\/\/blogs.hoy.es\/solitaencaceres\/wp-json\/wp\/v2\/posts"}],"about":[{"href":"https:\/\/blogs.hoy.es\/solitaencaceres\/wp-json\/wp\/v2\/types\/post"}],"author":[{"embeddable":true,"href":"https:\/\/blogs.hoy.es\/solitaencaceres\/wp-json\/wp\/v2\/users\/45"}],"replies":[{"embeddable":true,"href":"https:\/\/blogs.hoy.es\/solitaencaceres\/wp-json\/wp\/v2\/comments?post=240"}],"version-history":[{"count":0,"href":"https:\/\/blogs.hoy.es\/solitaencaceres\/wp-json\/wp\/v2\/posts\/240\/revisions"}],"wp:attachment":[{"href":"https:\/\/blogs.hoy.es\/solitaencaceres\/wp-json\/wp\/v2\/media?parent=240"}],"wp:term":[{"taxonomy":"category","embeddable":true,"href":"https:\/\/blogs.hoy.es\/solitaencaceres\/wp-json\/wp\/v2\/categories?post=240"},{"taxonomy":"post_tag","embeddable":true,"href":"https:\/\/blogs.hoy.es\/solitaencaceres\/wp-json\/wp\/v2\/tags?post=240"}],"curies":[{"name":"wp","href":"https:\/\/api.w.org\/{rel}","templated":true}]}}