{"id":243,"date":"2012-11-12T09:47:45","date_gmt":"2012-11-12T09:47:45","guid":{"rendered":"http:\/\/blogs.hoy.es\/solitaencaceres\/?p=243"},"modified":"2012-11-12T09:47:45","modified_gmt":"2012-11-12T09:47:45","slug":"aguantando-el-chaparron","status":"publish","type":"post","link":"https:\/\/blogs.hoy.es\/solitaencaceres\/2012\/11\/12\/aguantando-el-chaparron\/","title":{"rendered":"Aguantando el chaparr\u00f3n"},"content":{"rendered":"<p style=\"text-align: center;\"><a href=\"\/solitaencaceres\/wp-content\/uploads\/sites\/41\/2012\/11\/542811_3956667754886_1276503146_n.jpg\"><img loading=\"lazy\" class=\"aligncenter  wp-image-245\" title=\"Carolina visitando la Parte Antigua bajo la lluvia\" src=\"\/solitaencaceres\/wp-content\/uploads\/sites\/41\/2012\/11\/542811_3956667754886_1276503146_n.jpg\" alt=\"\" width=\"490\" height=\"490\" srcset=\"https:\/\/static-blogs.hoy.es\/wp-content\/uploads\/sites\/41\/2012\/11\/542811_3956667754886_1276503146_n.jpg 612w, https:\/\/static-blogs.hoy.es\/wp-content\/uploads\/sites\/41\/2012\/11\/542811_3956667754886_1276503146_n-150x150.jpg 150w, https:\/\/static-blogs.hoy.es\/wp-content\/uploads\/sites\/41\/2012\/11\/542811_3956667754886_1276503146_n-300x300.jpg 300w\" sizes=\"(max-width: 490px) 100vw, 490px\" \/><\/a><\/p>\n<p>Todos los jueves hago visitas culturales por la<strong> <a href=\"http:\/\/www.caceresjoven.com\/paginas\/turismo\/monumentos\/monumentos1.asp\" target=\"_blank\">Parte Antigua<\/a><\/strong> y los<strong> <a href=\"http:\/\/www.museosdecaceres.com\/\" target=\"_blank\">museos de C\u00e1ceres<\/a><\/strong> con un grupo de amigos. La idea comenz\u00f3 un d\u00eda que quedamos para ver la exposici\u00f3n<a href=\"http:\/\/www.hoy.es\/multimedia\/fotos\/ultimos\/107209-exposicion-origenes-plaza-mayor-caceres-0.html\" target=\"_blank\"> <strong>\u201cOr\u00edgenes\u201d<\/strong><\/a>, que ocupaba parte de la <strong><a href=\"http:\/\/www.elgranviajero.com\/articulos_y_especiales\/extremadura\/caceres\/2_plaza_mayor.php\" target=\"_blank\">Plaza Mayor<\/a><\/strong> hasta hace una semana. Como hasta las doce y media del mediod\u00eda no abr\u00edan, decidimos mientras tanto visitar la <strong>fundaci\u00f3n <a href=\"http:\/\/fmercedescalles.es\/\" target=\"_blank\">Mercedes Calle<\/a>.<\/strong> Terminamos el d\u00eda en la <strong><a href=\"http:\/\/caceres.callejero.net\/plaza-del-marron.html\" target=\"_blank\">Plaza Marr\u00f3n<\/a><\/strong>, tomando ca\u00f1as en <strong><a href=\"http:\/\/caceres.lanetro.com\/salas-en-vivo\/le-petit-cafe-64401\" target=\"_blank\">Le Petit Caf\u00e9<\/a>,<\/strong> tras haber pasado por la <strong><a href=\"http:\/\/turismo.ayto-caceres.es\/\" target=\"_blank\">oficina de turismo<\/a><\/strong>, <strong>la <a href=\"http:\/\/www.inspain.org\/es\/sitios\/torredebujaco.asp\" target=\"_blank\">Torre de Bujaco<\/a>,<a href=\"http:\/\/es.wikipedia.org\/wiki\/Plaza_de_San_Jorge_(C%C3%A1ceres)\" target=\"_blank\"> San Jorge<\/a>, ver varios patios en <a href=\"http:\/\/www.elgranviajero.com\/articulos_y_especiales\/extremadura\/caceres\/3_santa_maria.php\" target=\"_blank\">Santa Mar\u00eda<\/a>, besar los pies a <a href=\"http:\/\/www.esculturaurbana.com\/paginas\/com001.htm\" target=\"_blank\">San Pedro <\/a>y llegar con el tiempo justo a la<a href=\"http:\/\/www.minube.com\/rincon\/plaza-de-las-veletas-a447381\" target=\"_blank\"> Plaza de las Veletas<\/a> para\u00a0 adentrarnos en el <a href=\"http:\/\/www.webislam.com\/noticias\/51692-caceres_la_ciudad_de_los_mil_y_un_aljibes.html\" target=\"_blank\">Aljibe<\/a>.<\/strong><\/p>\n<p>El jueves pasado era la segunda sesi\u00f3n. Tocaba ver el <strong><a href=\"http:\/\/www.caceresjoven.com\/paginas\/turismo\/museos\/museo8.asp\" target=\"_blank\">Museo \u00c1rabe<\/a>, el <a href=\"http:\/\/www.redjuderias.org\/rasgo\/es\/destinos\/caceres\/juderia.html\" target=\"_blank\">Barrio Jud\u00edo<\/a>, el <a href=\"http:\/\/caceres.callejero.net\/calle-del-rincon-de-la-monja.html\" target=\"_blank\">Rinc\u00f3n de la Monja<\/a><\/strong>\u2026 y algo m\u00e1s si nos daba tiempo. Por desgracia<strong>, el tiempo atmosf\u00e9rico no estuvo de nuestra parte<\/strong>, llov\u00eda demasiado. Sin embargo, eso no pudo pararnos. \u00cdbamos aguantando la lluvia como pod\u00edamos, refugiados bajo los paraguas, con los pies empapados de agua. <strong>Parec\u00edamos turistas que hab\u00edan venido un par de d\u00edas a C\u00e1ceres y no ten\u00edan tiempo que perder ni oportunidad de recorrer la Parte Antigua en otra ocasi\u00f3n.<\/strong><\/p>\n<p style=\"text-align: center;\"><a href=\"\/solitaencaceres\/wp-content\/uploads\/sites\/41\/2012\/11\/550345_3958307035867_571557552_n.jpg\"><img loading=\"lazy\" class=\"aligncenter  wp-image-246\" title=\"Santa Mar\u00eda\" src=\"\/solitaencaceres\/wp-content\/uploads\/sites\/41\/2012\/11\/550345_3958307035867_571557552_n.jpg\" alt=\"\" width=\"471\" height=\"471\" srcset=\"https:\/\/static-blogs.hoy.es\/wp-content\/uploads\/sites\/41\/2012\/11\/550345_3958307035867_571557552_n.jpg 612w, https:\/\/static-blogs.hoy.es\/wp-content\/uploads\/sites\/41\/2012\/11\/550345_3958307035867_571557552_n-150x150.jpg 150w, https:\/\/static-blogs.hoy.es\/wp-content\/uploads\/sites\/41\/2012\/11\/550345_3958307035867_571557552_n-300x300.jpg 300w\" sizes=\"(max-width: 471px) 100vw, 471px\" \/><\/a><\/p>\n<p>Llev\u00e1bamos en la mano el mapa que nos hab\u00edan dado en la oficina de turismo, \u00edbamos hablando sobre nuestra primera parada, el Museo \u00c1rabe, que se encuentra en la Cuesta del Marqu\u00e9s, y de pronto, <strong>una chica que estaba bajo el <a href=\"http:\/\/es.wikipedia.org\/wiki\/Arco_de_la_Estrella\" target=\"_blank\">Arco de la Estrella<\/a>, nada m\u00e1s subir las escaleras que dan a la Parte Antigua desde la Plaza Mayor, nos escuch\u00f3 y se interes\u00f3 por nuestro tema de conversaci\u00f3n.<\/strong> Se acerc\u00f3 a nosotros diciendo que no era de C\u00e1ceres y le intrigaba mucho saber d\u00f3nde estaba ese Museo \u00c1rabe al que \u00edbamos, para visitarlo alg\u00fan d\u00eda. Fue muy simp\u00e1tica y nosotros se lo explicamos encantados. Y al final,<strong> cuando ya nos hab\u00eda cautivado, nos vendi\u00f3 la moto: llevaba unos panfletos de publicidad con el men\u00fa del d\u00eda de uno de los restaurantes de la Plaza Mayor<\/strong> <strong>que se encuentran bajo los portales<\/strong>. Nos ofrec\u00eda, por diez euros, elegir entre trece primeros y segundos platos, postre y al caf\u00e9 nos invitaban al decir que \u00edbamos de su parte. Al principio pensamos en lo barata y rica que estaba la comida que nos esperaba en casa hecha por nuestras madres con cari\u00f1o y conservada en los tupperwares, <strong>pero fue decir que hab\u00eda <a href=\"http:\/\/www.mis-recetas.org\/recetas\/show\/2260-secreto-iberico\" target=\"_blank\">secreto ib\u00e9rico <\/a>y a algunos de mis compa\u00f1eros les cambi\u00f3 la cara, se les ca\u00eda la baba.<\/strong><\/p>\n<p><strong>Esa ma\u00f1ana tuvimos que suspender la visita tur\u00edstica al estar el Museo \u00c1rabe cerrado y apretar a\u00fan m\u00e1s la lluvia.<\/strong> Al volver a casa, cuando pasamos otra vez por el Arco de la Estrella, all\u00ed segu\u00eda aquella fant\u00e1stica relaciones p\u00fablicas, solitaria ante la escasez de turistas. En esta ocasi\u00f3n, \u00edbamos hablando de que un paraguas ten\u00eda una gotera, ella no pudo aguantarse y entr\u00f3 en la conversaci\u00f3n: <strong>\u201cA m\u00ed me pasa lo mismo\u201d, dec\u00eda mientras nos lo indicaba.<\/strong> Recogidos de la lluvia ya bajo los portales en la Plaza Mayor, unos coment\u00e1bamos lo buena vendedora que era, a pesar de las condiciones atmosf\u00e9ricas que sufr\u00eda, y otros se relam\u00edan pensando en el secreto ib\u00e9rico, que qued\u00f3 pendiente de ir a probar otro d\u00eda, <strong>cuando en vez de estudiantes pudi\u00e9ramos disfrutar a precio de turistas.<\/strong><\/p>\n<!-- AddThis Advanced Settings generic via filter on the_content --><!-- AddThis Share Buttons generic via filter on the_content -->","protected":false},"excerpt":{"rendered":"<p>Todos los jueves hago visitas culturales por la Parte Antigua y los museos de C\u00e1ceres con un grupo de amigos. La idea comenz\u00f3 un d\u00eda que quedamos para ver la exposici\u00f3n \u201cOr\u00edgenes\u201d, que ocupaba parte de la Plaza Mayor hasta hace una semana. Como hasta las doce y media del mediod\u00eda no abr\u00edan, decidimos mientras [&hellip;]<!-- AddThis Advanced Settings generic via filter on get_the_excerpt --><!-- AddThis Share Buttons generic via filter on get_the_excerpt --><\/p>\n","protected":false},"author":45,"featured_media":0,"comment_status":"open","ping_status":"closed","sticky":false,"template":"","format":"standard","meta":[],"categories":[3],"tags":[167,277,411,447,577,1615,1799,2221,2345,2422,2629,2821,2824,2957,3034,3057,3078,3284,3288,3289,3602,3689,3704,3728,4055,4300],"_links":{"self":[{"href":"https:\/\/blogs.hoy.es\/solitaencaceres\/wp-json\/wp\/v2\/posts\/243"}],"collection":[{"href":"https:\/\/blogs.hoy.es\/solitaencaceres\/wp-json\/wp\/v2\/posts"}],"about":[{"href":"https:\/\/blogs.hoy.es\/solitaencaceres\/wp-json\/wp\/v2\/types\/post"}],"author":[{"embeddable":true,"href":"https:\/\/blogs.hoy.es\/solitaencaceres\/wp-json\/wp\/v2\/users\/45"}],"replies":[{"embeddable":true,"href":"https:\/\/blogs.hoy.es\/solitaencaceres\/wp-json\/wp\/v2\/comments?post=243"}],"version-history":[{"count":0,"href":"https:\/\/blogs.hoy.es\/solitaencaceres\/wp-json\/wp\/v2\/posts\/243\/revisions"}],"wp:attachment":[{"href":"https:\/\/blogs.hoy.es\/solitaencaceres\/wp-json\/wp\/v2\/media?parent=243"}],"wp:term":[{"taxonomy":"category","embeddable":true,"href":"https:\/\/blogs.hoy.es\/solitaencaceres\/wp-json\/wp\/v2\/categories?post=243"},{"taxonomy":"post_tag","embeddable":true,"href":"https:\/\/blogs.hoy.es\/solitaencaceres\/wp-json\/wp\/v2\/tags?post=243"}],"curies":[{"name":"wp","href":"https:\/\/api.w.org\/{rel}","templated":true}]}}