{"id":248,"date":"2012-11-15T10:58:16","date_gmt":"2012-11-15T10:58:16","guid":{"rendered":"http:\/\/blogs.hoy.es\/solitaencaceres\/?p=248"},"modified":"2012-11-15T10:58:16","modified_gmt":"2012-11-15T10:58:16","slug":"a-la-huelga-diez-a-la-huelga-cien","status":"publish","type":"post","link":"https:\/\/blogs.hoy.es\/solitaencaceres\/2012\/11\/15\/a-la-huelga-diez-a-la-huelga-cien\/","title":{"rendered":"A la huelga diez, a la huelga cien&#8230;"},"content":{"rendered":"<p style=\"text-align: center;\"><a href=\"\/solitaencaceres\/wp-content\/uploads\/sites\/41\/2012\/11\/IMG_20121114_195346.jpg\"><img loading=\"lazy\" class=\"aligncenter  wp-image-249\" title=\"Sale la manifestaci\u00f3n desde la cruz\" src=\"\/solitaencaceres\/wp-content\/uploads\/sites\/41\/2012\/11\/IMG_20121114_195346.jpg\" alt=\"\" width=\"435\" height=\"435\" srcset=\"https:\/\/static-blogs.hoy.es\/wp-content\/uploads\/sites\/41\/2012\/11\/IMG_20121114_195346.jpg 906w, https:\/\/static-blogs.hoy.es\/wp-content\/uploads\/sites\/41\/2012\/11\/IMG_20121114_195346-150x150.jpg 150w, https:\/\/static-blogs.hoy.es\/wp-content\/uploads\/sites\/41\/2012\/11\/IMG_20121114_195346-300x300.jpg 300w, https:\/\/static-blogs.hoy.es\/wp-content\/uploads\/sites\/41\/2012\/11\/IMG_20121114_195346-768x768.jpg 768w\" sizes=\"(max-width: 435px) 100vw, 435px\" \/><\/a><\/p>\n<p>Mientras unos debaten <strong>si fuimos 8000 o 14000 las personas que nos manifestamos ayer por la tarde desde la <a href=\"http:\/\/wikimapia.org\/1808957\/es\/La-Cruz-de-los-Ca%C3%ADdos\" target=\"_blank\">Cruz de los Ca\u00eddos<\/a> hasta la <a href=\"http:\/\/es.wikipedia.org\/wiki\/Plaza_Mayor_de_C%C3%A1ceres\" target=\"_blank\">Plaza Mayor de C\u00e1ceres<\/a><\/strong>, otros nos sentimos ofendidos por que <strong>el n\u00famero sea lo \u00fanico verdaderamente importante. \u00a0<\/strong>Unos intentan engordarlo, los otros se basan e<strong>n el vac\u00edo que hab\u00eda en la parte inferior de la Plaza para contrarrestarlo.<\/strong> Se auto enga\u00f1an a s\u00ed mismos dependiendo del bando al que pertenezcan, de los intereses que tengan, y todo lo que ha sucedido, se queda en nada o en mucho, <strong>en fracaso o en triunfo.<\/strong><\/p>\n<p>El caso es que ayer por la tarde, <strong>C\u00e1ceres sali\u00f3 a la calle, respondiendo a una Huelga General que por la ma\u00f1ana hab\u00eda dejado mucho que desear<\/strong>: pasabas por C\u00e1novas y ve\u00edas la mayor\u00eda de los <strong>comercios abiertos, los bares llenos, las tiendas de ropa a reventar de adolescentes que aprovechaban la huelga para ir de compras\u2026<\/strong> y llegabas a la Subdelegaci\u00f3n del Gobierno, en la Avenida de la Virgen de la Monta\u00f1a, y te encontrabas con un grupo de estudiantes, bastante m\u00e1s reducido que el de las manifestaciones de un mes antes, <strong>luchando por sus derechos y los de esos que tomaban caf\u00e9 o iban a comprarse unos pantalones vaqueros.<\/strong><\/p>\n<p>El ambiente estaba muy tranquilo, ca\u00eda la noche, hac\u00eda fr\u00edo. A ratos, <strong>dudaba si estaba en una manifestaci\u00f3n o en una procesi\u00f3n, pues no recuerdo haber asistido vez alguna\u00a0 a una convocatoria tan silenciosa.<\/strong> Apenas se escuchaban lemas, silbatos o gritos. <strong>Pero las banderas rojas de<a href=\"http:\/\/www.extremadura.ccoo.es\/\" target=\"_blank\"> CC.OO.<\/a> y <a href=\"http:\/\/www.ugtextremadura.org\/\" target=\"_blank\">U.G.T.<\/a> dejaban claro que no segu\u00edamos al <a href=\"http:\/\/www.youtube.com\/watch?v=a8RergUW7Kk\" target=\"_blank\">Cristo Negro<\/a>.\u00a0<\/strong> Sin embargo, el paseo hasta la Plaza Mayor era bonito, disfrutando de la esencia del silencio a pesar de la tristeza que daba a la manifestaci\u00f3n. Una tristeza que refleja el dif\u00edcil y complicado momento que estamos viviendo<strong>. Un silencio de luto, por casos como el de la se\u00f1ora de <a href=\"http:\/\/www.barakaldo.org\/\" target=\"_blank\">Barakaldo<\/a> que se suicid\u00f3 hace unos d\u00edas cuando iban a desahuciarla.<\/strong><\/p>\n<p>Lleg\u00e1bamos a la Plaza Mayor por San Juan, al ritmo de una canci\u00f3n pegadiza que empezaba a animar el ambiente: <strong><a href=\"http:\/\/www.youtube.com\/watch?v=7Pr6eHRe5bQ\" target=\"_blank\">\u201cA la huelga\u201d<\/a> interpretada por <a href=\"http:\/\/es.wikipedia.org\/wiki\/Rolando_Alarc%C3%B3n\" target=\"_blank\">Rolando Alarc\u00f3n<\/a>.<\/strong> Mientras me cruzaba con amigos y conocidos que jam\u00e1s hubiese imaginado encontrar ah\u00ed, la canci\u00f3n que sonaba me ayudaba a recordar <strong>mis or\u00edgenes obreros y me daba fuerzas para luchar por aquello por lo que mis padres un d\u00eda pelearon.<\/strong> Tuve un momento de tensi\u00f3n que empa\u00f1\u00f3 mi nostalgia, <strong>cuando vi al polic\u00eda nacional que en la <a href=\"http:\/\/www.ugt.es\/huelga_general\/29marzo.html\" target=\"_blank\">Huelga General del 29M <\/a>me agarr\u00f3 del brazo y me dijo que si estaba grabando las matr\u00edculas para quemar despu\u00e9s los coches.<\/strong> Recordaba perfectamente sus rasgos, su mirada penetrante y a la vez cansada, escondida bajo la gorra, su bigote negro, su piel morena\u2026 <strong>Ten\u00eda un aire f\u00edsico a Tejero, el del 23F.<\/strong><\/p>\n<p>Tanta emoci\u00f3n hizo que me entrasen <strong>ganas de llamar a mi madre para contarle que estaba en la manifestaci\u00f3n<\/strong>, pero no me atrev\u00ed por no preocuparla, <strong>para no tenerla pendiente del telediario de Canal Extremadura, nerviosa por si la polic\u00eda cargaba.<\/strong> Al terminar las intervenciones de los representantes sindicales, volvieron a poner \u201cA la huelga\u201d. De tantas veces como la repitieron acab\u00e9 aprendi\u00e9ndomela. El estribillo dec\u00eda as\u00ed: <em>\u201cA la huelga diez, a la huelga cien, a la huelga, madre, yo voy tambi\u00e9n. A la huelga cien, a la huelga mil, yo por ellos, madre, y ellos por m\u00ed\u201d<\/em><strong>. Sal\u00eda de la Plaza camino a casa feliz, pensando que mi madre se sentir\u00eda orgullosa de m\u00ed por luchar por los dem\u00e1s, aunque algunos prefirieran ir de compras o tomar unas ca\u00f1as en vez de luchar por m\u00ed.<\/strong><\/p>\n<!-- AddThis Advanced Settings generic via filter on the_content --><!-- AddThis Share Buttons generic via filter on the_content -->","protected":false},"excerpt":{"rendered":"<p>Mientras unos debaten si fuimos 8000 o 14000 las personas que nos manifestamos ayer por la tarde desde la Cruz de los Ca\u00eddos hasta la Plaza Mayor de C\u00e1ceres, otros nos sentimos ofendidos por que el n\u00famero sea lo \u00fanico verdaderamente importante. \u00a0Unos intentan engordarlo, los otros se basan en el vac\u00edo que hab\u00eda en [&hellip;]<!-- AddThis Advanced Settings generic via filter on get_the_excerpt --><!-- AddThis Share Buttons generic via filter on get_the_excerpt --><\/p>\n","protected":false},"author":45,"featured_media":0,"comment_status":"open","ping_status":"closed","sticky":false,"template":"","format":"standard","meta":[],"categories":[3],"tags":[30,51,346,388,393,402,577,786,971,1090,1098,1199,1752,1918,2042,2043,2359,2519,2715,3290,3624,3797,3864,3945,3949,4004,4104,4132,4386],"_links":{"self":[{"href":"https:\/\/blogs.hoy.es\/solitaencaceres\/wp-json\/wp\/v2\/posts\/248"}],"collection":[{"href":"https:\/\/blogs.hoy.es\/solitaencaceres\/wp-json\/wp\/v2\/posts"}],"about":[{"href":"https:\/\/blogs.hoy.es\/solitaencaceres\/wp-json\/wp\/v2\/types\/post"}],"author":[{"embeddable":true,"href":"https:\/\/blogs.hoy.es\/solitaencaceres\/wp-json\/wp\/v2\/users\/45"}],"replies":[{"embeddable":true,"href":"https:\/\/blogs.hoy.es\/solitaencaceres\/wp-json\/wp\/v2\/comments?post=248"}],"version-history":[{"count":0,"href":"https:\/\/blogs.hoy.es\/solitaencaceres\/wp-json\/wp\/v2\/posts\/248\/revisions"}],"wp:attachment":[{"href":"https:\/\/blogs.hoy.es\/solitaencaceres\/wp-json\/wp\/v2\/media?parent=248"}],"wp:term":[{"taxonomy":"category","embeddable":true,"href":"https:\/\/blogs.hoy.es\/solitaencaceres\/wp-json\/wp\/v2\/categories?post=248"},{"taxonomy":"post_tag","embeddable":true,"href":"https:\/\/blogs.hoy.es\/solitaencaceres\/wp-json\/wp\/v2\/tags?post=248"}],"curies":[{"name":"wp","href":"https:\/\/api.w.org\/{rel}","templated":true}]}}