{"id":255,"date":"2012-11-19T10:09:34","date_gmt":"2012-11-19T10:09:34","guid":{"rendered":"http:\/\/blogs.hoy.es\/solitaencaceres\/?p=255"},"modified":"2012-11-19T10:09:34","modified_gmt":"2012-11-19T10:09:34","slug":"la-badila-los-tufos-y-el-brasero-de-picon","status":"publish","type":"post","link":"https:\/\/blogs.hoy.es\/solitaencaceres\/2012\/11\/19\/la-badila-los-tufos-y-el-brasero-de-picon\/","title":{"rendered":"La badila, los tufos y el brasero de pic\u00f3n"},"content":{"rendered":"<p style=\"text-align: center;\"><a href=\"\/solitaencaceres\/wp-content\/uploads\/sites\/41\/2012\/11\/Brasero-pic\u00f3n-C\u00f3rdoba.jpg\"><img loading=\"lazy\" class=\"aligncenter  wp-image-256\" title=\"Brasero de pic\u00f3n\" src=\"\/solitaencaceres\/wp-content\/uploads\/sites\/41\/2012\/11\/Brasero-pic\u00f3n-C\u00f3rdoba.jpg\" alt=\"\" width=\"614\" height=\"408\" srcset=\"https:\/\/static-blogs.hoy.es\/wp-content\/uploads\/sites\/41\/2012\/11\/Brasero-pic\u00f3n-C\u00f3rdoba.jpg 1600w, https:\/\/static-blogs.hoy.es\/wp-content\/uploads\/sites\/41\/2012\/11\/Brasero-pic\u00f3n-C\u00f3rdoba-300x199.jpg 300w, https:\/\/static-blogs.hoy.es\/wp-content\/uploads\/sites\/41\/2012\/11\/Brasero-pic\u00f3n-C\u00f3rdoba-768x510.jpg 768w, https:\/\/static-blogs.hoy.es\/wp-content\/uploads\/sites\/41\/2012\/11\/Brasero-pic\u00f3n-C\u00f3rdoba-1024x680.jpg 1024w\" sizes=\"(max-width: 614px) 100vw, 614px\" \/><\/a><\/p>\n<p>Mi padre es un hombre de campo: adem\u00e1s de sembrar patatas, tomates, pimientos, lechugas\u2026 <strong>ayer me contaba que ya tiene m\u00e1s de cien ovejas, una veintena de cabras, varios cerdos y gallinas, y un mast\u00edn.<\/strong> Hasta hace unos meses, se dedicaba a la construcci\u00f3n, pero la falta de empleo en ese sector lo ha llevado al campo. A m\u00ed me encanta que mi padre sea as\u00ed, tan rural y natural. N<strong>o le gusta salir a comer fuera de casa, dice que donde se ponga el cond\u00edo de la matanza que se quite lo dem\u00e1s. Odia los centros comerciales, que mi madre le compre ropa y que lo obligue a ponerse traje para las bodas.<\/strong><\/p>\n<p>Hace tres a\u00f1os, cuando vio que la crisis iba a ser m\u00e1s dura de lo que los pron\u00f3sticos se\u00f1alaban,<strong> decidi\u00f3 quitar el brasero el\u00e9ctrico y todas las estufas el\u00e9ctricas que hab\u00eda en casa y ponerse a hacer pic\u00f3n para volver a los tufos y a la badila.<\/strong> A m\u00ed al principio me pareci\u00f3 una gran idea, porque adem\u00e1s de ahorrar en electricidad, el brasero de pic\u00f3n calienta mucho m\u00e1s.<\/p>\n<p>Un 6 de enero, d\u00eda de Reyes Magos, de hace tres a\u00f1os,<strong> casi pierdo la vida.<\/strong> No ten\u00eda ganas de salir a festejar el d\u00eda, estaba baja de \u00e1nimos y me qued\u00e9 toda la tarde en el comedor, calentita con el brasero de pic\u00f3n y leyendo<strong> \u201cPlenilunio\u201d, de Antonio Mu\u00f1oz Molina.<\/strong> Termin\u00e9 el libro al completo ese mismo d\u00eda, a las 2 de la madrugada. <strong>Cuando me levant\u00e9 del sof\u00e1 me empez\u00f3 a entrar un fuerte dolor de cabeza.<\/strong> Pens\u00e9 que era de haber estado tanto tiempo leyendo sin las gafas puestas. Sal\u00ed a tomar el aire al corral.<\/p>\n<p><strong>\u201c\u00a1Carooool!, \u00a1Despierta hija, abre los ojos!\u201d Me dec\u00eda mi padre mientras me abofeteaba para que recuperase el conocimiento. Yo estaba tirada en el suelo, entre la cocina y el corral, con la cara p\u00e1lida, los ojos rojos y echando jugos g\u00e1stricos por la boca.<\/strong> Ese d\u00eda, si mi padre no se hubiera quedado dormido en el comedor mientras yo le\u00eda, si se hubiera acostado antes que yo, probablemente hubiera muerto intoxicada por el brasero de pic\u00f3n y nadie me hubiera podido reanimar.<\/p>\n<p>Desde ese d\u00eda, le cog\u00ed mucho miedo al brasero de pic\u00f3n y mis padres me pusieron uno el\u00e9ctrico en el comedor de la planta de abajo, para no volver a tener sustos. Sin embargo,<strong> el a\u00f1o pasado en Noche Vieja, fui a casa de mi t\u00eda, la hermana de mi padre, a pasar en familia ese d\u00eda tan especial y me encontr\u00e9 con que no hab\u00eda un brasero de pic\u00f3n bajo las enag\u00fcillas, sino dos.<\/strong> Me dejaron que me sentase al lado del pasillo, para que corriese un poco el aire, de vez en cuando sal\u00eda a la terraza, tomaba mucha agua\u2026. pero nada evit\u00f3 que me pusiera mala. Hab\u00eda quedado para salir con mis amigas y<strong> tuve que llamarlas mientras me retorc\u00eda en la cama del dolor de cabeza que ten\u00eda.<\/strong><\/p>\n<p>Este viernes, al volver a Arroyo, comet\u00ed el error de sentarme, <strong>al llegar a casa muerta de fr\u00edo, al calor del brasero de pic\u00f3n.<\/strong> Por la tarde empez\u00f3 a subirme un dolor de cabeza que\u00a0desde el invierno pasado no sent\u00eda. <strong>Por la noche no era capaz de dormir, la cabeza me estallaba.<\/strong> Me daba miedo desmayarme otra vez y que nadie me pudiera reanimar. Reconozco que me encanta que mi padre sea tan ahorrador y utilice recursos primarios para no gastar electricidad, <strong>pero creo que les va a salir m\u00e1s caro mi entierro la pr\u00f3xima vez que me vuelva a\u00a0intoxicar.<\/strong><\/p>\n<!-- AddThis Advanced Settings generic via filter on the_content --><!-- AddThis Share Buttons generic via filter on the_content -->","protected":false},"excerpt":{"rendered":"<p>Mi padre es un hombre de campo: adem\u00e1s de sembrar patatas, tomates, pimientos, lechugas\u2026 ayer me contaba que ya tiene m\u00e1s de cien ovejas, una veintena de cabras, varios cerdos y gallinas, y un mast\u00edn. Hasta hace unos meses, se dedicaba a la construcci\u00f3n, pero la falta de empleo en ese sector lo ha llevado [&hellip;]<!-- AddThis Advanced Settings generic via filter on get_the_excerpt --><!-- AddThis Share Buttons generic via filter on get_the_excerpt --><\/p>\n","protected":false},"author":45,"featured_media":0,"comment_status":"open","ping_status":"closed","sticky":false,"template":"","format":"standard","meta":[],"categories":[3],"tags":[237,368,521,803,807,875,967,1008,1032,1573,1814,1962,2018,2146,2353,2888,3223,3294,3745,4037,4084,4118,4148,4186],"_links":{"self":[{"href":"https:\/\/blogs.hoy.es\/solitaencaceres\/wp-json\/wp\/v2\/posts\/255"}],"collection":[{"href":"https:\/\/blogs.hoy.es\/solitaencaceres\/wp-json\/wp\/v2\/posts"}],"about":[{"href":"https:\/\/blogs.hoy.es\/solitaencaceres\/wp-json\/wp\/v2\/types\/post"}],"author":[{"embeddable":true,"href":"https:\/\/blogs.hoy.es\/solitaencaceres\/wp-json\/wp\/v2\/users\/45"}],"replies":[{"embeddable":true,"href":"https:\/\/blogs.hoy.es\/solitaencaceres\/wp-json\/wp\/v2\/comments?post=255"}],"version-history":[{"count":0,"href":"https:\/\/blogs.hoy.es\/solitaencaceres\/wp-json\/wp\/v2\/posts\/255\/revisions"}],"wp:attachment":[{"href":"https:\/\/blogs.hoy.es\/solitaencaceres\/wp-json\/wp\/v2\/media?parent=255"}],"wp:term":[{"taxonomy":"category","embeddable":true,"href":"https:\/\/blogs.hoy.es\/solitaencaceres\/wp-json\/wp\/v2\/categories?post=255"},{"taxonomy":"post_tag","embeddable":true,"href":"https:\/\/blogs.hoy.es\/solitaencaceres\/wp-json\/wp\/v2\/tags?post=255"}],"curies":[{"name":"wp","href":"https:\/\/api.w.org\/{rel}","templated":true}]}}