{"id":27,"date":"2012-05-11T00:35:14","date_gmt":"2012-05-11T00:35:14","guid":{"rendered":"http:\/\/blogs.hoy.es\/solitaencaceres\/?p=27"},"modified":"2012-05-11T00:35:14","modified_gmt":"2012-05-11T00:35:14","slug":"yo-queria-ser-futbolista","status":"publish","type":"post","link":"https:\/\/blogs.hoy.es\/solitaencaceres\/2012\/05\/11\/yo-queria-ser-futbolista\/","title":{"rendered":"Yo quer\u00eda ser futbolista"},"content":{"rendered":"<p>Cuando era peque\u00f1a me preguntaban: \u00bf<strong>Qu\u00e9 quieres ser de mayor? Y yo dec\u00eda: Futbolista<\/strong>. Crec\u00ed con un bal\u00f3n en los pies, rodeada de ni\u00f1os. A mi abuela le daba verg\u00fcenza ir por la calle conmigo. Le dec\u00edan: \u00a1Qu\u00e9 mayor est\u00e1 tu nietecito! Yo ten\u00eda el pelo al taz\u00f3n y vest\u00eda con ch\u00e1ndal, me parec\u00eda al ni\u00f1o de \u201cSolo en casa 2\u201d. <strong>Odiaba las barbies,<\/strong> los juegos de cocina y los de mam\u00e1s y pap\u00e1s, <strong>yo siempre era la mascota<\/strong>.<\/p>\n<p><a href=\"\/solitaencaceres\/wp-content\/uploads\/sites\/41\/2012\/05\/5106_1069924199077_1555267294_30196399_4232729_n.jpg\"><img loading=\"lazy\" class=\"aligncenter size-full wp-image-29\" title=\"Carolina Diaz\" src=\"\/solitaencaceres\/wp-content\/uploads\/sites\/41\/2012\/05\/5106_1069924199077_1555267294_30196399_4232729_n.jpg\" alt=\"\" width=\"604\" height=\"425\" srcset=\"https:\/\/static-blogs.hoy.es\/wp-content\/uploads\/sites\/41\/2012\/05\/5106_1069924199077_1555267294_30196399_4232729_n.jpg 604w, https:\/\/static-blogs.hoy.es\/wp-content\/uploads\/sites\/41\/2012\/05\/5106_1069924199077_1555267294_30196399_4232729_n-300x211.jpg 300w\" sizes=\"(max-width: 604px) 100vw, 604px\" \/><\/a><\/p>\n<p>No poder cumplir mi sue\u00f1o de ser futbolista es una frustraci\u00f3n que siempre llevo conmigo. Suena raro que yo diga esto, ya que mi infancia no me cae muy lejos, pero ser chica y jugar al f\u00fatbol no estaba bien visto a m\u00ed alrededor. Y m\u00e1s en <strong>Arroyo de la Luz<\/strong>, donde todas las chicas parec\u00edamos predestinadas en nuestra infancia a jugar al voleibol. As\u00ed acab\u00e9 yo.<\/p>\n<p>El deporte ha marcado mi vida. Estuve a punto de estudiar <strong>Ciencias del Deporte<\/strong>, pero una de las causas de que estudiara <strong>Filolog\u00eda<\/strong> fue esta: al comenzar <strong>2\u00ba de Bachillerato<\/strong> me apunt\u00e9 al gimnasio. Iba todas las tardes dos horas y cog\u00ed tal vicio que estudiaba all\u00ed, mientras pedaleaba en la bicicleta est\u00e1tica o sub\u00eda y bajaba en el step. <strong>Imag\u00ednense mis notas<\/strong>: en el primer trimestre suspend\u00ed seis, en el segundo, cuatro, y en el tercero, tres.<\/p>\n<p>Conoc\u00ed la <strong>literatura universal<\/strong> durante el verano, tras dejar el gimnasio y estudiar en el escritorio de mi habitaci\u00f3n, como deb\u00eda haber hecho a lo largo del a\u00f1o.<\/p>\n<p>Hasta hace poco, pod\u00eda considerarme una chica sana: <strong>hac\u00eda deporte, odiaba el tabaco y no consum\u00eda bebidas alcoh\u00f3licas<\/strong>. Presum\u00eda de ser as\u00ed. Hace m\u00e1s o menos a\u00f1o y medio que no puedo.<\/p>\n<p>Desde que voy a la Universidad, el <strong>\u00fanico deporte que hago es el sprint de por las ma\u00f1anas<\/strong> a las 8 para coger el autob\u00fas. El tabaco sigo odi\u00e1ndolo como siempre. Supongo que me tiene marcada el olor a nicotina desde bien peque\u00f1a, cuando me levantaba para ir a la escuela y ya estaba mi madre con el cigarro en la mano. Sin embargo, algo que antes odiaba como era el <strong>alcohol<\/strong>, ahora reconozco que en su justa medida lo recomiendo. <strong>Es un conector social \u00fanico<\/strong>.<\/p>\n<p>Los s\u00e1bados por la noche, yo soy de las que hace <strong>botell\u00f3n en el pol\u00edgono de su pueblo<\/strong>. Voy con mi grupo de amigas, esas a las que no soportaba cuando jugaban a las mam\u00e1s y a los pap\u00e1s, cargadas con calimocho y bolsas de hielo. Ya no llevo el pelo al taz\u00f3n, ni visto con ch\u00e1ndal.<\/p>\n<p>Siento que vivo en <strong>dos mundos opuestos<\/strong>: despu\u00e9s de tanta entrevista y tantas conversaciones con <strong>Alonso de la Torre,<\/strong> podr\u00eda tener una valoraci\u00f3n personal del <strong>vino extreme\u00f1o,<\/strong> podr\u00eda enumerar diferentes tipos de uva, podr\u00eda atreverme a regalar un <a href=\"http:\/\/www.riberadelguadiana.eu\/\" target=\"_blank\">Ribera del Guadiana<\/a>, como pregunta Alonso a sus entrevistados en la parte de ADN de \u201c<a href=\"http:\/\/www.hoy.es\/20111211\/local\/mucho-vino-extremeno-calidad-201112110152.html\" target=\"_blank\">Mira qui\u00e9n habla\u201d<\/a>, y sin embargo, los s\u00e1bados por la noche, me encuentro bebiendo de un cart\u00f3n<strong> vino Don Sim\u00f3n<\/strong>, como el que utiliza para cocinar mi madre.<\/p>\n<p>Lo malo de acompa\u00f1ar al <strong>se\u00f1or de los vinos<\/strong> es que, como \u00e9l tiene que conducir, <strong>yo bebo por dos<\/strong>. Eso nos ocurri\u00f3 en la entrevista con <a href=\"http:\/\/www.hoy.es\/videos\/noticias-de-extremadura\/extremadura\/1279670495001-alonso-torre-entrevista-francisco-moreno.html\" target=\"_blank\">Francisco Moreno<\/a>, que al terminar fuimos a un bar y tomamos <a href=\"http:\/\/www.vinicolaguadiana.com\/espanol\/vinos_esplendidos_vigua.vhtml\" target=\"_blank\">Vigua<\/a> en mi honor, por ser un vino para gente joven. No les puedo contar mucho m\u00e1s, <strong>tengo lagunas de aquel d\u00eda<\/strong>.<\/p>\n<p>El viernes pasado, me volvi\u00f3 a suceder algo similar. Fuimos a grabar un <strong>C\u00e1ceres Ins\u00f3lita<\/strong> a Jerez de los Caballeros. Esta vez no beb\u00ed con Francisco Moreno, sino con <a href=\"http:\/\/www.hoy.es\/20080504\/regional\/deberiamos-saber-vender-existe-20080504.html\" target=\"_blank\">Vidal Julio, El Arroyano<\/a>, quien me confes\u00f3 hace poco, en la presentaci\u00f3n de <a href=\"http:\/\/www.hoyarroyodelaluz.es\/\" target=\"_blank\">Hoy Arroyo de la Luz<\/a>, que \u00faltimamente me ve m\u00e1s que a su mujer.<\/p>\n<p style=\"text-align: center;\"><a href=\"\/solitaencaceres\/wp-content\/uploads\/sites\/41\/2012\/05\/Fotograma-grabado-13.jpg\"><img loading=\"lazy\" class=\"aligncenter size-full wp-image-28\" title=\"Alonso de la Torre y Vidal Julio\" src=\"\/solitaencaceres\/wp-content\/uploads\/sites\/41\/2012\/05\/Fotograma-grabado-13.jpg\" alt=\"\" width=\"691\" height=\"389\" srcset=\"https:\/\/static-blogs.hoy.es\/wp-content\/uploads\/sites\/41\/2012\/05\/Fotograma-grabado-13.jpg 1920w, https:\/\/static-blogs.hoy.es\/wp-content\/uploads\/sites\/41\/2012\/05\/Fotograma-grabado-13-300x169.jpg 300w, https:\/\/static-blogs.hoy.es\/wp-content\/uploads\/sites\/41\/2012\/05\/Fotograma-grabado-13-768x432.jpg 768w, https:\/\/static-blogs.hoy.es\/wp-content\/uploads\/sites\/41\/2012\/05\/Fotograma-grabado-13-1024x576.jpg 1024w\" sizes=\"(max-width: 691px) 100vw, 691px\" \/><\/a><\/p>\n<p>\u00a0 Les recomiendo que vean el reportaje, qu\u00e9 voy a decir yo que lo he grabado. <strong>No va de vino, sino de jam\u00f3n<\/strong>. Sin embargo, en Jerez, empec\u00e9 con una ca\u00f1a y <strong>acab\u00e9 con un vaso de vino<\/strong> en la mano.<\/p>\n<p>Yo, que <strong>presum\u00eda de no beber\u2026<\/strong><\/p>\n<!-- AddThis Advanced Settings generic via filter on the_content --><!-- AddThis Share Buttons generic via filter on the_content -->","protected":false},"excerpt":{"rendered":"<p>Cuando era peque\u00f1a me preguntaban: \u00bfQu\u00e9 quieres ser de mayor? Y yo dec\u00eda: Futbolista. Crec\u00ed con un bal\u00f3n en los pies, rodeada de ni\u00f1os. A mi abuela le daba verg\u00fcenza ir por la calle conmigo. Le dec\u00edan: \u00a1Qu\u00e9 mayor est\u00e1 tu nietecito! Yo ten\u00eda el pelo al taz\u00f3n y vest\u00eda con ch\u00e1ndal, me parec\u00eda al [&hellip;]<!-- AddThis Advanced Settings generic via filter on get_the_excerpt --><!-- AddThis Share Buttons generic via filter on get_the_excerpt --><\/p>\n","protected":false},"author":45,"featured_media":0,"comment_status":"open","ping_status":"closed","sticky":false,"template":"","format":"standard","meta":[],"categories":[3],"tags":[],"_links":{"self":[{"href":"https:\/\/blogs.hoy.es\/solitaencaceres\/wp-json\/wp\/v2\/posts\/27"}],"collection":[{"href":"https:\/\/blogs.hoy.es\/solitaencaceres\/wp-json\/wp\/v2\/posts"}],"about":[{"href":"https:\/\/blogs.hoy.es\/solitaencaceres\/wp-json\/wp\/v2\/types\/post"}],"author":[{"embeddable":true,"href":"https:\/\/blogs.hoy.es\/solitaencaceres\/wp-json\/wp\/v2\/users\/45"}],"replies":[{"embeddable":true,"href":"https:\/\/blogs.hoy.es\/solitaencaceres\/wp-json\/wp\/v2\/comments?post=27"}],"version-history":[{"count":0,"href":"https:\/\/blogs.hoy.es\/solitaencaceres\/wp-json\/wp\/v2\/posts\/27\/revisions"}],"wp:attachment":[{"href":"https:\/\/blogs.hoy.es\/solitaencaceres\/wp-json\/wp\/v2\/media?parent=27"}],"wp:term":[{"taxonomy":"category","embeddable":true,"href":"https:\/\/blogs.hoy.es\/solitaencaceres\/wp-json\/wp\/v2\/categories?post=27"},{"taxonomy":"post_tag","embeddable":true,"href":"https:\/\/blogs.hoy.es\/solitaencaceres\/wp-json\/wp\/v2\/tags?post=27"}],"curies":[{"name":"wp","href":"https:\/\/api.w.org\/{rel}","templated":true}]}}