{"id":274,"date":"2012-12-01T12:59:24","date_gmt":"2012-12-01T12:59:24","guid":{"rendered":"http:\/\/blogs.hoy.es\/solitaencaceres\/?p=274"},"modified":"2012-12-01T12:59:24","modified_gmt":"2012-12-01T12:59:24","slug":"viernes-de-botellon-low-cost","status":"publish","type":"post","link":"https:\/\/blogs.hoy.es\/solitaencaceres\/2012\/12\/01\/viernes-de-botellon-low-cost\/","title":{"rendered":"Viernes de botell\u00f3n low cost"},"content":{"rendered":"<p style=\"text-align: center;\"><a href=\"\/solitaencaceres\/wp-content\/uploads\/sites\/41\/2012\/12\/483521_4042203493226_3559012_n.jpg\"><img loading=\"lazy\" class=\"aligncenter  wp-image-275\" title=\"Sara y Carolina\" src=\"\/solitaencaceres\/wp-content\/uploads\/sites\/41\/2012\/12\/483521_4042203493226_3559012_n.jpg\" alt=\"\" width=\"490\" height=\"490\" srcset=\"https:\/\/static-blogs.hoy.es\/wp-content\/uploads\/sites\/41\/2012\/12\/483521_4042203493226_3559012_n.jpg 612w, https:\/\/static-blogs.hoy.es\/wp-content\/uploads\/sites\/41\/2012\/12\/483521_4042203493226_3559012_n-150x150.jpg 150w, https:\/\/static-blogs.hoy.es\/wp-content\/uploads\/sites\/41\/2012\/12\/483521_4042203493226_3559012_n-300x300.jpg 300w\" sizes=\"(max-width: 490px) 100vw, 490px\" \/><\/a><\/p>\n<p>El pasado martes, al volver a C\u00e1ceres en autob\u00fas, <strong>me encontr\u00e9 en la parada de Arroyo con una amiga cacere\u00f1a<\/strong> que hab\u00eda ido a ver a sus abuelos a mi pueblo. Hac\u00eda mucho tiempo que no la ve\u00eda, <strong>desde que se fue este verano a trabajar a Galicia.<\/strong> Sara es de esas amigas que aguantan hasta el final en las fiestas y no tienes ni un minuto de aburrimiento con ella. <strong>Ya desde bien peque\u00f1as, con 14 o 15 a\u00f1os, en la discoteca m\u00f3vil de Arroyo, \u00e9ramos las \u00fanicas de mis amigas que siempre aguant\u00e1bamos hasta los toros y el chocolate con churros.<\/strong><\/p>\n<p>Tras una larga conversaci\u00f3n sentadas juntas en el autob\u00fas, poni\u00e9ndonos al d\u00eda de nuestras vidas,<strong> decidimos que era hora de retomar aquellos adolescentes a\u00f1os en los que sal\u00edamos juntas y lleg\u00e1bamos a casa a las siete de la ma\u00f1ana sin sostenernos en pie.<\/strong><\/p>\n<p><strong>Anoche hicimos la prueba<\/strong>. La idea era ir a tomar un par de ca\u00f1as a un bar barato, pero poco a poco nos fuimos desmadrando. Tras <strong>la primera cerveza en la <a href=\"http:\/\/callejero.interbusca.com\/CACERES\/CACERES\/Plaza-marron-1.html\" target=\"_blank\">Plaza Marr\u00f3n<\/a><\/strong>, nos animamos tanto que acabamos en un <strong><a href=\"http:\/\/www.eroski.es\/es\/\" target=\"_blank\">Eroski Center<\/a> comprando botell\u00f3n<\/strong>. <strong>Por 2,10\u20ac cogimos una litrona y una botella de <a href=\"http:\/\/www.gaitero.com\/\" target=\"_blank\">sidra el Gaitero<\/a>.<\/strong> Despu\u00e9s, pasamos por <strong>Felipe, el famoso chino de la Cruz<\/strong>, y compramos dos vasos de tubo de pl\u00e1stico a 20 c\u00e9ntimos cada uno. Por dos euros y medio hicimos un buen<strong> botell\u00f3n low cost.<\/strong> Terminamos en la<strong> <a href=\"http:\/\/www.minube.com\/rincon\/plaza-de-las-veletas-a447381\" target=\"_blank\">Plaza de las Veletas<\/a><\/strong>, sentadas en unas escaleras pring\u00e1ndonos las manos y ri\u00e9ndonos mientras<strong> intent\u00e1bamos que la sidra rompiera en el vaso.<\/strong><\/p>\n<p>Desde las siete y media que hab\u00edamos salido, tras tanto beber, el cuerpo nos ped\u00eda comida. <strong>Y qu\u00e9 mejor que terminar un botell\u00f3n low cost en el Bucanero, tom\u00e1ndonos una hamburguesa de carne y huevo m\u00e1s una cerveza por 2,10\u20ac.<\/strong> As\u00ed lo hicimos, \u00edbamos por la Parte Antigua de C\u00e1ceres de lado a lado, intentando hacernos fotos aprovechando la luz de las farolas.<strong> Los turistas nocturnos se re\u00edan de nosotras.<\/strong> Nos cost\u00f3 llegar a la Madrila Alta a por nuestra cena.<\/p>\n<p>Mientras nos atend\u00edan, hicimos cuentas de lo barata que nos hab\u00eda salido la noche:<strong> menos de cinco euros. A ese precio, esta noche volvemos a salir juntas.<\/strong><\/p>\n<!-- AddThis Advanced Settings generic via filter on the_content --><!-- AddThis Share Buttons generic via filter on the_content -->","protected":false},"excerpt":{"rendered":"<p>El pasado martes, al volver a C\u00e1ceres en autob\u00fas, me encontr\u00e9 en la parada de Arroyo con una amiga cacere\u00f1a que hab\u00eda ido a ver a sus abuelos a mi pueblo. Hac\u00eda mucho tiempo que no la ve\u00eda, desde que se fue este verano a trabajar a Galicia. Sara es de esas amigas que aguantan [&hellip;]<!-- AddThis Advanced Settings generic via filter on get_the_excerpt --><!-- AddThis Share Buttons generic via filter on get_the_excerpt --><\/p>\n","protected":false},"author":45,"featured_media":0,"comment_status":"open","ping_status":"closed","sticky":false,"template":"","format":"standard","meta":[],"categories":[3],"tags":[267,335,513,577,856,992,1266,1345,1358,1472,1661,2281,2300,2489,3079,3284,3288,3787,4034,4053,4071,4127,4138,4163,4164,4170,4173,4226],"_links":{"self":[{"href":"https:\/\/blogs.hoy.es\/solitaencaceres\/wp-json\/wp\/v2\/posts\/274"}],"collection":[{"href":"https:\/\/blogs.hoy.es\/solitaencaceres\/wp-json\/wp\/v2\/posts"}],"about":[{"href":"https:\/\/blogs.hoy.es\/solitaencaceres\/wp-json\/wp\/v2\/types\/post"}],"author":[{"embeddable":true,"href":"https:\/\/blogs.hoy.es\/solitaencaceres\/wp-json\/wp\/v2\/users\/45"}],"replies":[{"embeddable":true,"href":"https:\/\/blogs.hoy.es\/solitaencaceres\/wp-json\/wp\/v2\/comments?post=274"}],"version-history":[{"count":0,"href":"https:\/\/blogs.hoy.es\/solitaencaceres\/wp-json\/wp\/v2\/posts\/274\/revisions"}],"wp:attachment":[{"href":"https:\/\/blogs.hoy.es\/solitaencaceres\/wp-json\/wp\/v2\/media?parent=274"}],"wp:term":[{"taxonomy":"category","embeddable":true,"href":"https:\/\/blogs.hoy.es\/solitaencaceres\/wp-json\/wp\/v2\/categories?post=274"},{"taxonomy":"post_tag","embeddable":true,"href":"https:\/\/blogs.hoy.es\/solitaencaceres\/wp-json\/wp\/v2\/tags?post=274"}],"curies":[{"name":"wp","href":"https:\/\/api.w.org\/{rel}","templated":true}]}}