{"id":277,"date":"2012-12-05T14:05:24","date_gmt":"2012-12-05T14:05:24","guid":{"rendered":"http:\/\/blogs.hoy.es\/solitaencaceres\/?p=277"},"modified":"2012-12-05T14:05:24","modified_gmt":"2012-12-05T14:05:24","slug":"y-si-me-mandan-sicarios","status":"publish","type":"post","link":"https:\/\/blogs.hoy.es\/solitaencaceres\/2012\/12\/05\/y-si-me-mandan-sicarios\/","title":{"rendered":"\u00bfY si me mandan sicarios?"},"content":{"rendered":"<p style=\"text-align: center;\"><a href=\"\/solitaencaceres\/wp-content\/uploads\/sites\/41\/2012\/12\/sic.png\"><img loading=\"lazy\" class=\"aligncenter  wp-image-278\" title=\"Mapa\" src=\"\/solitaencaceres\/wp-content\/uploads\/sites\/41\/2012\/12\/sic.png\" alt=\"\" width=\"542\" height=\"244\" srcset=\"https:\/\/static-blogs.hoy.es\/wp-content\/uploads\/sites\/41\/2012\/12\/sic.png 678w, https:\/\/static-blogs.hoy.es\/wp-content\/uploads\/sites\/41\/2012\/12\/sic-300x135.png 300w\" sizes=\"(max-width: 542px) 100vw, 542px\" \/><\/a><\/p>\n<p>Contar un suceso o una an\u00e9cdota tiene, como casi todo, sus pros y sus contras:<strong> unos te felicitan, otros te critican, los de all\u00ed se sienten ofendidos, los de m\u00e1s all\u00e1 te aconsejan\u2026<\/strong> Y asimilar todo ese proceso de alabanzas y r\u00e9plicas a veces es complicado. En ciertas ocasiones, uno ve algo que no le gusta y<strong> no lo cuenta por miedo, por no tener problemas con una persona con la que no le interesa tenerlos.<\/strong> Por suerte o por desgracia, seg\u00fan se mire, a m\u00ed me cuesta controlarme.<strong> Si sufro u observo una acci\u00f3n que no me gusta, lo cuento, aunque despu\u00e9s tenga que agachar la cabeza y aguantar las hostias que me vengan.<\/strong><\/p>\n<p>Dicen que <strong>el cementerio est\u00e1 lleno de valientes.<\/strong> A este paso, sin miedo a las consecuencias de mis actos, <strong>voy al nicho de cabeza.<\/strong> Este verano escrib\u00ed una entrada de blog que <strong>en <a href=\"http:\/\/www.hoyarroyodelaluz.es\/\" target=\"_blank\">Arroyo<\/a> y en <a href=\"https:\/\/twitter.com\/\" target=\"_blank\">twitter<\/a> fue una revoluci\u00f3n<\/strong>. Ahora que ha pasado el tiempo, unos cuatro meses, <strong>se puede analizar fr\u00edamente.<\/strong> Todo el pueblo estuvo dividido en dos por<strong> <a href=\"https:\/\/blogs.hoy.es\/solitaencaceres\/2012\/08\/12\/mi-carro-me-lo-robaron\/\" target=\"_blank\">un carro de la compra<\/a>.<\/strong> Unos dec\u00edan que yo <strong>me hab\u00eda burlado de un pobre comerciante<\/strong> y otros me defend\u00edan creando el <strong>#Movimiento11A<\/strong> y alegando que yo simplemente <strong>hab\u00eda contado lo que hab\u00eda pasado aquella noche.<\/strong> Lo cierto, y lo que la mayor\u00eda de la gente no sabe,<strong> es la presi\u00f3n y la coacci\u00f3n que mis amigas y yo llegamos a sufrir, hasta el punto de que un guardia me aconsej\u00f3 que denunciase la situaci\u00f3n.<\/strong><\/p>\n<p>Siempre asumo las consecuencias de mis actos, pero a pesar de que <strong>me acusan de no dar la cara<\/strong>, yo alego que no es temor, <strong>simplemente no me gusta discutir<\/strong>. Sin embargo, no es la \u00fanica vez que he criticado una actuaci\u00f3n y he tenido que aguantar presi\u00f3n y enfados. Y todo eso hace que una poco a poco empiece a tener miedo, no solo por m\u00ed misma, sino tambi\u00e9n por mis allegados. En el pueblo, yo no escribo bajo mi responsabilidad, soy <strong>\u201chija de\u201d<\/strong>, y algo que yo me tomo tan en serio como una entrada de blog, para algunas personas se soluciona <strong>\u201chabl\u00e1ndolo con mi madre y pidi\u00e9ndole que me castigue y entone un mea culpa\u201d.<\/strong><\/p>\n<p>El otro d\u00eda me dijeron que debajo de mis post <strong>aparece un mapa con mi direcci\u00f3n<\/strong>, desde donde los he subido. El tema me tiene un poco atemorizada, <strong>ya no por mi familia, en C\u00e1ceres vivo sola, sino porque supongo que si alguien quiere pedirme cuentas, ya no soy la \u201chija de\u201d para pedirle a mi madre que me ri\u00f1a.<\/strong> Cualquiera puede tomarse la justicia por su mano. <strong>Espero no llegar un d\u00eda mi portal y encontrarme unos sicarios.<\/strong><\/p>\n<!-- AddThis Advanced Settings generic via filter on the_content --><!-- AddThis Share Buttons generic via filter on the_content -->","protected":false},"excerpt":{"rendered":"<p>Contar un suceso o una an\u00e9cdota tiene, como casi todo, sus pros y sus contras: unos te felicitan, otros te critican, los de all\u00ed se sienten ofendidos, los de m\u00e1s all\u00e1 te aconsejan\u2026 Y asimilar todo ese proceso de alabanzas y r\u00e9plicas a veces es complicado. En ciertas ocasiones, uno ve algo que no le [&hellip;]<!-- AddThis Advanced Settings generic via filter on get_the_excerpt --><!-- AddThis Share Buttons generic via filter on get_the_excerpt --><\/p>\n","protected":false},"author":45,"featured_media":0,"comment_status":"open","ping_status":"closed","sticky":false,"template":"","format":"standard","meta":[],"categories":[3],"tags":[6,110,126,213,294,577,916,1189,1349,1446,1935,2588,2681,2705,2878,2880,3380,3406,3447,3591,3722,3782,3870,3931,3932,3933,4035,4131,4141,4147,4247,4308,4387],"_links":{"self":[{"href":"https:\/\/blogs.hoy.es\/solitaencaceres\/wp-json\/wp\/v2\/posts\/277"}],"collection":[{"href":"https:\/\/blogs.hoy.es\/solitaencaceres\/wp-json\/wp\/v2\/posts"}],"about":[{"href":"https:\/\/blogs.hoy.es\/solitaencaceres\/wp-json\/wp\/v2\/types\/post"}],"author":[{"embeddable":true,"href":"https:\/\/blogs.hoy.es\/solitaencaceres\/wp-json\/wp\/v2\/users\/45"}],"replies":[{"embeddable":true,"href":"https:\/\/blogs.hoy.es\/solitaencaceres\/wp-json\/wp\/v2\/comments?post=277"}],"version-history":[{"count":0,"href":"https:\/\/blogs.hoy.es\/solitaencaceres\/wp-json\/wp\/v2\/posts\/277\/revisions"}],"wp:attachment":[{"href":"https:\/\/blogs.hoy.es\/solitaencaceres\/wp-json\/wp\/v2\/media?parent=277"}],"wp:term":[{"taxonomy":"category","embeddable":true,"href":"https:\/\/blogs.hoy.es\/solitaencaceres\/wp-json\/wp\/v2\/categories?post=277"},{"taxonomy":"post_tag","embeddable":true,"href":"https:\/\/blogs.hoy.es\/solitaencaceres\/wp-json\/wp\/v2\/tags?post=277"}],"curies":[{"name":"wp","href":"https:\/\/api.w.org\/{rel}","templated":true}]}}