{"id":280,"date":"2012-12-06T09:37:53","date_gmt":"2012-12-06T09:37:53","guid":{"rendered":"http:\/\/blogs.hoy.es\/solitaencaceres\/?p=280"},"modified":"2012-12-06T09:37:53","modified_gmt":"2012-12-06T09:37:53","slug":"soy-adicta-a-instagram","status":"publish","type":"post","link":"https:\/\/blogs.hoy.es\/solitaencaceres\/2012\/12\/06\/soy-adicta-a-instagram\/","title":{"rendered":"Soy adicta a Instagram"},"content":{"rendered":"<p style=\"text-align: center;\"><a href=\"\/solitaencaceres\/wp-content\/uploads\/sites\/41\/2012\/12\/29603_4058059729622_666241353_n.jpg\"><img loading=\"lazy\" class=\"aligncenter  wp-image-281\" title=\"Carolina y su nueva c\u00e1mara\" src=\"\/solitaencaceres\/wp-content\/uploads\/sites\/41\/2012\/12\/29603_4058059729622_666241353_n.jpg\" alt=\"\" width=\"551\" height=\"551\" srcset=\"https:\/\/static-blogs.hoy.es\/wp-content\/uploads\/sites\/41\/2012\/12\/29603_4058059729622_666241353_n.jpg 612w, https:\/\/static-blogs.hoy.es\/wp-content\/uploads\/sites\/41\/2012\/12\/29603_4058059729622_666241353_n-150x150.jpg 150w, https:\/\/static-blogs.hoy.es\/wp-content\/uploads\/sites\/41\/2012\/12\/29603_4058059729622_666241353_n-300x300.jpg 300w\" sizes=\"(max-width: 551px) 100vw, 551px\" \/><\/a><\/p>\n<p><strong>Mi ojo se ha convertido en un objetivo.<\/strong> Desde que vivo en C\u00e1ceres, cada calle que cruzo, cada parque por el que paseo, cada acci\u00f3n que emprendo, <strong>son motivo de una fotograf\u00eda<\/strong>. Tanto es as\u00ed, que la mitad de las aplicaciones de mi m\u00f3vil, esas que poco a poco me lo han ido bloqueando hasta el punto de que le cargo la bater\u00eda y no pasa del 20%, se llaman<strong> RetroCamera, Ucam, Pudding Camera, Photo art, Pics Art\u2026 y por supuesto, no pod\u00eda faltar Instagram.<\/strong><\/p>\n<p>Empec\u00e9 una ma\u00f1ana temprano, <strong>cuando a las 8:30 estaba esperando a mis compa\u00f1eras de clase para coger el autob\u00fas urbano y me mandaron un mensaje para decirme que no iban.<\/strong> En vez de ser responsable e irme a la facultad, me sub\u00ed a la monta\u00f1a y fui fotografiando con mi m\u00f3vil todo lo que ve\u00eda, a la vez que iba subiendo las fotos a <strong>Instagram.<\/strong> Lo que m\u00e1s me gusta de esa aplicaci\u00f3n es que me ahorra trabajo, <strong>me facilita subirlas a Twitter y Facebook.<\/strong><\/p>\n<p>Desde ese d\u00eda, al menos <strong>un par de veces por semana, salgo a pasear y a hacer fotograf\u00edas.<\/strong> Sin embargo, como mi m\u00f3vil ya no da m\u00e1s de s\u00ed, apenas me permite llamar, <strong>me he comprado una c\u00e1mara r\u00e9flex.<\/strong> Y me gusta, me gusta mucho, me tiene emocionada, con ganas de salir a todas horas de casa a congelar im\u00e1genes de esta ciudad que tanto me fascina, pero por otra parte<strong> he perdido la esencia de hacer fotos y subirlas al instante, segundos despu\u00e9s de haberlas realizado, desde el mismo lugar.<\/strong> Ahora tengo que llegar a casa, meterlas en el port\u00e1til, elegir las mejores entre una amplia gama, pasarlas al tablet, o al m\u00f3vil, siempre conectado a la luz, si no, no funciona, y subirlas a Instagram.<\/p>\n<p>Hoy me voy a <strong>Sevilla<\/strong> a pasar el puente y a comprobar con mi c\u00e1mara nueva si es verdad que<strong> tiene un color especial.<\/strong> La pena es que hasta por la noche que llegue al hotel, y si el wifi funciona, que yo para estas cosas siempre tengo muy mala suerte y a la habitaci\u00f3n pocas veces me llega bien la se\u00f1al, <strong>no podr\u00e9 subir las fotos a la red<\/strong>. Un buen invento para esta \u00e9poca digital en la que vivimos, ser\u00eda poner<strong> un bot\u00f3n de acceso a Instagram en todas las c\u00e1maras<\/strong>. <strong>No se perder\u00eda la esencia de sacar las fotos a la luz en el instante en el que se realizan.<\/strong><\/p>\n<p>&nbsp;<\/p>\n<!-- AddThis Advanced Settings generic via filter on the_content --><!-- AddThis Share Buttons generic via filter on the_content -->","protected":false},"excerpt":{"rendered":"<p>Mi ojo se ha convertido en un objetivo. Desde que vivo en C\u00e1ceres, cada calle que cruzo, cada parque por el que paseo, cada acci\u00f3n que emprendo, son motivo de una fotograf\u00eda. Tanto es as\u00ed, que la mitad de las aplicaciones de mi m\u00f3vil, esas que poco a poco me lo han ido bloqueando hasta [&hellip;]<!-- AddThis Advanced Settings generic via filter on get_the_excerpt --><!-- AddThis Share Buttons generic via filter on get_the_excerpt --><\/p>\n","protected":false},"author":45,"featured_media":0,"comment_status":"open","ping_status":"closed","sticky":false,"template":"","format":"standard","meta":[],"categories":[3],"tags":[74,255,422,577,619,642,1019,1339,1630,1632,1738,1739,2031,2129,2262,2709,2750,2937,3070,3205,3212,3446,3585,3771,3866,3867,3897,4005,4131,4134,4139,4334],"_links":{"self":[{"href":"https:\/\/blogs.hoy.es\/solitaencaceres\/wp-json\/wp\/v2\/posts\/280"}],"collection":[{"href":"https:\/\/blogs.hoy.es\/solitaencaceres\/wp-json\/wp\/v2\/posts"}],"about":[{"href":"https:\/\/blogs.hoy.es\/solitaencaceres\/wp-json\/wp\/v2\/types\/post"}],"author":[{"embeddable":true,"href":"https:\/\/blogs.hoy.es\/solitaencaceres\/wp-json\/wp\/v2\/users\/45"}],"replies":[{"embeddable":true,"href":"https:\/\/blogs.hoy.es\/solitaencaceres\/wp-json\/wp\/v2\/comments?post=280"}],"version-history":[{"count":0,"href":"https:\/\/blogs.hoy.es\/solitaencaceres\/wp-json\/wp\/v2\/posts\/280\/revisions"}],"wp:attachment":[{"href":"https:\/\/blogs.hoy.es\/solitaencaceres\/wp-json\/wp\/v2\/media?parent=280"}],"wp:term":[{"taxonomy":"category","embeddable":true,"href":"https:\/\/blogs.hoy.es\/solitaencaceres\/wp-json\/wp\/v2\/categories?post=280"},{"taxonomy":"post_tag","embeddable":true,"href":"https:\/\/blogs.hoy.es\/solitaencaceres\/wp-json\/wp\/v2\/tags?post=280"}],"curies":[{"name":"wp","href":"https:\/\/api.w.org\/{rel}","templated":true}]}}