{"id":290,"date":"2012-12-17T23:09:07","date_gmt":"2012-12-17T23:09:07","guid":{"rendered":"http:\/\/blogs.hoy.es\/solitaencaceres\/?p=290"},"modified":"2012-12-17T23:09:07","modified_gmt":"2012-12-17T23:09:07","slug":"fofito-me-guia-el-camino","status":"publish","type":"post","link":"https:\/\/blogs.hoy.es\/solitaencaceres\/2012\/12\/17\/fofito-me-guia-el-camino\/","title":{"rendered":"Fofito me gu\u00eda el camino"},"content":{"rendered":"<p style=\"text-align: center;\"><a href=\"\/solitaencaceres\/wp-content\/uploads\/sites\/41\/2012\/12\/Fotito-Spot-publicitario-Campofr\u00edo-2012-2013.png\"><img loading=\"lazy\" class=\"aligncenter  wp-image-291\" title=\"Fotito- Spot publicitario Campofr\u00edo 2012-2013\" src=\"\/solitaencaceres\/wp-content\/uploads\/sites\/41\/2012\/12\/Fotito-Spot-publicitario-Campofr\u00edo-2012-2013.png\" alt=\"\" width=\"447\" height=\"234\" srcset=\"https:\/\/static-blogs.hoy.es\/wp-content\/uploads\/sites\/41\/2012\/12\/Fotito-Spot-publicitario-Campofr\u00edo-2012-2013.png 638w, https:\/\/static-blogs.hoy.es\/wp-content\/uploads\/sites\/41\/2012\/12\/Fotito-Spot-publicitario-Campofr\u00edo-2012-2013-300x158.png 300w\" sizes=\"(max-width: 447px) 100vw, 447px\" \/><\/a><\/p>\n<p>Pertenezco a esa generaci\u00f3n de ni\u00f1os que <strong>crecieron viendo y escuchando cintas de <a href=\"http:\/\/es.wikipedia.org\/wiki\/Los_payasos_de_la_tele\" target=\"_blank\">Los payasos de la tele<\/a> mientras sus padres se emocionaban recordando su infancia.<\/strong> Me gustaban sus canciones pegadizas, el buen rollo que transmit\u00edan y, sobre todo, que eran diferente a las dem\u00e1s cosas para ni\u00f1os que por entonces hab\u00eda.<\/p>\n<p>Hasta el a\u00f1o 1999 aproximadamente, que empezaron a emitirse en <strong>la 2 de TVE <a href=\"http:\/\/es.wikipedia.org\/wiki\/Los_Trilocos\" target=\"_blank\">Los Trilocos<\/a><\/strong>, los encargados de educarme divirti\u00e9ndome cada mediod\u00eda cuando llegaba de clase eran <strong>los <a href=\"http:\/\/es.wikipedia.org\/wiki\/Rugrats\" target=\"_blank\">Rugrats<\/a><\/strong>, aquellos traviesos beb\u00e9s en pa\u00f1ales tan peculiares,<strong><a href=\"http:\/\/www.lastresmellizas.com\/\" target=\"_blank\"> Las tres mellizas<\/a><\/strong>, a las que castigaba <strong>la bruja Aburrida<\/strong> haci\u00e9ndolas part\u00edcipes de un cuento o un hecho hist\u00f3rico para que aprendiesen la lecci\u00f3n de los errores que comet\u00edan, <strong><a href=\"http:\/\/es.wikipedia.org\/wiki\/Digimon\" target=\"_blank\">Los Digim\u00f3n<\/a><\/strong>, animales que viv\u00edan en un mundo digital, <strong>el digimundo<\/strong>, y ten\u00edan s\u00faper poderes\u2026 Pero a mis 7 a\u00f1os, <strong>con la llegada de Chifo, Man\u00e9 y Fofito, Los Trilocos, empec\u00e9 a ver m\u00e1s all\u00e1 de dibujos animados, de ficci\u00f3n y fantas\u00eda<\/strong>. A ra\u00edz de sus canciones, muy al estilo de Los Payasos de la tele y dirigidos por Miliki, aprend\u00ed como a\u00f1os atr\u00e1s, en su infancia, lo hicieron mis padres, <strong>con el mismo esp\u00edritu so\u00f1ador e ilusionado<\/strong>.<\/p>\n<p><strong>Tras mucho tiempo sin saber nada de \u00e9l<\/strong>, pr\u00e1cticamente desde que abandon\u00f3 Los Trilocos, <strong>Fofito vuelve a sorprenderme con el anuncio de Campofr\u00edo<\/strong>, y de la mejor manera posible: despertando ilusi\u00f3n,<strong> llamando chorizos a <a href=\"http:\/\/www.moodys.com\/pages\/default_es.aspx\" target=\"_blank\">Moody\u2019s<\/a> y pava a <a href=\"http:\/\/es.wikipedia.org\/wiki\/Angela_Merkel\" target=\"_blank\">Merkel<\/a><\/strong>, mostr\u00e1ndonos que <strong>Espa\u00f1a tiene un Curriculum Vitae bastante grande como para dejarnos eclipsar por cualquiera que venga de fuera<\/strong>. En mi infancia, Fofito me guio el camino, me ayud\u00f3 a plantar los pies en el mundo real, olvid\u00e1ndome de cuentos fant\u00e1sticos y mundos digitales. Ahora Fofito hace lo mismo.<strong> En el fondo, el Digimundo y Ang\u00e9lica, la malvada prima de Tommy Pickles, el protagonista de los Rugrats, no se diferencian tanto de Moody\u2019s y \u00c1ngela Merkel.<\/strong><\/p>\n<p><a href=\"http:\/\/www.youtube.com\/watch?v=tJJ3xdoTwUI\">Spot Campofrio 2012-2013<\/a><\/p>\n<!-- AddThis Advanced Settings generic via filter on the_content --><!-- AddThis Share Buttons generic via filter on the_content -->","protected":false},"excerpt":{"rendered":"<p>Pertenezco a esa generaci\u00f3n de ni\u00f1os que crecieron viendo y escuchando cintas de Los payasos de la tele mientras sus padres se emocionaban recordando su infancia. Me gustaban sus canciones pegadizas, el buen rollo que transmit\u00edan y, sobre todo, que eran diferente a las dem\u00e1s cosas para ni\u00f1os que por entonces hab\u00eda. Hasta el a\u00f1o [&hellip;]<!-- AddThis Advanced Settings generic via filter on get_the_excerpt --><!-- AddThis Share Buttons generic via filter on get_the_excerpt --><\/p>\n","protected":false},"author":45,"featured_media":0,"comment_status":"open","ping_status":"closed","sticky":false,"template":"","format":"standard","meta":[],"categories":[3],"tags":[214,215,239,844,863,1118,1137,1225,1243,1251,1386,1511,1650,1673,1714,1846,2106,2245,2247,2335,2444,2452,2454,2458,2515,2690,2807,2809,3120,3884,4039,4095],"_links":{"self":[{"href":"https:\/\/blogs.hoy.es\/solitaencaceres\/wp-json\/wp\/v2\/posts\/290"}],"collection":[{"href":"https:\/\/blogs.hoy.es\/solitaencaceres\/wp-json\/wp\/v2\/posts"}],"about":[{"href":"https:\/\/blogs.hoy.es\/solitaencaceres\/wp-json\/wp\/v2\/types\/post"}],"author":[{"embeddable":true,"href":"https:\/\/blogs.hoy.es\/solitaencaceres\/wp-json\/wp\/v2\/users\/45"}],"replies":[{"embeddable":true,"href":"https:\/\/blogs.hoy.es\/solitaencaceres\/wp-json\/wp\/v2\/comments?post=290"}],"version-history":[{"count":0,"href":"https:\/\/blogs.hoy.es\/solitaencaceres\/wp-json\/wp\/v2\/posts\/290\/revisions"}],"wp:attachment":[{"href":"https:\/\/blogs.hoy.es\/solitaencaceres\/wp-json\/wp\/v2\/media?parent=290"}],"wp:term":[{"taxonomy":"category","embeddable":true,"href":"https:\/\/blogs.hoy.es\/solitaencaceres\/wp-json\/wp\/v2\/categories?post=290"},{"taxonomy":"post_tag","embeddable":true,"href":"https:\/\/blogs.hoy.es\/solitaencaceres\/wp-json\/wp\/v2\/tags?post=290"}],"curies":[{"name":"wp","href":"https:\/\/api.w.org\/{rel}","templated":true}]}}