{"id":305,"date":"2012-12-27T23:48:21","date_gmt":"2012-12-27T23:48:21","guid":{"rendered":"http:\/\/blogs.hoy.es\/solitaencaceres\/?p=305"},"modified":"2012-12-27T23:48:21","modified_gmt":"2012-12-27T23:48:21","slug":"la-pastilla-se-la-va-a-tomar-tu","status":"publish","type":"post","link":"https:\/\/blogs.hoy.es\/solitaencaceres\/2012\/12\/27\/la-pastilla-se-la-va-a-tomar-tu\/","title":{"rendered":"La pastilla se la va a tomar tu&#8230;"},"content":{"rendered":"<p style=\"text-align: center;\"><a href=\"\/solitaencaceres\/wp-content\/uploads\/sites\/41\/2012\/12\/La-pastilla-se-la-va-a-tomar-tu-puta-madre.png\"><img loading=\"lazy\" class=\"aligncenter  wp-image-306\" title=\"La pastilla se la va a tomar tu puta madre\" src=\"\/solitaencaceres\/wp-content\/uploads\/sites\/41\/2012\/12\/La-pastilla-se-la-va-a-tomar-tu-puta-madre.png\" alt=\"\" width=\"511\" height=\"311\" srcset=\"https:\/\/static-blogs.hoy.es\/wp-content\/uploads\/sites\/41\/2012\/12\/La-pastilla-se-la-va-a-tomar-tu-puta-madre.png 639w, https:\/\/static-blogs.hoy.es\/wp-content\/uploads\/sites\/41\/2012\/12\/La-pastilla-se-la-va-a-tomar-tu-puta-madre-300x183.png 300w\" sizes=\"(max-width: 511px) 100vw, 511px\" \/><\/a><\/p>\n<p>Ya se est\u00e1n convirtiendo en algo habitual <strong>las salidas de tono de nuestros representantes pol\u00edticos.<\/strong> Es raro el d\u00eda que entramos en la prensa o en Twitter a ver los trending topic y no hay un<strong> comentario fuera de lugar<\/strong> por parte de alg\u00fan diputado<strong> o alguna partida a un juego del m\u00f3vil en un momento inapropiado.<\/strong><\/p>\n<p>Si Rajoy no tiene suficientes quebraderos de cabeza con la crisis econ\u00f3mica, <strong><a href=\"https:\/\/es.twitter.com\/ccifuentes\" target=\"_blank\">Cifuentes<\/a>, <a href=\"http:\/\/www.youtube.com\/watch?v=7ji9gBZ8CR4\" target=\"_blank\">Andrea Fabra<\/a>, <a href=\"http:\/\/politica.elpais.com\/politica\/2012\/11\/27\/actualidad\/1354006960_758466.html\" target=\"_blank\">Pilar Sol<\/a> y <a href=\"http:\/\/www.hoy.es\/rc\/20121201\/mas-actualidad\/nacional\/impulso-aventurero-juventud-ofende-201212011451.html\" target=\"_blank\">Marina del Corral<\/a> se han encargado de aportarle su granito de arena.<\/strong> A esta \u00faltima, yo, personalmente, no le perdono que diga que<strong> los j\u00f3venes inmigramos por esp\u00edritu aventurero<\/strong>, cuando lejos de parecer <strong><a href=\"http:\/\/es.wikipedia.org\/wiki\/Indiana_Jones\" target=\"_blank\">Indiana Jones<\/a><\/strong>, lo hacen y lo haremos porque<strong> no nos dejan otro remedio.<\/strong><\/p>\n<p>Esta tarde, cuando sal\u00eda de patinar con mi hermano en la Plaza Mayor, me encontr\u00e9 en Twitter con un v\u00eddeo de Youtube que se titulaba:<strong> \u201c<a href=\"http:\/\/www.youtube.com\/watch?v=gsrSXQmJGmw&#038;feature=youtu.be\" target=\"_blank\">La pastilla se la va a tomar tu puta madre<\/a>\u201d<\/strong>. Ante tal encabezamiento, mi curiosidad me llev\u00f3 a sentarme en un banco, sacar los cascos para escuchar el audio y disfrutar de una nueva metedura de pata, que ya <strong>son tan habituales que, m\u00e1s que escandalizarme, me hacen gracia.<\/strong> En este caso, no se trataba de una mujer, ni siquiera del equipo de partido de Rajoy, <strong>sino del Consejero de Econom\u00eda del Gobierno de Extremadura, <a href=\"http:\/\/www.hoy.es\/20121201\/local\/antonio-fernndez-tenemos-dinero-201212011318.html\" target=\"_blank\">Antonio Fern\u00e1ndez<\/a>, quien se ha referido de esta manera tan desagradable a <a href=\"https:\/\/twitter.com\/jorgeamadob\" target=\"_blank\">Jorge Amado<\/a>, diputado socialista, cuando este le ha recomendado que, antes de salir a hablar en el pleno, para no ponerse nervioso, se tome una pastilla.<\/strong><\/p>\n<p>Es una pena que solo de lo malo se tome ejemplo, aunque, en realidad,<strong> pocas cosas buenas est\u00e1 haciendo el gobierno de Rajoy<\/strong> como para tomarlo en Extremadura. La \u00faltima, esta tarde en Madrid, <strong>donde han aprobado el mayor plan privatizador de la sanidad.<\/strong> Aunque m\u00e1s grave que eso, me parece que <strong>dos diputados del PP estuviesen jugando a Apalabrados mientras se trataba un tema tan serio.<\/strong> Yo puedo llegar a entender que est\u00e9n enganchados a ese juego, yo tambi\u00e9n lo estuve y llegu\u00e9 al punto de hacer un examen con una mano y con la otra pon\u00eda letras en los cuadrados al estilo Scrabble. Pero si suspend\u00eda, solo yo sufr\u00eda las consecuencias.<strong> Que<a href=\"https:\/\/twitter.com\/bartolomegj\" target=\"_blank\"> Bartolom\u00e9 Gonz\u00e1lez<\/a> y <a href=\"http:\/\/www.asambleamadrid.es\/AsambleaDeMadrid\/es\/QueEsLaAsamblea\/ComposicionAsamblea\/Cvs\/maria%20isabel%20redondo%20alcaide.htm\" target=\"_blank\">Mar\u00eda Isabel Redondo<\/a> est\u00e9n divirti\u00e9ndose mientras se toma una medida tan seria, que repercute en tantas personas, me parece lamentable. Yo jugar\u00eda con ellos al Ahorcado y los meter\u00eda cinco horas en Urgencias esperando a que los atendiesen. Para que escarmienten.<\/strong><\/p>\n<p><a href=\"http:\/\/www.youtube.com\/watch?v=gsrSXQmJGmw&#038;feature=youtu.be\">Ver v\u00eddeo<\/a><\/p>\n<!-- AddThis Advanced Settings generic via filter on the_content --><!-- AddThis Share Buttons generic via filter on the_content -->","protected":false},"excerpt":{"rendered":"<p>Ya se est\u00e1n convirtiendo en algo habitual las salidas de tono de nuestros representantes pol\u00edticos. Es raro el d\u00eda que entramos en la prensa o en Twitter a ver los trending topic y no hay un comentario fuera de lugar por parte de alg\u00fan diputado o alguna partida a un juego del m\u00f3vil en un [&hellip;]<!-- AddThis Advanced Settings generic via filter on get_the_excerpt --><!-- AddThis Share Buttons generic via filter on get_the_excerpt --><\/p>\n","protected":false},"author":45,"featured_media":0,"comment_status":"open","ping_status":"closed","sticky":false,"template":"","format":"standard","meta":[],"categories":[3],"tags":[136,209,235,416,877,1025,1085,1260,1300,1366,1529,1622,1864,2100,2187,2215,2222,2282,2485,2552,3222,3289,3313,3490,3671,3719,4098,4131,4199,4278],"_links":{"self":[{"href":"https:\/\/blogs.hoy.es\/solitaencaceres\/wp-json\/wp\/v2\/posts\/305"}],"collection":[{"href":"https:\/\/blogs.hoy.es\/solitaencaceres\/wp-json\/wp\/v2\/posts"}],"about":[{"href":"https:\/\/blogs.hoy.es\/solitaencaceres\/wp-json\/wp\/v2\/types\/post"}],"author":[{"embeddable":true,"href":"https:\/\/blogs.hoy.es\/solitaencaceres\/wp-json\/wp\/v2\/users\/45"}],"replies":[{"embeddable":true,"href":"https:\/\/blogs.hoy.es\/solitaencaceres\/wp-json\/wp\/v2\/comments?post=305"}],"version-history":[{"count":0,"href":"https:\/\/blogs.hoy.es\/solitaencaceres\/wp-json\/wp\/v2\/posts\/305\/revisions"}],"wp:attachment":[{"href":"https:\/\/blogs.hoy.es\/solitaencaceres\/wp-json\/wp\/v2\/media?parent=305"}],"wp:term":[{"taxonomy":"category","embeddable":true,"href":"https:\/\/blogs.hoy.es\/solitaencaceres\/wp-json\/wp\/v2\/categories?post=305"},{"taxonomy":"post_tag","embeddable":true,"href":"https:\/\/blogs.hoy.es\/solitaencaceres\/wp-json\/wp\/v2\/tags?post=305"}],"curies":[{"name":"wp","href":"https:\/\/api.w.org\/{rel}","templated":true}]}}