{"id":31,"date":"2012-05-14T09:05:48","date_gmt":"2012-05-14T09:05:48","guid":{"rendered":"http:\/\/blogs.hoy.es\/solitaencaceres\/?p=31"},"modified":"2012-05-14T09:05:48","modified_gmt":"2012-05-14T09:05:48","slug":"dudas-obsesiones-y-amarguras","status":"publish","type":"post","link":"https:\/\/blogs.hoy.es\/solitaencaceres\/2012\/05\/14\/dudas-obsesiones-y-amarguras\/","title":{"rendered":"Dudas, obsesiones y Amarguras"},"content":{"rendered":"<p><strong>Alonso y yo<\/strong> empezamos a grabar entrevistas con <strong>un m\u00f3vil<\/strong>. Llegamos a casa de <a href=\"http:\/\/www.hoy.es\/v\/20100926\/regional\/natural-alumno-este-sentado-20100926.html\" target=\"_blank\">Presen Pulgar\u00edn<\/a> y yo estaba muy nerviosa, no sab\u00eda d\u00f3nde colocarlos ni d\u00f3nde ponerme, no sab\u00eda c\u00f3mo empezar ni qu\u00e9 im\u00e1genes grabar. <strong>Ellos se sentaron<\/strong>. Yo estuve una hora de pie, sosteniendo el m\u00f3vil en la mano, intentando que el cansancio no me afectara, grabando desde diferentes \u00e1ngulos. Cuando llegu\u00e9 a mi casa, estaba tan emocionada que pas\u00e9 el v\u00eddeo al ordenador y me puse a montarlo. De pronto me vi llena de dudas, con un formato de v\u00eddeo que no me aceptaba mi primer programa: <a href=\"http:\/\/www.youtube.com\/watch?v=JzEXIP-zec4\" target=\"_blank\">Ulead VideoStudio 11<\/a>.<\/p>\n<p>El segundo aparato electr\u00f3nico con el que grabamos fue un <strong>ipod<\/strong>. La imagen era m\u00e1s clara, sobre todo en los lugares cerrados, aunque <strong>el sonido era igual de malo<\/strong>. El m\u00f3vil ten\u00eda algo bueno, que era m\u00e1s grueso y m\u00e1s f\u00e1cil de agarrar. El ipod <strong>se me resbalaba<\/strong> y era m\u00e1s complicado aguantar una hora de entrevista (hora y media en algunos casos). Desde que empezamos a utilizarlo con <a href=\"http:\/\/www.hoy.es\/v\/20101017\/regional\/entre-flamencos-extremenos-hermanamiento-20101017.html\" target=\"_blank\">La Ratita, cantaora de flamenco<\/a>, hasta que cay\u00f3 en desuso por lo mucho que lo maldije, la mayor\u00eda de <strong>los entrevistados en alg\u00fan momento de la conversaci\u00f3n paraban y me dec\u00edan que me sentara<\/strong>, que estar\u00eda muy cansada, que si necesitaba algo, incluso alguno me propuso dejarme un tr\u00edpode para apoyarlo, pero <strong>yo no me fiaba<\/strong> de que si no estuviese en mis manos el ipod grabara.<\/p>\n<p>El d\u00eda que grab\u00e9 por primera vez con una <strong>c\u00e1mara<\/strong> fui muy feliz. Sin embargo, ese d\u00eda Alonso tuvo una <strong>brillante idea<\/strong> que me ha amargado hasta hace unos meses. La c\u00e1mara era peque\u00f1ita, muy f\u00e1cil de manejar y ten\u00eda su tr\u00edpode. Ya no ten\u00eda que aguantar una hora con la mano cansada. <strong>La genial idea de Alonso fue pasarme su sonido de las entrevistas, que \u00e9l registraba en una grabadora para despu\u00e9s transcribirlo<\/strong>, para que yo lo compaginara con el sonido de los v\u00eddeos.<\/p>\n<p>Yo tengo un problema con el doblaje de las pel\u00edculas: <strong>no soporto ver que los labios se mueven de una manera diferente<\/strong> a lo que la voz dice. Y de repente, me ve\u00eda cortando trozos de entrevista en v\u00eddeo y buscando en audios de 80 minutos lo que el v\u00eddeo seleccionado reproduc\u00eda.<strong> Pas\u00e9 de tardar una hora en realizar el montaje a tardar cinco.<\/strong> Se acab\u00f3 convirtiendo en una obsesi\u00f3n en la que quitarle un segundo o sub\u00edrselo a un audio era la soluci\u00f3n. No fui capaz de terminar un montaje sin que todos los v\u00eddeos tuvieran correctamente su audio. Labios y voz se compaginaban.<\/p>\n<p>As\u00ed hemos estado la mayor\u00eda del tiempo, con v\u00eddeo y audio independientes, <strong>y as\u00ed empezamos<\/strong> <a href=\"http:\/\/www.hoy.es\/videos\/a-fondo\/caceres-insolita\/\" target=\"_blank\">C\u00e1ceres Ins\u00f3lita<\/a>. En las grabaciones con mucho ajetreo, Alonso estaba por su lado y yo por el m\u00edo. <a href=\"http:\/\/www.hoy.es\/20120120\/local\/caceres\/hago-dinero-corto-cojones-201201202256.html\" target=\"_blank\"><strong>Esto nos pas\u00f3 en el mercadillo<\/strong><\/a>. \u00c9l llevaba la grabadora y yo la c\u00e1mara. Yo estaba al lado de un se\u00f1or que se quejaba y Alonso al lado de un polic\u00eda que ped\u00eda calma. <strong>Cuando v\u00eddeo y audio se juntaban, el montaje no cuadraba<\/strong>.<\/p>\n<p>Ahora por fin tenemos una <strong>c\u00e1mara con micr\u00f3fono y mis obsesiones se han ido<\/strong>. No s\u00e9 cu\u00e1nto tiempo nos durar\u00e1, porque como cont\u00e9 hace unos d\u00edas, <strong>el micr\u00f3fono est\u00e1 sufriendo algunos percances<\/strong>. Ahora mi preocupaci\u00f3n es otra: <strong>la iluminaci\u00f3n<\/strong>. Cada vez que grabamos por la noche (<a href=\"http:\/\/www.hoy.es\/20120331\/local\/caceres\/noche-piquetes-201203310023.html\" target=\"_blank\">Una noche con los piquetes<\/a>, <a href=\"http:\/\/www.hoy.es\/20120504\/local\/caceres\/locura-abril-mayo-201205042330.html\" target=\"_blank\">Locura de abril y mayo<\/a>, <a href=\"http:\/\/www.hoy.es\/20120120\/local\/caceres\/hago-dinero-corto-cojones-201201202256.html\" target=\"_blank\">Si aqu\u00ed no hago dinero te corto los cojones<\/a>, <a href=\"http:\/\/www.hoy.es\/20120407\/local\/caceres\/cierran-pubs-procesiones-201204070927.html\" target=\"_blank\">Se cierran los pubs, no las procesiones<\/a>) tengo que buscar <strong>una farola o\u00a0 la luz de las c\u00e1maras de los fot\u00f3grafos<\/strong> para iluminar la imagen. En alg\u00fan caso, tambi\u00e9n hemos llevado <strong>una linterna<\/strong>, pero Alonso se mueve mucho y controlar el movimiento de la c\u00e1mara con una mano a la vez que con la linterna en la otra sigo su cabeza, es bastante complicado.<\/p>\n<p style=\"text-align: center;\">\u00a0<a href=\"\/solitaencaceres\/wp-content\/uploads\/sites\/41\/2012\/05\/Captura1.png\"><img loading=\"lazy\" class=\"aligncenter size-full wp-image-34\" title=\"Alonso de la Torre con los piquetes\" src=\"\/solitaencaceres\/wp-content\/uploads\/sites\/41\/2012\/05\/Captura1.png\" alt=\"\" width=\"596\" height=\"317\" srcset=\"https:\/\/static-blogs.hoy.es\/wp-content\/uploads\/sites\/41\/2012\/05\/Captura1.png 994w, https:\/\/static-blogs.hoy.es\/wp-content\/uploads\/sites\/41\/2012\/05\/Captura1-300x160.png 300w, https:\/\/static-blogs.hoy.es\/wp-content\/uploads\/sites\/41\/2012\/05\/Captura1-768x409.png 768w\" sizes=\"(max-width: 596px) 100vw, 596px\" \/><\/a><\/p>\n<p>Esperemos que<strong> C\u00e1ceres Ins\u00f3lita siga creciendo y que alg\u00fan d\u00eda tengamos un foco<\/strong>. O que Alonso deje de mover tanto la cabeza.<\/p>\n<!-- AddThis Advanced Settings generic via filter on the_content --><!-- AddThis Share Buttons generic via filter on the_content -->","protected":false},"excerpt":{"rendered":"<p>Alonso y yo empezamos a grabar entrevistas con un m\u00f3vil. Llegamos a casa de Presen Pulgar\u00edn y yo estaba muy nerviosa, no sab\u00eda d\u00f3nde colocarlos ni d\u00f3nde ponerme, no sab\u00eda c\u00f3mo empezar ni qu\u00e9 im\u00e1genes grabar. Ellos se sentaron. Yo estuve una hora de pie, sosteniendo el m\u00f3vil en la mano, intentando que el cansancio [&hellip;]<!-- AddThis Advanced Settings generic via filter on get_the_excerpt --><!-- AddThis Share Buttons generic via filter on get_the_excerpt --><\/p>\n","protected":false},"author":45,"featured_media":0,"comment_status":"open","ping_status":"closed","sticky":false,"template":"","format":"standard","meta":[],"categories":[3],"tags":[582,638,1744,2154,2293,2777,3376],"_links":{"self":[{"href":"https:\/\/blogs.hoy.es\/solitaencaceres\/wp-json\/wp\/v2\/posts\/31"}],"collection":[{"href":"https:\/\/blogs.hoy.es\/solitaencaceres\/wp-json\/wp\/v2\/posts"}],"about":[{"href":"https:\/\/blogs.hoy.es\/solitaencaceres\/wp-json\/wp\/v2\/types\/post"}],"author":[{"embeddable":true,"href":"https:\/\/blogs.hoy.es\/solitaencaceres\/wp-json\/wp\/v2\/users\/45"}],"replies":[{"embeddable":true,"href":"https:\/\/blogs.hoy.es\/solitaencaceres\/wp-json\/wp\/v2\/comments?post=31"}],"version-history":[{"count":0,"href":"https:\/\/blogs.hoy.es\/solitaencaceres\/wp-json\/wp\/v2\/posts\/31\/revisions"}],"wp:attachment":[{"href":"https:\/\/blogs.hoy.es\/solitaencaceres\/wp-json\/wp\/v2\/media?parent=31"}],"wp:term":[{"taxonomy":"category","embeddable":true,"href":"https:\/\/blogs.hoy.es\/solitaencaceres\/wp-json\/wp\/v2\/categories?post=31"},{"taxonomy":"post_tag","embeddable":true,"href":"https:\/\/blogs.hoy.es\/solitaencaceres\/wp-json\/wp\/v2\/tags?post=31"}],"curies":[{"name":"wp","href":"https:\/\/api.w.org\/{rel}","templated":true}]}}