{"id":312,"date":"2012-12-31T12:00:43","date_gmt":"2012-12-31T12:00:43","guid":{"rendered":"http:\/\/blogs.hoy.es\/solitaencaceres\/?p=312"},"modified":"2012-12-31T12:00:43","modified_gmt":"2012-12-31T12:00:43","slug":"nochevieja-borron-y-cuenta-nueva","status":"publish","type":"post","link":"https:\/\/blogs.hoy.es\/solitaencaceres\/2012\/12\/31\/nochevieja-borron-y-cuenta-nueva\/","title":{"rendered":"Nochevieja: borr\u00f3n y cuenta nueva"},"content":{"rendered":"<p style=\"text-align: center;\"><a href=\"\/solitaencaceres\/wp-content\/uploads\/sites\/41\/2012\/12\/Nochevieja-2013.png\"><img loading=\"lazy\" class=\"aligncenter  wp-image-313\" title=\"Nochevieja 2013\" src=\"\/solitaencaceres\/wp-content\/uploads\/sites\/41\/2012\/12\/Nochevieja-2013.png\" alt=\"\" width=\"432\" height=\"301\" srcset=\"https:\/\/static-blogs.hoy.es\/wp-content\/uploads\/sites\/41\/2012\/12\/Nochevieja-2013.png 800w, https:\/\/static-blogs.hoy.es\/wp-content\/uploads\/sites\/41\/2012\/12\/Nochevieja-2013-300x209.png 300w, https:\/\/static-blogs.hoy.es\/wp-content\/uploads\/sites\/41\/2012\/12\/Nochevieja-2013-768x534.png 768w\" sizes=\"(max-width: 432px) 100vw, 432px\" \/><\/a><\/p>\n<p>Nochevieja, el d\u00eda del a\u00f1o que menos me gusta despu\u00e9s de <strong>San Valent\u00edn<\/strong>. Una fiesta familiar, con cena y copas, que inaugura el nuevo a\u00f1o que entra, una lista de buenos prop\u00f3sitos que, en su mayor\u00eda, nunca se llevar\u00e1n a cabo. <strong>Una mirada al pasado, recordando familiares que ya no est\u00e1n.<\/strong> Como se dice ahora, un <strong>\u201cborr\u00f3n y cuenta nueva\u201d.<\/strong><\/p>\n<p>Pienso en esta noche y se me pone la carne de gallina. Si pudiera, <strong>me meter\u00eda en un agujero oscuro y no saldr\u00eda hasta las siete de la tarde del d\u00eda siguiente<\/strong>, cuando a la gente se le ha pasado ya la emoci\u00f3n del primer d\u00eda del a\u00f1o. Ya me imagino la reuni\u00f3n con la familia,<strong> las preguntas del tipo: \u201c\u00bfQu\u00e9 tal llevas los estudios?\u201d, que tanto me inquietan, o del tipo: \u201c\u00bfTienes ya un amiguino?\u201d, que tanto me agobian.<\/strong><\/p>\n<p>Tras el interrogatorio que me hace mi abuela y las recriminaciones<strong> por haberla ido a ver menos de la cuenta, me obliga a sentarme al brasero<\/strong>, doble raci\u00f3n de pic\u00f3n, por supuesto, ya que somos el triple de gente que habitualmente, y mientras yo me niego, por no pasarme toda la noche vomitando y delirando,<strong> mi padre sentencia: \u201cNo le hagas el feo a tu abuela\u201d.<\/strong><\/p>\n<p>Cuando empiezan a sacar los entrantes, entre que discuten por ver en qu\u00e9 canal ponen las campanadas (este a\u00f1o apuesto por la restauradora del<strong> Ecce Homo<\/strong>), mi madre y yo, que somos las que menos comemos en estos convites,<strong> somos presionadas de nuevo: \u201cOs est\u00e1is quedando en los huesos\u201d.<\/strong> Morcilla patatera, chorizo, jam\u00f3n\u2026 todo tipo de productos de la matanza a la mesa. La familia los devora acompa\u00f1ando con pan, pero sin hablar,<strong> a la vez que mi hermano corretea por el pasillo y mi madre y yo nos apartamos a un lado con nuestro plato de langostinos.<\/strong><\/p>\n<p>Si se discute de pol\u00edtica, yo, que soy la \u00fanica con estudios de la familia ese d\u00eda, que lo paso con la parte paterna, si digo algo, piensan: <strong>\u201cYa est\u00e1 la lista que todo lo sabe\u201d<\/strong>. Si hablan de crisis, paro, enfermedades\u2026 lo tengo claro, ya aprend\u00ed la lecci\u00f3n el a\u00f1o pasado:<strong> no entro al trapo.<\/strong> Lo que m\u00e1s me gusta es sentarme al lado de mi t\u00edo, que suele venir de caza en medio de la cena y que me cuenta c\u00f3mo se le ha dado el d\u00eda, si ha ido a Brozas, a Santa Marta,\u2026 cu\u00e1ntas carreras han echado, cu\u00e1ntas liebres ha visto en la cama, c\u00f3mo van progresando los galgos\u2026<strong> Creo que es el momento m\u00e1s emotivo y que m\u00e1s me aporta de la Nochevieja.<\/strong><\/p>\n<p>Tras el fest\u00edn de comida, <strong>mi abuelo se queda dormido en el sill\u00f3n<\/strong>, mi hermano no para quieto, a no ser que lleve la Nintendo, mi madre y mi t\u00eda pelan las uvas para el resto, porque se supone que las campanadas se acercan, aunque siempre nos equivoquemos con los cuartos, y mi t\u00edo, mi padre y mi primo hablan de su ganado. Y yo, pobre de m\u00ed, e<strong>n ese momento estoy en la terraza aire\u00e1ndome, mareada por el brasero y con ganas de irme a casa, tomarme una pastilla y meterme en la cama, mientras mi padre y mi madre me excusan a su estilo: \u201cLo que se queja esta muchacha, eso le pasa por salir tan despechugada\u201d.<\/strong> Porque en mi casa, ya puedo morirme y que en la autopsia el forense diga que fue una intoxicaci\u00f3n con el brasero, que mis padres ya encontrar\u00e1n una justificaci\u00f3n perfecta.<\/p>\n<p>A la hora de las campanadas, a las 12 de la noche, <strong>quedamos cinco alrededor de la mesa camilla.<\/strong> Mi t\u00edo y mi primo, agotados por el d\u00eda de caza, se van pronto a la cama, mi abuelo, se acuesta por madrugar temprano e irse a la huerta, mi abuela, porque los a\u00f1os ya le pesan. Mi t\u00eda y mi hermano suelen ser los que m\u00e1s energ\u00eda conservan a esas horas, mis padres empiezan a apagarse y <strong>yo ya llevo media hora tirada en el sof\u00e1, intentando reponerme para salir despu\u00e9s con mis amigas, a pasar fr\u00edo con un mini vestido haciendo botell\u00f3n en un tinao (cochera con ganado).<\/strong> Vamos, constipado seguro para comenzar el a\u00f1o.<\/p>\n<p>No s\u00e9 si esta noche ser\u00e1 as\u00ed, supongo que s\u00ed, como casi siempre. <strong>Espero que entiendan ahora por qu\u00e9 no me gusta la Nochevieja.<\/strong> Desde luego, no es una manera de empezar el a\u00f1o con buen pie: <strong>fiebre y resaca o intoxicaci\u00f3n y v\u00f3mitos.<\/strong> No s\u00e9 qu\u00e9 es mejor.<strong> \u00a1Feliz 2013! Espero que no lo comiencen \u201ctan bien\u201d como yo. Hasta el a\u00f1o que viene.<\/strong><\/p>\n<!-- AddThis Advanced Settings generic via filter on the_content --><!-- AddThis Share Buttons generic via filter on the_content -->","protected":false},"excerpt":{"rendered":"<p>Nochevieja, el d\u00eda del a\u00f1o que menos me gusta despu\u00e9s de San Valent\u00edn. Una fiesta familiar, con cena y copas, que inaugura el nuevo a\u00f1o que entra, una lista de buenos prop\u00f3sitos que, en su mayor\u00eda, nunca se llevar\u00e1n a cabo. Una mirada al pasado, recordando familiares que ya no est\u00e1n. Como se dice ahora, [&hellip;]<!-- AddThis Advanced Settings generic via filter on get_the_excerpt --><!-- AddThis Share Buttons generic via filter on get_the_excerpt --><\/p>\n","protected":false},"author":45,"featured_media":0,"comment_status":"open","ping_status":"closed","sticky":false,"template":"","format":"standard","meta":[],"categories":[3],"tags":[131,341,507,512,527,659,670,783,794,862,924,1029,1050,1084,1217,1282,1373,1431,1448,1534,1678,1724,1810,1821,2143,2145,2167,2250,2294,2386,2404,2442,2573,2639,2649,2669,2674,2693,2699,2764,2870,2877,2890,2990,3068,3272,3311,3390,3565,3694,3705,3754,3978,4012,4202,4369,4380,4385],"_links":{"self":[{"href":"https:\/\/blogs.hoy.es\/solitaencaceres\/wp-json\/wp\/v2\/posts\/312"}],"collection":[{"href":"https:\/\/blogs.hoy.es\/solitaencaceres\/wp-json\/wp\/v2\/posts"}],"about":[{"href":"https:\/\/blogs.hoy.es\/solitaencaceres\/wp-json\/wp\/v2\/types\/post"}],"author":[{"embeddable":true,"href":"https:\/\/blogs.hoy.es\/solitaencaceres\/wp-json\/wp\/v2\/users\/45"}],"replies":[{"embeddable":true,"href":"https:\/\/blogs.hoy.es\/solitaencaceres\/wp-json\/wp\/v2\/comments?post=312"}],"version-history":[{"count":0,"href":"https:\/\/blogs.hoy.es\/solitaencaceres\/wp-json\/wp\/v2\/posts\/312\/revisions"}],"wp:attachment":[{"href":"https:\/\/blogs.hoy.es\/solitaencaceres\/wp-json\/wp\/v2\/media?parent=312"}],"wp:term":[{"taxonomy":"category","embeddable":true,"href":"https:\/\/blogs.hoy.es\/solitaencaceres\/wp-json\/wp\/v2\/categories?post=312"},{"taxonomy":"post_tag","embeddable":true,"href":"https:\/\/blogs.hoy.es\/solitaencaceres\/wp-json\/wp\/v2\/tags?post=312"}],"curies":[{"name":"wp","href":"https:\/\/api.w.org\/{rel}","templated":true}]}}