{"id":315,"date":"2013-01-02T01:13:50","date_gmt":"2013-01-02T01:13:50","guid":{"rendered":"http:\/\/blogs.hoy.es\/solitaencaceres\/?p=315"},"modified":"2013-01-02T01:13:50","modified_gmt":"2013-01-02T01:13:50","slug":"ola-k-ase-expresarse-mal-es-gracioso","status":"publish","type":"post","link":"https:\/\/blogs.hoy.es\/solitaencaceres\/2013\/01\/02\/ola-k-ase-expresarse-mal-es-gracioso\/","title":{"rendered":"&#039;Ola k ase&#039;. Expresarse mal es gracioso"},"content":{"rendered":"<p style=\"text-align: center;\"><a href=\"\/solitaencaceres\/wp-content\/uploads\/sites\/41\/2013\/01\/ola-k-ase.jpg\"><img loading=\"lazy\" class=\"aligncenter size-full wp-image-316\" title=\"Ola k ase\" src=\"\/solitaencaceres\/wp-content\/uploads\/sites\/41\/2013\/01\/ola-k-ase.jpg\" alt=\"\" width=\"380\" height=\"285\" srcset=\"https:\/\/static-blogs.hoy.es\/wp-content\/uploads\/sites\/41\/2013\/01\/ola-k-ase.jpg 380w, https:\/\/static-blogs.hoy.es\/wp-content\/uploads\/sites\/41\/2013\/01\/ola-k-ase-300x225.jpg 300w\" sizes=\"(max-width: 380px) 100vw, 380px\" \/><\/a><\/p>\n<p>Estas Navidades pensaba que iba a echar m\u00e1s de menos<strong> a Nazaret, mi compa\u00f1era de clase, y su habla fontanesa.<\/strong> Me ve\u00eda llam\u00e1ndola alg\u00fan d\u00eda solo por <strong>la necesidad que tendr\u00eda de escuchar su seseo<\/strong>, al que tanto me hab\u00eda acostumbrado. Sin embargo, no me han hecho falta sus:<strong> \u00bfHola, qu\u00e9 hases?<\/strong> O sus:<strong> \u00bfQu\u00e9 dises?<\/strong> Se ha puesto de moda enviar <strong>im\u00e1genes con animales, beb\u00e9s \u2026<\/strong> y a estas alturas ya todo tipo de cosas, con el siguiente texto a\u00f1adido en la imagen:<strong> \u2018<a href=\"http:\/\/www.sdpnoticias.com\/columnas\/2012\/12\/02\/el-origen-del-ola-k-ase\" target=\"_blank\">Ola k ase<\/a>\u2019<\/strong>, y ahora tengo todo el d\u00eda a Nazaret en la cabeza.<\/p>\n<p>Esta expresi\u00f3n se considera graciosa. Y como todas las modas, ahora mismo se me viene a la cabeza la de <strong>poner shu delante de todo (shu morenito, shu colega\u2026)<\/strong>, est\u00e1 pet\u00e1ndolo en las redes sociales, sobre todo en Twitter, donde por las ma\u00f1anas temprano, cuando la gente se levanta, suele dar los buenos d\u00edas con un \u2018Ola k ase\u2019, una veces acompa\u00f1\u00e1ndolo de la imagen m\u00e1s fea que encuentren, otras veces a secas.<\/p>\n<p>A m\u00ed estas modas no me gustan, de hecho, las llevo bastante mal, no consigo verles la gracia. <strong>Es como el <a href=\"http:\/\/www.youtube.com\/embed\/TTqpEJh03fI\" target=\"_blank\">Gangnam style<\/a>, el otro tema del momento, el baile del caballo, que no me transmite nada si no voy borracha un s\u00e1bado a las cinco de la madrugada o lo hace<a href=\"https:\/\/twitter.com\/SSantiagosegura\" target=\"_blank\"> Santiago Segura<\/a> en \u201c<a href=\"http:\/\/www.antena3.com\/programas\/tu-cara-me-suena\/\" target=\"_blank\">Tu cara me suena<\/a>\u201d<\/strong>. Sin embargo, a m\u00ed la m\u00fasica no me incumbe tanto, pero como buena fil\u00f3loga, que hagan tan mal uso del lenguaje, llega a parecerme aberrante.<\/p>\n<p>A estas alturas de mi vida, a mis veinte a\u00f1os, estoy intentando <strong>perder el lenguaje sms y escribir en Twitter o en Line como la normativa \u00a0dice<\/strong>, con \u00a0tildes y \u00a0comas en sus debidos espacios y palabras enteras, sin saltarse letras, a pesar de que me lleve m\u00e1s tiempo o desesperaci\u00f3n en algunos casos, cuando yo llevo una frase y la persona que me escribe, cuatro. Todo esto lo hago por los ex\u00e1menes, esos en los que <strong>alguna vez se me ha escapado un \u2018<strong>xk<\/strong>\u2019, un \u2018tng\u2019 o un \u2018cnd\u2019 sin querer.<\/strong><\/p>\n<p>Espero que, igual que el <strong>Gangnam Style va a caer en el olvido como el <a href=\"http:\/\/www.youtube.com\/watch?v=d2sun973nfY\" target=\"_blank\">Chiki Chiki<\/a><\/strong>, <strong>el \u2018Ola k ase\u2019 desaparezca pronto<\/strong>, porque no s\u00e9 si esto me ayudar\u00e1 a que llegue a sesear alg\u00fan d\u00eda, pero s\u00ed a que pueda meter la pata inconscientemente en alg\u00fan examen.<\/p>\n<!-- AddThis Advanced Settings generic via filter on the_content --><!-- AddThis Share Buttons generic via filter on the_content -->","protected":false},"excerpt":{"rendered":"<p>Estas Navidades pensaba que iba a echar m\u00e1s de menos a Nazaret, mi compa\u00f1era de clase, y su habla fontanesa. Me ve\u00eda llam\u00e1ndola alg\u00fan d\u00eda solo por la necesidad que tendr\u00eda de escuchar su seseo, al que tanto me hab\u00eda acostumbrado. Sin embargo, no me han hecho falta sus: \u00bfHola, qu\u00e9 hases? O sus: \u00bfQu\u00e9 [&hellip;]<!-- AddThis Advanced Settings generic via filter on get_the_excerpt --><!-- AddThis Share Buttons generic via filter on get_the_excerpt --><\/p>\n","protected":false},"author":45,"featured_media":0,"comment_status":"open","ping_status":"closed","sticky":false,"template":"","format":"standard","meta":[],"categories":[3],"tags":[221,429,845,915,1340,1597,1616,1687,1825,1889,1952,2083,2392,2499,2729,2845,2847,2964,3171,3470,3529,3712,3770,3777,3778,3779,3959,4020,4113,4131,4232,4342,4376,4378],"_links":{"self":[{"href":"https:\/\/blogs.hoy.es\/solitaencaceres\/wp-json\/wp\/v2\/posts\/315"}],"collection":[{"href":"https:\/\/blogs.hoy.es\/solitaencaceres\/wp-json\/wp\/v2\/posts"}],"about":[{"href":"https:\/\/blogs.hoy.es\/solitaencaceres\/wp-json\/wp\/v2\/types\/post"}],"author":[{"embeddable":true,"href":"https:\/\/blogs.hoy.es\/solitaencaceres\/wp-json\/wp\/v2\/users\/45"}],"replies":[{"embeddable":true,"href":"https:\/\/blogs.hoy.es\/solitaencaceres\/wp-json\/wp\/v2\/comments?post=315"}],"version-history":[{"count":0,"href":"https:\/\/blogs.hoy.es\/solitaencaceres\/wp-json\/wp\/v2\/posts\/315\/revisions"}],"wp:attachment":[{"href":"https:\/\/blogs.hoy.es\/solitaencaceres\/wp-json\/wp\/v2\/media?parent=315"}],"wp:term":[{"taxonomy":"category","embeddable":true,"href":"https:\/\/blogs.hoy.es\/solitaencaceres\/wp-json\/wp\/v2\/categories?post=315"},{"taxonomy":"post_tag","embeddable":true,"href":"https:\/\/blogs.hoy.es\/solitaencaceres\/wp-json\/wp\/v2\/tags?post=315"}],"curies":[{"name":"wp","href":"https:\/\/api.w.org\/{rel}","templated":true}]}}