{"id":318,"date":"2013-01-03T10:53:42","date_gmt":"2013-01-03T10:53:42","guid":{"rendered":"http:\/\/blogs.hoy.es\/solitaencaceres\/?p=318"},"modified":"2013-01-03T10:53:42","modified_gmt":"2013-01-03T10:53:42","slug":"voto-de-silencio-en-mi-casa","status":"publish","type":"post","link":"https:\/\/blogs.hoy.es\/solitaencaceres\/2013\/01\/03\/voto-de-silencio-en-mi-casa\/","title":{"rendered":"Voto de silencio en mi casa"},"content":{"rendered":"<p style=\"text-align: center;\"><a href=\"\/solitaencaceres\/wp-content\/uploads\/sites\/41\/2013\/01\/Carolina-y-su-gato-negro.png\"><img loading=\"lazy\" class=\"aligncenter  wp-image-319\" title=\"Carolina y su gato negro\" src=\"\/solitaencaceres\/wp-content\/uploads\/sites\/41\/2013\/01\/Carolina-y-su-gato-negro.png\" alt=\"\" width=\"516\" height=\"374\" srcset=\"https:\/\/static-blogs.hoy.es\/wp-content\/uploads\/sites\/41\/2013\/01\/Carolina-y-su-gato-negro.png 645w, https:\/\/static-blogs.hoy.es\/wp-content\/uploads\/sites\/41\/2013\/01\/Carolina-y-su-gato-negro-300x218.png 300w\" sizes=\"(max-width: 516px) 100vw, 516px\" \/><\/a><\/p>\n<p>Nueve y media de la ma\u00f1ana. D\u00eda de Nochevieja. Yo salgo de la ducha, mi madre entra a lavarse el pelo. No, no hemos madrugado para hacer la cena, <strong>sino para ir a un entierro.<\/strong> Temo, no solo porque me den escalofr\u00edo esas situaciones en las que todo el mundo llora, se abraza, se marea\u2026 sino porque <strong>mi madre ver\u00e1 a medio pueblo tras \u201c<a href=\"https:\/\/blogs.hoy.es\/solitaencaceres\/2012\/12\/30\/mi-madre-descubre-facebook\/\" target=\"_blank\">descubrir facebook<\/a>\u201d<\/strong>. Yo voy con mis amigas temprano, ella, m\u00e1s tarde, a dar el p\u00e9same con las suyas.<\/p>\n<p>Estoy en la iglesia m\u00e1s pendiente de si llega que de lo que dice el cura. Cada vez que se abre la puerta con un fuerte chirrido, yo giro la cabeza.<strong> \u201c\u00bfQui\u00e9n me mandar\u00e1 a m\u00ed a escribir sobre mi madre?\u201d, pienso<\/strong>. Cuando salimos de la iglesia, nos encontramos. Veo que est\u00e1 rodeada de vecinas y certifico mentalmente: \u201cAlguna ya ha debido dec\u00edrselo\u201d. Me despido.\u00a0<strong>Ella tira por su lado, yo, por el m\u00edo.<\/strong><\/p>\n<p>En efecto, al llegar a casa, en cuanto me siento en el sill\u00f3n<strong>, me suelta entre nerviosa y desconcertada: \u201cAnda, que me has hecho famosa, que ya me lo han dicho\u201d.<\/strong> \u201cS\u00ed, s\u00ed, t\u00fa, no te r\u00edas\u201d. Prosigue. Yo me sonrojo. Ella no dice nada m\u00e1s. Ah\u00ed queda la cosa.<\/p>\n<p>Debo reconocer que mi madre ser\u00eda una gran musa, como para algunos escritores lo son sus hijos, para otros, sus hermanas o para otros, sus suegras. Sin embargo, <strong>en un pueblo donde todo el mundo se conoce, lo que escriba sobre ella llega a sus o\u00eddos en cuanto salga a sentarse a la puerta de la iglesia de mi barrio<\/strong>, la Soledad, adonde van las vecinas por las noches, tras verter la basura, a fumarse el cigarrino. As\u00ed que, hoy, que he vuelto a C\u00e1ceres, \u00a0aprovecho para darme el gusto de contar sus nuevas peripecias a pesar de <strong>que me cueste un par de tuppers de tortilla de patatas.<\/strong><\/p>\n<p>La otra noche, est\u00e1bamos mi padre y yo viendo la televisi\u00f3n y <strong>lleg\u00f3 mi madre de pasear al gato.<\/strong> S\u00ed, han le\u00eddo bien, al gato. Mossi, ya les he hablado alguna vez de \u00e9l,<strong> tiene cinco meses, es negro y muy arisco<\/strong>. En cuanto lo acaricias un par de veces, te suelta un bocado o te pega un ara\u00f1azo. <strong>Si vas en calcetines, se te tira al tobillo.<\/strong> Yo no s\u00e9 si jugando o atacando por instinto, pero te deja los dientes marcados. El caso es que, <strong>cuando mi madre sale a verter la basura, va con ella, acompa\u00f1\u00e1ndola, a su lado, como si de un perro, el mejor amigo del hombre, se tratara.<\/strong> Luego, ella va hasta las escaleras del r\u00edo, se apoya en la barandilla y espera a que \u00e9l descargue adrenalina: se sube a varios \u00e1rboles, se echa unas carreras, muerde un par de cosas por el suelo y, en cuanto mi madre lo llama, <strong>vuelve a su par a casa.<\/strong><\/p>\n<p>Se sienta mi madre con nosotros, con mi padre y conmigo, alrededor de la mesa camilla y dice: <strong>\u201cVengo de pasear al gato, \u00bfNo saca la gente de paseo a los perros? Pues yo paseo a mi gato\u201d.<\/strong> Yo empec\u00e9 a re\u00edrme, mientras pensaba: <strong>\u201c\u00a1Qu\u00e9 gran titular: Mi madre pasea al gato!\u201d.<\/strong> Dicen que las madres conocen lo que tienen en mente sus hijos y, en este caso, creo que s\u00ed que me ley\u00f3 el pensamiento: <strong>\u201c\u00a1Ay!, si delante de ti no se puede decir nada, que luego lo cuentas en\u00a0el\u2026\u201d. \u201c\u00a1Twitter!\u201d, se adelant\u00f3 a decir mi padre.<\/strong> Y a\u00f1adi\u00f3: \u201c\u00bfQu\u00e9 tendr\u00e1 el Twitter ese que est\u00e1 todo el mundo contando su vida?\u201d. \u00a1Otro que tampoco sab\u00eda de la existencia de mi blog! Entonces dijo mi madre dubitativa: \u201cNo, yo creo que es en el peri\u00f3dico, \u00bfno, Carol, en el Hoy verdad?\u201d. Yo asent\u00ed<strong>. Se miraron los dos asustados: acababan de descubrir, ocho meses despu\u00e9s de mi primera entrada, que su ni\u00f1a, su Carol, es Solita en C\u00e1ceres. Voto de silencio en mi casa.<\/strong><\/p>\n<!-- AddThis Advanced Settings generic via filter on the_content --><!-- AddThis Share Buttons generic via filter on the_content -->","protected":false},"excerpt":{"rendered":"<p>Nueve y media de la ma\u00f1ana. D\u00eda de Nochevieja. Yo salgo de la ducha, mi madre entra a lavarse el pelo. No, no hemos madrugado para hacer la cena, sino para ir a un entierro. Temo, no solo porque me den escalofr\u00edo esas situaciones en las que todo el mundo llora, se abraza, se marea\u2026 [&hellip;]<!-- AddThis Advanced Settings generic via filter on get_the_excerpt --><!-- AddThis Share Buttons generic via filter on get_the_excerpt --><\/p>\n","protected":false},"author":45,"featured_media":0,"comment_status":"open","ping_status":"closed","sticky":false,"template":"","format":"standard","meta":[],"categories":[3],"tags":[272,477,577,605,723,882,1135,1208,1246,1368,1443,1479,1498,1500,1647,1789,1796,1900,1987,1999,2037,2071,2302,2418,2639,2653,2665,2771,2831,2849,2890,2927,3095,3182,3190,3197,3447,3834,3874,4022,4122,4131,4169,4228,4255,4315],"_links":{"self":[{"href":"https:\/\/blogs.hoy.es\/solitaencaceres\/wp-json\/wp\/v2\/posts\/318"}],"collection":[{"href":"https:\/\/blogs.hoy.es\/solitaencaceres\/wp-json\/wp\/v2\/posts"}],"about":[{"href":"https:\/\/blogs.hoy.es\/solitaencaceres\/wp-json\/wp\/v2\/types\/post"}],"author":[{"embeddable":true,"href":"https:\/\/blogs.hoy.es\/solitaencaceres\/wp-json\/wp\/v2\/users\/45"}],"replies":[{"embeddable":true,"href":"https:\/\/blogs.hoy.es\/solitaencaceres\/wp-json\/wp\/v2\/comments?post=318"}],"version-history":[{"count":0,"href":"https:\/\/blogs.hoy.es\/solitaencaceres\/wp-json\/wp\/v2\/posts\/318\/revisions"}],"wp:attachment":[{"href":"https:\/\/blogs.hoy.es\/solitaencaceres\/wp-json\/wp\/v2\/media?parent=318"}],"wp:term":[{"taxonomy":"category","embeddable":true,"href":"https:\/\/blogs.hoy.es\/solitaencaceres\/wp-json\/wp\/v2\/categories?post=318"},{"taxonomy":"post_tag","embeddable":true,"href":"https:\/\/blogs.hoy.es\/solitaencaceres\/wp-json\/wp\/v2\/tags?post=318"}],"curies":[{"name":"wp","href":"https:\/\/api.w.org\/{rel}","templated":true}]}}