{"id":321,"date":"2013-01-07T07:05:36","date_gmt":"2013-01-07T07:05:36","guid":{"rendered":"http:\/\/blogs.hoy.es\/solitaencaceres\/?p=321"},"modified":"2013-01-07T07:05:36","modified_gmt":"2013-01-07T07:05:36","slug":"adios-complejos","status":"publish","type":"post","link":"https:\/\/blogs.hoy.es\/solitaencaceres\/2013\/01\/07\/adios-complejos\/","title":{"rendered":"Adi\u00f3s complejos"},"content":{"rendered":"<p>&nbsp;<\/p>\n<p style=\"text-align: center;\"><a href=\"\/solitaencaceres\/wp-content\/uploads\/sites\/41\/2013\/01\/IMG_20130104_222857.jpg\"><img loading=\"lazy\" class=\"aligncenter  wp-image-322\" title=\"Carolina con gafas\" src=\"\/solitaencaceres\/wp-content\/uploads\/sites\/41\/2013\/01\/IMG_20130104_222857.jpg\" alt=\"\" width=\"441\" height=\"441\" srcset=\"https:\/\/static-blogs.hoy.es\/wp-content\/uploads\/sites\/41\/2013\/01\/IMG_20130104_222857.jpg 918w, https:\/\/static-blogs.hoy.es\/wp-content\/uploads\/sites\/41\/2013\/01\/IMG_20130104_222857-150x150.jpg 150w, https:\/\/static-blogs.hoy.es\/wp-content\/uploads\/sites\/41\/2013\/01\/IMG_20130104_222857-300x300.jpg 300w, https:\/\/static-blogs.hoy.es\/wp-content\/uploads\/sites\/41\/2013\/01\/IMG_20130104_222857-768x768.jpg 768w\" sizes=\"(max-width: 441px) 100vw, 441px\" \/><\/a><\/p>\n<p style=\"text-align: left;\">Soy una chica llena de complejos. Durante mi etapa de adolescente en el instituto <strong>sufr\u00ed las burlas y mofas de los guays de la clase por mis defectos.<\/strong> Y por mucho que los haya asimilado, no consigo superarlos.<\/p>\n<p>\u00a0\u00a0\u00a0\u00a0\u00a0\u00a0\u00a0\u00a0\u00a0\u00a0\u00a0\u00a0\u00a0\u00a0\u00a0 Cuando tengo que decir alguna palabra que lleva el sonido \/r\/ fuerte, <strong>procuro buscar un sin\u00f3nimo que me ayude a no emplearlo, porque no lo pronuncio correctamente.<\/strong> No me vibra la lengua en el paladar y se me escapa el aire por los laterales de la boca. En la escuela, en la hora de Conocimiento del Medio, una vez a la semana, me mandaban a refuerzo, para intentar solucionar el problema. <strong>En realidad lo \u00fanico que consiguieron es que odiase profundamente el trabalenguas: &#8220;El perro de San Roque no tiene rabo porque Ram\u00f3n Ram\u00edrez se lo ha robado\u201d, de tantas veces como me obligaron a pronunciarlo.<\/strong> Los ni\u00f1os pueden llegar a ser muy crueles. Me dec\u00edan: di rana, yo dec\u00eda sapo, di perro, yo dec\u00eda chucho, di r\u00edo y yo dec\u00eda lago.<\/p>\n<p>Otro de los complejos que ten\u00eda era el<strong> de cuatro ojos<\/strong>. S\u00ed, ten\u00eda gafas, aunque lo m\u00edo, <strong>un ojo vago<\/strong>, cansado eufem\u00edsticamente lo llaman algunos, <strong>si no es con parches tapando el ojo bueno, no se cura.<\/strong> Ten\u00eda que aguantar bromas del tipo: \u201c\u00bfMe est\u00e1s mirando a m\u00ed?\u201d, \u201c\u00a1Est\u00e1s bizca!\u201d\u2026 y todo tipo de barbaridades que prefiero no reproducir.<strong> Esto hizo que odiase las gafas de manera desmesurada, no quer\u00eda verlas ni en pintura<\/strong>. En cuanto sal\u00eda de clase y llegaba a casa me las quitada, a pesar de que el oculista me exig\u00eda leer y ver la tele con ellas.<\/p>\n<p>Tambi\u00e9n ten\u00eda complejo<strong> de acn\u00e9, gordita y marimacho<\/strong>. La adolescencia se ceb\u00f3 conmigo y con mi tez, <strong>lleg\u00e1ndome a convertir la cara en una verdadera paella, de tanto granos como ten\u00eda en ella.<\/strong> Lo de gordita, lo llevaba a\u00fan peor: formaba parte del equipo de voleibol de Arroyo, <strong>todas chicas altas, guapas y delgadas, y me sent\u00eda un poco el patito feo.<\/strong> En cambio, lo de marimacho no me molestaba, es m\u00e1s, a d\u00eda de hoy <strong>me alegro de haber pasado mi adolescencia rodeada de chicos, ahora comprendo a los hombres y su manera de ser y actuar mucho mejor.<\/strong><\/p>\n<p>No recuerdo m\u00e1s complejos que tuviera. Si estuviese aqu\u00ed alguna de esas personas que tanto me martirizaban, seguro que me recordar\u00edan un par m\u00e1s de ellos. A d\u00eda de hoy<strong>, los tres \u00faltimos est\u00e1n completamente superados, la soluci\u00f3n fue: Clean and clear, deporte, dieta, maquillaje, vestidos y tacones, por este orden<\/strong>. La \/r\/ poco a poco vuelvo a incluirla en mi vocabulario, ya no me da miedo pronunciarla, he ganado seguridad en mi misma.<\/p>\n<p>Sin embargo, con las gafas, ten\u00eda yo una cuenta pendiente. <strong>Si les cuento todo esto de mis complejos es porque ha empezado el a\u00f1o y me he propuesto como primer buen prop\u00f3sito volver a usarla<\/strong>s. Parece ser que lo estoy consiguiendo, llevo siete d\u00edas sin quit\u00e1rmelas, solo para dormir. Me lo deb\u00eda a m\u00ed misma. Ha sido una manera de decir: \u201cS\u00ed, ahora me veo fuerte y segura\u201d, a todos aquellos <strong>que me hicieron sentir gris en mi adolescencia<\/strong>. La mayor\u00eda de ellos, probablemente, ni se sacaron la ESO.<\/p>\n<p><strong> A m\u00ed, el acn\u00e9, los kilos de m\u00e1s, los motes insultantes, la mala pronunciaci\u00f3n y el ojo vago me han dejado secuela psicol\u00f3gica<\/strong>, pero esos ni\u00f1os y ni\u00f1as que se dedicaban a meterse con los d\u00e9biles e inseguros m\u00e1s que a estudiar, pronto sufrir\u00e1n las consecuencias: ellas tendr\u00e1n <strong>las tetas ca\u00eddas y la espalda destrozada de fregar escaleras, y ellos barriga cervecera de las tapitas del bar y los huesos destrozados de hacer cemento y hormig\u00f3n, a no ser que encima hayan tenido la suerte de entrar en la ESO de los mil euros.<\/strong><\/p>\n<p>Cuando me vean la pr\u00f3xima vez, si tienen un poco de dignidad, cosa que espero que les hayan ense\u00f1ado los a\u00f1os, bajar\u00e1n la mirada al suelo.<strong> Yo espero poder mirar de frente, tras muchos a\u00f1os acomodando mi cabeza para que mi ojo no se viese trabado.<\/strong><\/p>\n<!-- AddThis Advanced Settings generic via filter on the_content --><!-- AddThis Share Buttons generic via filter on the_content -->","protected":false},"excerpt":{"rendered":"<p>&nbsp; Soy una chica llena de complejos. Durante mi etapa de adolescente en el instituto sufr\u00ed las burlas y mofas de los guays de la clase por mis defectos. Y por mucho que los haya asimilado, no consigo superarlos. \u00a0\u00a0\u00a0\u00a0\u00a0\u00a0\u00a0\u00a0\u00a0\u00a0\u00a0\u00a0\u00a0\u00a0\u00a0 Cuando tengo que decir alguna palabra que lleva el sonido \/r\/ fuerte, procuro buscar un [&hellip;]<!-- AddThis Advanced Settings generic via filter on get_the_excerpt --><!-- AddThis Share Buttons generic via filter on get_the_excerpt --><\/p>\n","protected":false},"author":45,"featured_media":0,"comment_status":"open","ping_status":"closed","sticky":false,"template":"","format":"standard","meta":[],"categories":[3],"tags":[4,80,104,408,471,556,912,990,1022,1109,1167,1190,1247,1393,1463,1574,1765,1806,1876,1915,1957,2132,2263,2360,2447,2500,2539,2557,2736,2773,2950,2951,3009,3023,3059,3114,3387,3729,3815,3836,3903,3916,3981,3987,4080,4154,4257,4310],"_links":{"self":[{"href":"https:\/\/blogs.hoy.es\/solitaencaceres\/wp-json\/wp\/v2\/posts\/321"}],"collection":[{"href":"https:\/\/blogs.hoy.es\/solitaencaceres\/wp-json\/wp\/v2\/posts"}],"about":[{"href":"https:\/\/blogs.hoy.es\/solitaencaceres\/wp-json\/wp\/v2\/types\/post"}],"author":[{"embeddable":true,"href":"https:\/\/blogs.hoy.es\/solitaencaceres\/wp-json\/wp\/v2\/users\/45"}],"replies":[{"embeddable":true,"href":"https:\/\/blogs.hoy.es\/solitaencaceres\/wp-json\/wp\/v2\/comments?post=321"}],"version-history":[{"count":0,"href":"https:\/\/blogs.hoy.es\/solitaencaceres\/wp-json\/wp\/v2\/posts\/321\/revisions"}],"wp:attachment":[{"href":"https:\/\/blogs.hoy.es\/solitaencaceres\/wp-json\/wp\/v2\/media?parent=321"}],"wp:term":[{"taxonomy":"category","embeddable":true,"href":"https:\/\/blogs.hoy.es\/solitaencaceres\/wp-json\/wp\/v2\/categories?post=321"},{"taxonomy":"post_tag","embeddable":true,"href":"https:\/\/blogs.hoy.es\/solitaencaceres\/wp-json\/wp\/v2\/tags?post=321"}],"curies":[{"name":"wp","href":"https:\/\/api.w.org\/{rel}","templated":true}]}}