{"id":324,"date":"2013-01-09T10:12:07","date_gmt":"2013-01-09T10:12:07","guid":{"rendered":"http:\/\/blogs.hoy.es\/solitaencaceres\/?p=324"},"modified":"2013-01-09T10:12:07","modified_gmt":"2013-01-09T10:12:07","slug":"mi-abuela-jenny","status":"publish","type":"post","link":"https:\/\/blogs.hoy.es\/solitaencaceres\/2013\/01\/09\/mi-abuela-jenny\/","title":{"rendered":"Mi abuela Jenny"},"content":{"rendered":"<p style=\"text-align: center;\"><a href=\"\/solitaencaceres\/wp-content\/uploads\/sites\/41\/2013\/01\/La-abuela-m\u00e1s-tatuada-del-mundo.jpg\"><img loading=\"lazy\" class=\"aligncenter  wp-image-325\" title=\"La abuela m\u00e1s tatuada del mundo\" src=\"\/solitaencaceres\/wp-content\/uploads\/sites\/41\/2013\/01\/La-abuela-m\u00e1s-tatuada-del-mundo.jpg\" alt=\"\" width=\"342\" height=\"456\" srcset=\"https:\/\/static-blogs.hoy.es\/wp-content\/uploads\/sites\/41\/2013\/01\/La-abuela-m\u00e1s-tatuada-del-mundo.jpg 570w, https:\/\/static-blogs.hoy.es\/wp-content\/uploads\/sites\/41\/2013\/01\/La-abuela-m\u00e1s-tatuada-del-mundo-225x300.jpg 225w\" sizes=\"(max-width: 342px) 100vw, 342px\" \/><\/a><\/p>\n<p>Mis abuelas se llaman Antonia y Juana, mis abuelos, Felic\u00edsimo y Juan, <strong>nombres muy comunes entre la gente de su edad, pero bastante escasos entre la m\u00eda.<\/strong> Cuando van a comprar el pan, por ejemplo, les dice el vendedor: <strong>\u201c\u00bfC\u00f3mo va esa pierna, se\u00f1ora Antonia?\u201d o \u201c\u00bfQu\u00e9 tal ese ganado, se\u00f1or Felic\u00edsimo?\u201d<\/strong> Nada resulta extra\u00f1o.<\/p>\n<p>Sin embargo, y aunque parezca de risa, (no pretendo hacer una parodia de la canci\u00f3n \u201cNombres mil\u201d de Leonardo Dant\u00e9s), pronto los abuelos no se llamar\u00e1n <strong>Anselmo, Eustaquio, Zacar\u00edas, Agust\u00edn, Jenaro, Justino, Isidoro, Gumersindo, Fabi\u00e1n o Camilo<\/strong>, sino que tendr\u00e1n nombres \u201cchic\u201d, que cuando eran beb\u00e9s o adolescentes con acn\u00e9 les pegaban, <strong>pero con canas y bast\u00f3n, mientras hacen cola para pagar sus recetas a un euro en la farmacia, no les favorecen nada.<\/strong> Me refiero a nombres como: <strong>Jonhy, Erik, Richi, Willy, Iker<\/strong>\u2026 Incluso no hace falta irse a nombres tan modernos, simplemente <strong>mi abuelo Javi o mi abuelo David, ya chocan bastante.<\/strong><\/p>\n<p>En el caso de las abuelas, creo que va m\u00e1s all\u00e1. Todas esas ni\u00f1as que hoy son<strong> la Jessi, la Jenny, la Vane, la Lore, la Faty\u2026. que, r\u00e1pidamente, te hacen pensar en una choni poligonera<\/strong>,<strong> alg\u00fan d\u00eda tendr\u00e1n arrugas, los agujeros de los piercings marcados y los tatuajes indescifrables<\/strong>. Reemplazar\u00e1n a <strong>Eufrasia, Aurelia, Ramona, Gabriela, Valentina, Marcela<\/strong>\u2026 que hoy en d\u00eda, entre gente de mi edad, no son comunes.<\/p>\n<p>Resulta cuanto menos curioso este cambio en los nombres.<strong> La duda que yo tengo es si, como en todas las modas, porque esto no deja de serlo, ya que eso de poner el nombre de tus padres a tus hijos ha deca\u00eddo (no me gustar\u00eda llamarme ni Juana ni Antonia)&#8230; es si volver\u00e1n a utilizarse los nombres antiguos para los reci\u00e9n nacido dentro de unos a\u00f1os<\/strong>, como volver\u00e1n a utilizarse los pantalones de campana o como yo escucho la misma m\u00fasica que mi madre cuando ten\u00eda mi edad.<\/p>\n<p><strong>Supongo que, como ya se ha vuelto tan abundante lo \u201cchic\u201d, dentro de poco se llevar\u00e1n los nombres \u201cretro\u201d.<\/strong><\/p>\n<!-- AddThis Advanced Settings generic via filter on the_content --><!-- AddThis Share Buttons generic via filter on the_content -->","protected":false},"excerpt":{"rendered":"<p>Mis abuelas se llaman Antonia y Juana, mis abuelos, Felic\u00edsimo y Juan, nombres muy comunes entre la gente de su edad, pero bastante escasos entre la m\u00eda. Cuando van a comprar el pan, por ejemplo, les dice el vendedor: \u201c\u00bfC\u00f3mo va esa pierna, se\u00f1ora Antonia?\u201d o \u201c\u00bfQu\u00e9 tal ese ganado, se\u00f1or Felic\u00edsimo?\u201d Nada resulta extra\u00f1o. [&hellip;]<!-- AddThis Advanced Settings generic via filter on get_the_excerpt --><!-- AddThis Share Buttons generic via filter on get_the_excerpt --><\/p>\n","protected":false},"author":45,"featured_media":0,"comment_status":"open","ping_status":"closed","sticky":false,"template":"","format":"standard","meta":[],"categories":[3],"tags":[105,132,134,224,234,300,332,419,429,651,677,830,858,993,1398,1466,1579,1584,1629,1653,1660,1804,1943,2077,2156,2173,2185,2201,2208,2232,2264,2268,2269,2272,2307,2365,2548,2650,2651,2703,2704,2893,2896,2897,2898,3042,3493,3513,3584,3598,3928,4209,4335,4351],"_links":{"self":[{"href":"https:\/\/blogs.hoy.es\/solitaencaceres\/wp-json\/wp\/v2\/posts\/324"}],"collection":[{"href":"https:\/\/blogs.hoy.es\/solitaencaceres\/wp-json\/wp\/v2\/posts"}],"about":[{"href":"https:\/\/blogs.hoy.es\/solitaencaceres\/wp-json\/wp\/v2\/types\/post"}],"author":[{"embeddable":true,"href":"https:\/\/blogs.hoy.es\/solitaencaceres\/wp-json\/wp\/v2\/users\/45"}],"replies":[{"embeddable":true,"href":"https:\/\/blogs.hoy.es\/solitaencaceres\/wp-json\/wp\/v2\/comments?post=324"}],"version-history":[{"count":0,"href":"https:\/\/blogs.hoy.es\/solitaencaceres\/wp-json\/wp\/v2\/posts\/324\/revisions"}],"wp:attachment":[{"href":"https:\/\/blogs.hoy.es\/solitaencaceres\/wp-json\/wp\/v2\/media?parent=324"}],"wp:term":[{"taxonomy":"category","embeddable":true,"href":"https:\/\/blogs.hoy.es\/solitaencaceres\/wp-json\/wp\/v2\/categories?post=324"},{"taxonomy":"post_tag","embeddable":true,"href":"https:\/\/blogs.hoy.es\/solitaencaceres\/wp-json\/wp\/v2\/tags?post=324"}],"curies":[{"name":"wp","href":"https:\/\/api.w.org\/{rel}","templated":true}]}}