{"id":35,"date":"2012-05-17T19:44:57","date_gmt":"2012-05-17T19:44:57","guid":{"rendered":"http:\/\/blogs.hoy.es\/solitaencaceres\/?p=35"},"modified":"2012-05-17T19:44:57","modified_gmt":"2012-05-17T19:44:57","slug":"35","status":"publish","type":"post","link":"https:\/\/blogs.hoy.es\/solitaencaceres\/2012\/05\/17\/35\/","title":{"rendered":"Un d\u00eda triste con final feliz"},"content":{"rendered":"<p>A medida que me hago mayor, <strong>lloro con m\u00e1s facilidad.<\/strong> De peque\u00f1a pod\u00eda caerme de la bicicleta, salir rodando por las escaleras en una matanza o clavarme una p\u00faa en el pie haciendo obras en mi casa, y no lloraba. En cambio, los sufrimientos y las emociones siempre me han hecho derramar l\u00e1grimas.<\/p>\n<p>En el <a href=\"http:\/\/www.hoy.es\/videos\/a-fondo\/caceres-insolita\/\" target=\"_blank\">C\u00e1ceres Ins\u00f3lita<\/a> de esta semana derram\u00e9 alguna l\u00e1grima. Antes de llegar a <strong>CC.OO.<\/strong>, donde hab\u00edamos quedado, ya notaba cierto ambiente funesto cuando <strong>Alonso de la Torre<\/strong> me recog\u00eda a la salida de la facultad. \u00cdbamos serios, sabiendo que ser\u00eda un tema complicado, que nos podr\u00eda afectar mucho emocionalmente. Apenas habl\u00e1bamos.<\/p>\n<p>Era la<strong> primera vez<\/strong> que no sab\u00eda c\u00f3mo organizar el v\u00eddeo. No sab\u00eda qu\u00e9 me iba a encontrar. Llegamos a una sala donde hablamos con dos limpiadoras de la empresa <a href=\"http:\/\/www.hoy.es\/videos\/videos-de-hoy\/ultima-hora\/1638578680001-trabajadores-cocalimpulcroservice-inician-huelga-indefinida-caceres.html\" target=\"_blank\">Cocalim Pulcroservice<\/a>. A medida que contaban sus problemas, a m\u00ed se me iba formando un <strong>nudo en el est\u00f3mago<\/strong>. Ve\u00eda a dos se\u00f1oras que apenas ten\u00edan para comer, que necesitaban de la ayuda de sus hijos, y yo, una inconformista social, una defensora de la clase trabajadora, me ve\u00eda impotente.<\/p>\n<p>Vi en ellas las <strong>complicaciones de esta crisis<\/strong> que no conoc\u00eda. Nunca hab\u00eda estado en contacto con personas que lo estuvieran pasando tan mal. Supongo que tambi\u00e9n\u00a0 ser\u00e1 porque la <strong>gente de mi edad no habla de problemas econ\u00f3micos<\/strong>. No me imagino yo a mis amigas hablando en un botell\u00f3n de las consecuencias de la crisis econ\u00f3mica.<\/p>\n<p>Despu\u00e9s de hablar con las dos se\u00f1oras y conocer sus problemas, fuimos a la oficina de<strong> Cocalim<\/strong> para hablar con el gerente de la empresa. En medio de la charla, <strong>se puso a llorar<\/strong>. Quer\u00eda seguir hablando, nos ped\u00eda perd\u00f3n, pero no pod\u00eda, se derrumb\u00f3. Yo empec\u00e9 a sentir una gran angustia, como si el tema me afectara indirectamente a m\u00ed. Quer\u00eda consolarlo, \u00bfpero qu\u00e9 decir, c\u00f3mo hay que actuar en esos casos? Los ojos se me humedecieron, no me atrev\u00ed a decir nada.<\/p>\n<p style=\"text-align: center;\"><a href=\"\/solitaencaceres\/wp-content\/uploads\/sites\/41\/2012\/05\/Captura11.png\"><img loading=\"lazy\" class=\"aligncenter size-full wp-image-36\" title=\"Alonso de la torre\" src=\"\/solitaencaceres\/wp-content\/uploads\/sites\/41\/2012\/05\/Captura11.png\" alt=\"\" width=\"545\" height=\"314\" srcset=\"https:\/\/static-blogs.hoy.es\/wp-content\/uploads\/sites\/41\/2012\/05\/Captura11.png 909w, https:\/\/static-blogs.hoy.es\/wp-content\/uploads\/sites\/41\/2012\/05\/Captura11-300x173.png 300w, https:\/\/static-blogs.hoy.es\/wp-content\/uploads\/sites\/41\/2012\/05\/Captura11-768x442.png 768w\" sizes=\"(max-width: 545px) 100vw, 545px\" \/><\/a><\/p>\n<p>Para finalizar el reportaje, tuvimos que ir a <strong>Malpartida<\/strong>. Antes hab\u00edamos dejado a las dos se\u00f1oras en sus respectivas casas, mientras en el trayecto nos contaban lo mal que estaba la situaci\u00f3n. Alonso y yo no habl\u00e1bamos. Nos est\u00e1bamos convirtiendo en part\u00edcipes de la historia. Yo me sent\u00eda como cuando hicimos el <a href=\"http:\/\/www.hoy.es\/20120120\/local\/caceres\/hago-dinero-corto-cojones-201201202256.html\" target=\"_blank\">reportaje del mercadillo<\/a>: \u00edbamos a algo bonito sobre el <strong>mercadillo de C\u00e1ceres<\/strong> y de repente, nos encontramos inmersos en medio de una huelga.<\/p>\n<p>Nos emocion\u00f3 tanto la historia, que el mi\u00e9rcoles siguiente a las <strong>6 de la ma\u00f1ana<\/strong> ya est\u00e1bamos en pie, de nuevo camino del mercadillo. Ya nos resultaba hasta un ambiente familiar. Record\u00e1bamos sus caras, lo que nos hab\u00edan comentado la semana anterior. Con el tema de Cocalim, espero que pase lo mismo.<\/p>\n<p>Todas las ma\u00f1anas cuando voy en el autob\u00fas rumbo a C\u00e1ceres, suben muchas se\u00f1oras en la parada de Malpartida que van a trabajar. Por las conversaciones que escucho, fracasando en mi intento de leer y dej\u00e1ndome llevar por la imaginaci\u00f3n, la mayor\u00eda de esas se\u00f1oras <strong>trabajan en la limpieza dom\u00e9stica<\/strong>. Antes de llegar a la casa de la se\u00f1ora que \u00edbamos a visitar, pensaba si ser\u00eda alguna de esas viajeras que yo me encontraba todas las ma\u00f1anas en el autob\u00fas.<\/p>\n<p>Lo que nos cont\u00f3 Rosa, al igual que las declaraciones de las dem\u00e1s, pueden verlas este s\u00e1bado en el v\u00eddeo de C\u00e1ceres Ins\u00f3lita o el domingo en el reportaje de Alonso. Yo simplemente les digo que al llegar a casa, <strong>la presi\u00f3n me pudo y romp\u00ed a llorar.<\/strong> Desde el martes suelo tener mucho m\u00e1s cuidado con no dejar luces encendidas ni grifos abiertos, despu\u00e9s de ver que hay gente que tiene problemas para pagar los recibos.<\/p>\n<p>Me salv\u00f3 el d\u00eda ver el <a href=\"http:\/\/www.hoy.es\/v\/20120518\/deportes\/baloncesto\/caceres-retoma-asalto-20120518.html\" target=\"_blank\">partido de baloncesto del C\u00e1ceres<\/a> y disfrutar con su victoria. Pas\u00e9 de llorar de sufrimiento a <strong>llorar de felicidad.<\/strong><\/p>\n<!-- AddThis Advanced Settings generic via filter on the_content --><!-- AddThis Share Buttons generic via filter on the_content -->","protected":false},"excerpt":{"rendered":"<p>A medida que me hago mayor, lloro con m\u00e1s facilidad. De peque\u00f1a pod\u00eda caerme de la bicicleta, salir rodando por las escaleras en una matanza o clavarme una p\u00faa en el pie haciendo obras en mi casa, y no lloraba. En cambio, los sufrimientos y las emociones siempre me han hecho derramar l\u00e1grimas. En el [&hellip;]<!-- AddThis Advanced Settings generic via filter on get_the_excerpt --><!-- AddThis Share Buttons generic via filter on get_the_excerpt --><\/p>\n","protected":false},"author":45,"featured_media":0,"comment_status":"open","ping_status":"closed","sticky":false,"template":"","format":"standard","meta":[],"categories":[3],"tags":[174,578,582,786,921,2508,2630],"_links":{"self":[{"href":"https:\/\/blogs.hoy.es\/solitaencaceres\/wp-json\/wp\/v2\/posts\/35"}],"collection":[{"href":"https:\/\/blogs.hoy.es\/solitaencaceres\/wp-json\/wp\/v2\/posts"}],"about":[{"href":"https:\/\/blogs.hoy.es\/solitaencaceres\/wp-json\/wp\/v2\/types\/post"}],"author":[{"embeddable":true,"href":"https:\/\/blogs.hoy.es\/solitaencaceres\/wp-json\/wp\/v2\/users\/45"}],"replies":[{"embeddable":true,"href":"https:\/\/blogs.hoy.es\/solitaencaceres\/wp-json\/wp\/v2\/comments?post=35"}],"version-history":[{"count":0,"href":"https:\/\/blogs.hoy.es\/solitaencaceres\/wp-json\/wp\/v2\/posts\/35\/revisions"}],"wp:attachment":[{"href":"https:\/\/blogs.hoy.es\/solitaencaceres\/wp-json\/wp\/v2\/media?parent=35"}],"wp:term":[{"taxonomy":"category","embeddable":true,"href":"https:\/\/blogs.hoy.es\/solitaencaceres\/wp-json\/wp\/v2\/categories?post=35"},{"taxonomy":"post_tag","embeddable":true,"href":"https:\/\/blogs.hoy.es\/solitaencaceres\/wp-json\/wp\/v2\/tags?post=35"}],"curies":[{"name":"wp","href":"https:\/\/api.w.org\/{rel}","templated":true}]}}