{"id":376,"date":"2013-02-06T23:12:56","date_gmt":"2013-02-06T23:12:56","guid":{"rendered":"http:\/\/blogs.hoy.es\/solitaencaceres\/?p=376"},"modified":"2013-02-06T23:12:56","modified_gmt":"2013-02-06T23:12:56","slug":"por-favor-y-gracias","status":"publish","type":"post","link":"https:\/\/blogs.hoy.es\/solitaencaceres\/2013\/02\/06\/por-favor-y-gracias\/","title":{"rendered":"Por favor y gracias"},"content":{"rendered":"<p><a href=\"\/solitaencaceres\/wp-content\/uploads\/sites\/41\"><img loading=\"lazy\" class=\"aligncenter size-full wp-image-377\" title=\"V\" src=\"\/solitaencaceres\/wp-content\/uploads\/sites\/41\" alt=\"\" width=\"400\" height=\"400\" \/><\/a><\/p>\n<p>Siento debilidad por esas personas que siempre que abren la boca para dirigirse a alguien, sobre todo si no lo conocen o no tienen la suficiente confianza, <strong>emplean un \u2018por favor\u2019 o un \u2018perdona\u2019 y se despiden con un \u2018gracias\u2019 o un \u2018disculpa las molestias\u2019.<\/strong><\/p>\n<p>Me parecen unas normas fundamentales de educaci\u00f3n, que por desgracia no suelen ser frecuentes en la gente, ya que <strong>en Espa\u00f1a, m\u00e1s que la cortes\u00eda, lo que se lleva es eso de decir \u2018las cosas a la cara\u2019<\/strong>. En esto, <strong>envidio a los ingleses<\/strong>, tan educados, demasiado algunas veces. Tienen hasta una<strong> gran cantidad de verbos modales<\/strong>, dependiendo de la situaci\u00f3n, de lo cort\u00e9s que tenga que ser la conversaci\u00f3n.<\/p>\n<p>Cuando fui a Inglaterra fue lo segundo que me ense\u00f1aron, lo primero era que <strong>nunca pidiera dos cosas con los dedos en V<\/strong>, porque es como hacer aqu\u00ed en Espa\u00f1a el s\u00edmbolo de que te ponen los cuernos. O si hac\u00eda la V para pedir dos, que la hiciese <strong>por la parte que se ven las u\u00f1as.<\/strong><\/p>\n<p>Tambi\u00e9n esta faceta de los ingleses, tan educada, los hace un poco fr\u00edos, distantes, y no digo que tengamos que actuar como ellos, pero s\u00ed tomar un poco de ejemplo, solo un poco. Y si <strong>adem\u00e1s de aprender a decir \u2018por favor\u2019 y \u2018gracias\u2019, aprendemos a hablar un poquito m\u00e1s suave, mejor. Porque no hay nada peor, al menos para mi gusto, que ser maleducado, hablar a voces y encima \u2018decir las cosas a la cara\u2019<\/strong>, porque eso no lleva a ning\u00fan lado, solo a discusiones que no van a parar a ninguna parte, porque otra cosa no, pero en Espa\u00f1a, orgullosos somos un rato. <strong>A m\u00ed por ah\u00ed no me pillan, las voces no matan, los silencios s\u00ed, sobre todo a esas personas que van de \u201cvalientes\u201d. S\u00ed, con V.<\/strong><\/p>\n<!-- AddThis Advanced Settings generic via filter on the_content --><!-- AddThis Share Buttons generic via filter on the_content -->","protected":false},"excerpt":{"rendered":"<p>Siento debilidad por esas personas que siempre que abren la boca para dirigirse a alguien, sobre todo si no lo conocen o no tienen la suficiente confianza, emplean un \u2018por favor\u2019 o un \u2018perdona\u2019 y se despiden con un \u2018gracias\u2019 o un \u2018disculpa las molestias\u2019. Me parecen unas normas fundamentales de educaci\u00f3n, que por desgracia [&hellip;]<!-- AddThis Advanced Settings generic via filter on get_the_excerpt --><!-- AddThis Share Buttons generic via filter on get_the_excerpt --><\/p>\n","protected":false},"author":45,"featured_media":0,"comment_status":"open","ping_status":"closed","sticky":false,"template":"","format":"standard","meta":[],"categories":[3],"tags":[1066,1166,1269,1323,1511,1888,1894,1955,1956,2116,2119,2326,2503,2901,2982,3173,3319,3934,4187,4211],"_links":{"self":[{"href":"https:\/\/blogs.hoy.es\/solitaencaceres\/wp-json\/wp\/v2\/posts\/376"}],"collection":[{"href":"https:\/\/blogs.hoy.es\/solitaencaceres\/wp-json\/wp\/v2\/posts"}],"about":[{"href":"https:\/\/blogs.hoy.es\/solitaencaceres\/wp-json\/wp\/v2\/types\/post"}],"author":[{"embeddable":true,"href":"https:\/\/blogs.hoy.es\/solitaencaceres\/wp-json\/wp\/v2\/users\/45"}],"replies":[{"embeddable":true,"href":"https:\/\/blogs.hoy.es\/solitaencaceres\/wp-json\/wp\/v2\/comments?post=376"}],"version-history":[{"count":0,"href":"https:\/\/blogs.hoy.es\/solitaencaceres\/wp-json\/wp\/v2\/posts\/376\/revisions"}],"wp:attachment":[{"href":"https:\/\/blogs.hoy.es\/solitaencaceres\/wp-json\/wp\/v2\/media?parent=376"}],"wp:term":[{"taxonomy":"category","embeddable":true,"href":"https:\/\/blogs.hoy.es\/solitaencaceres\/wp-json\/wp\/v2\/categories?post=376"},{"taxonomy":"post_tag","embeddable":true,"href":"https:\/\/blogs.hoy.es\/solitaencaceres\/wp-json\/wp\/v2\/tags?post=376"}],"curies":[{"name":"wp","href":"https:\/\/api.w.org\/{rel}","templated":true}]}}