{"id":38,"date":"2012-05-21T19:50:16","date_gmt":"2012-05-21T19:50:16","guid":{"rendered":"http:\/\/blogs.hoy.es\/solitaencaceres\/?p=38"},"modified":"2012-05-21T19:50:16","modified_gmt":"2012-05-21T19:50:16","slug":"panico-escenico","status":"publish","type":"post","link":"https:\/\/blogs.hoy.es\/solitaencaceres\/2012\/05\/21\/panico-escenico\/","title":{"rendered":"P\u00e1nico esc\u00e9nico"},"content":{"rendered":"<p>Tengo <strong>p\u00e1nico esc\u00e9nico<\/strong> y mi carrera, <a href=\"http:\/\/www.unex.es\/conoce-la-uex\/estructura-academica\/centros\/fyl\/archivos\/planes_estudio\/extensos\/0426.pdf\" target=\"_blank\">Filolog\u00eda Hisp\u00e1nica<\/a>, no es compatible con esto. Cuando tengo que hacer alguna exposici\u00f3n oral\u00a0 -muy a menudo- <strong>busco alternativas<\/strong>. Mis profesores est\u00e1n encantados: mientras toda la clase muestra un <a href=\"http:\/\/www.google.es\/aclk?sa=l&#038;ai=CzvtxX2e7T57nHIGc8APK_LiZCdXKvd8DtbPLllTVwO-SrAEIABABILZUUMv3msMBYNWl1oLgCKABu6TiwwPIAQGqBBZP0Ospaw1l9ZZL-_3HSTjYWmI3gJOUgAWQTg&#038;sig=AOD64_2OtXmcALjnBbKeeLYR5FJnpLDsDQ&#038;ved=0CAoQ0Qw&#038;adurl=http:\/\/es.filewin.com\/Microsoft-PowerPoint\/%3Fp%3DES&#038;rct=j&#038;q=Power+Point\" target=\"_blank\">Power Point<\/a> y explica el temario, yo hago algo <strong>ins\u00f3lito<\/strong> que a ellos les parece dificil\u00edsimo: <strong>realizar un montaje de v\u00eddeo<\/strong>.<\/p>\n<p>La primera vez que habl\u00e9 ante un p\u00fablico lo hice en el instituto, cuando present\u00e9 ante mis compa\u00f1eros y profesores, el libro de A<strong>lonso de la Torre<\/strong> <span style=\"text-decoration: underline;\">366 paseos por Extremadura<\/span>.\u00a0 Hasta entonces, nunca hab\u00eda escrito nada serio. Una hora antes de realizar la presentaci\u00f3n, estuve dando vueltas por el patio para relajarme, mientras <strong>Alonso lloraba en los aseos porque se emocionaba al recordar aquellas aulas<\/strong>, aquellos alumnos que lo buscaban, algunos tambi\u00e9n entre l\u00e1grimas. <strong>Yo le\u00ed, la gente se divert\u00eda y yo no miraba al frente<\/strong>, por miedo a perder la l\u00ednea por la que iba.<\/p>\n<p style=\"text-align: center;\"><a href=\"\/solitaencaceres\/wp-content\/uploads\/sites\/41\/2012\/05\/Captura12.png\"><img loading=\"lazy\" class=\"aligncenter size-full wp-image-39\" title=\"Carmen Mart\u00ednez-Fortum, Alonso de la Torre y Carolina D\u00edaz\" src=\"\/solitaencaceres\/wp-content\/uploads\/sites\/41\/2012\/05\/Captura12.png\" alt=\"\" width=\"589\" height=\"414\" \/><\/a><\/p>\n<p><strong>El d\u00eda de mi graduaci\u00f3n<\/strong>, me atrev\u00ed con el discurso de final de curso, representando a todos mis compa\u00f1eros. Fue en el <strong>Corral de Comedias de Arroyo<\/strong>. Yo ten\u00eda un poco m\u00e1s de seguridad que la primera vez, pero al subir al escenario empezaron a temblarme las piernas. El d\u00eda de la presentaci\u00f3n del libro de Alonso, yo estaba sentada. Sin embargo, aqu\u00ed <strong>estaba de pie y con tacones<\/strong>. La voz se me quebraba cada vez que intentaba mirar al frente.<\/p>\n<p><a href=\"\/solitaencaceres\/wp-content\/uploads\/sites\/41\/2012\/05\/Captura2.png\"><img loading=\"lazy\" class=\"aligncenter size-full wp-image-40\" title=\"Discurso de graduaci\u00f3n\" src=\"\/solitaencaceres\/wp-content\/uploads\/sites\/41\/2012\/05\/Captura2.png\" alt=\"\" width=\"431\" height=\"493\" \/><\/a><\/p>\n<p><strong>Al empezar la carrera<\/strong> -estoy en el segundo curso- <strong>perd\u00ed mucha confianza en m\u00ed:<\/strong> quer\u00eda participar en alg\u00fan debate de clase, pero ten\u00eda p\u00e1nico solo de pensar que al escuchar mi voz, mis compa\u00f1eros, esas caras extra\u00f1as que ten\u00eda a mi alrededor, me mirar\u00edan. Ya no eran mi Lorena, ni mi Vicky, las compa\u00f1eras de toda la vida del instituto de Arroyo.<\/p>\n<p><img loading=\"lazy\" class=\"aligncenter size-full wp-image-42\" title=\"Carolina D\u00edaz y Alonso de la Torre\" src=\"\/solitaencaceres\/wp-content\/uploads\/sites\/41\/2012\/05\/rIQPUrDR2h0.jpg\" alt=\"\" width=\"574\" height=\"408\" \/><\/p>\n<p>No s\u00e9 en qu\u00e9 momento perd\u00ed no solo la confianza, sino tambi\u00e9n la valent\u00eda. En la asignatura \u201c<strong>Historia de Espa\u00f1a\u201d<\/strong> ten\u00edamos que realizar una exposici\u00f3n sobre el<strong> franquismo<\/strong>. Sent\u00ed que ante un aula llena de desconocidos, donde el nivel estaba muy alto, no podr\u00eda competir. <strong>Convenc\u00ed a mis compa\u00f1eros de grupo<\/strong>, que al principio no se fiaban de m\u00ed, <strong>para hacer un v\u00eddeo<\/strong> y tambi\u00e9n convenc\u00ed a <strong>Alonso de la Torre<\/strong> para que participara.<\/p>\n<p><strong>Alonso era la voz culta del video<\/strong>: contaba c\u00f3mo era el C\u00e1ceres que \u00e9l conoci\u00f3 en el franquismo. Nos mostraba sus libros de clases: la <a href=\"http:\/\/www.rafaelcastillejo.com\/escuela.htm\" target=\"_blank\">cartilla Rayas<\/a>, que serv\u00eda para hacer <strong>caligraf\u00eda<\/strong>; el <a href=\"http:\/\/perso.wanadoo.es\/meacuerdo\/catecismo\/catecismoastete.htm\" target=\"_blank\">catecismo del padre Astete;<\/a> y un <strong>c\u00f3mic, \u201cEl camarada\u201d<\/strong>. Tambi\u00e9n nos ense\u00f1aba su <strong>carnet de universidad<\/strong>, su carnet de \u00e1rbitro de baloncesto\u2026<\/p>\n<p>Reconozco que a veces a<strong>buso de la ayuda de Alonso<\/strong>. Tengo mucha suerte de poder contar con \u00e9l. Ha vivido tanto, que puede participar en cualquier tema de mis trabajos. El \u00faltimo ha sido de <strong>Teor\u00eda de la Literatura<\/strong>.<\/p>\n<p>Mi hermano tiene 7 a\u00f1os. El d\u00eda de la Luz vino con Alonso y conmigo a grabar <a href=\"http:\/\/www.hoy.es\/videos\/a-fondo\/caceres-insolita\/\" target=\"_blank\">C\u00e1ceres ins\u00f3lita<\/a> y desde entonces, me pongo un poco celosa: mi hermano y Alonso juegan a presentar programas de televisi\u00f3n ficticios y a grabarse con la <strong>Nintendo<\/strong>. S\u00e9 que <strong>alg\u00fan d\u00eda Alonso me cambiar\u00e1 por \u00e9l<\/strong>.<\/p>\n<p style=\"text-align: center;\"><a href=\"\/solitaencaceres\/wp-content\/uploads\/sites\/41\/2012\/05\/DSC00981.jpg\"><img loading=\"lazy\" class=\"aligncenter size-full wp-image-41\" title=\"Mi hermano Iv\u00e1n y Alonso de la Torre\" src=\"\/solitaencaceres\/wp-content\/uploads\/sites\/41\/2012\/05\/DSC00981.jpg\" alt=\"\" width=\"605\" height=\"420\" \/><\/a><\/p>\n<p>Para el trabajo de <strong>Teor\u00eda de la Literatura<\/strong>, ten\u00eda que explicar las diferentes voces narrativas. <strong>Alonso y mi hermano me ayudaron.<\/strong> Reconozco que ahora, m\u00e1s que p\u00e1nico esc\u00e9nico, <strong>lo que siento al hablar en p\u00fablico es aburrimiento<\/strong>. Sin embargo, grabarme con mi hermano o hacer una voice-over con Alonso es muy divertido.<\/p>\n<p>El semestre pasado, tuve que hacer una exposici\u00f3n en clase sobre el libro \u201c<a href=\"http:\/\/201.147.150.252:8080\/jspui\/bitstream\/123456789\/956\/2\/primeras-paginas-seduccion-palabras.pdf\" target=\"_blank\">La seducci\u00f3n de las palabras<\/a>\u201d y <strong>ambient\u00e9 mi trabajo en el sexo y la pol\u00edtica<\/strong>. No pude hacer un video. No fue porque me censuraran escenas pornogr\u00e1ficas ni nada por el estilo. Yo solo s\u00e9 que despu\u00e9s de toda la noche sin dormir, nerviosa, preparando la exposici\u00f3n, al colocarme frente a la clase empec\u00e9 a sudar, a ver doble. Expuse sin leer ning\u00fan papel, pero me sali\u00f3 fatal y no disfrut\u00e9. <strong>Haciendo v\u00eddeos con mi hermano y con Alonso, me lo paso muy bien y los resultados son mejores.<\/strong><\/p>\n<!-- AddThis Advanced Settings generic via filter on the_content --><!-- AddThis Share Buttons generic via filter on the_content -->","protected":false},"excerpt":{"rendered":"<p>Tengo p\u00e1nico esc\u00e9nico y mi carrera, Filolog\u00eda Hisp\u00e1nica, no es compatible con esto. Cuando tengo que hacer alguna exposici\u00f3n oral\u00a0 -muy a menudo- busco alternativas. Mis profesores est\u00e1n encantados: mientras toda la clase muestra un Power Point y explica el temario, yo hago algo ins\u00f3lito que a ellos les parece dificil\u00edsimo: realizar un montaje de [&hellip;]<!-- AddThis Advanced Settings generic via filter on get_the_excerpt --><!-- AddThis Share Buttons generic via filter on get_the_excerpt --><\/p>\n","protected":false},"author":45,"featured_media":0,"comment_status":"open","ping_status":"closed","sticky":false,"template":"","format":"standard","meta":[],"categories":[3],"tags":[37,174,295,582,751,776,974,1057,1689,1758,2006,2298,2870,3350,3972,4275],"_links":{"self":[{"href":"https:\/\/blogs.hoy.es\/solitaencaceres\/wp-json\/wp\/v2\/posts\/38"}],"collection":[{"href":"https:\/\/blogs.hoy.es\/solitaencaceres\/wp-json\/wp\/v2\/posts"}],"about":[{"href":"https:\/\/blogs.hoy.es\/solitaencaceres\/wp-json\/wp\/v2\/types\/post"}],"author":[{"embeddable":true,"href":"https:\/\/blogs.hoy.es\/solitaencaceres\/wp-json\/wp\/v2\/users\/45"}],"replies":[{"embeddable":true,"href":"https:\/\/blogs.hoy.es\/solitaencaceres\/wp-json\/wp\/v2\/comments?post=38"}],"version-history":[{"count":0,"href":"https:\/\/blogs.hoy.es\/solitaencaceres\/wp-json\/wp\/v2\/posts\/38\/revisions"}],"wp:attachment":[{"href":"https:\/\/blogs.hoy.es\/solitaencaceres\/wp-json\/wp\/v2\/media?parent=38"}],"wp:term":[{"taxonomy":"category","embeddable":true,"href":"https:\/\/blogs.hoy.es\/solitaencaceres\/wp-json\/wp\/v2\/categories?post=38"},{"taxonomy":"post_tag","embeddable":true,"href":"https:\/\/blogs.hoy.es\/solitaencaceres\/wp-json\/wp\/v2\/tags?post=38"}],"curies":[{"name":"wp","href":"https:\/\/api.w.org\/{rel}","templated":true}]}}