{"id":386,"date":"2013-02-09T09:09:19","date_gmt":"2013-02-09T09:09:19","guid":{"rendered":"http:\/\/blogs.hoy.es\/solitaencaceres\/?p=386"},"modified":"2013-02-09T09:09:19","modified_gmt":"2013-02-09T09:09:19","slug":"los-tios-son-unos-machitos-las-chicas-unas-guarras","status":"publish","type":"post","link":"https:\/\/blogs.hoy.es\/solitaencaceres\/2013\/02\/09\/los-tios-son-unos-machitos-las-chicas-unas-guarras\/","title":{"rendered":"Los t\u00edos son unos machitos, las chicas, unas guarras"},"content":{"rendered":"<p style=\"text-align: center;\"><a href=\"\/solitaencaceres\/wp-content\/uploads\/sites\/41\/2013\/02\/Hombre-forzudo.jpg\"><img loading=\"lazy\" class=\"aligncenter size-full wp-image-387\" title=\"Hombre forzudo\" src=\"\/solitaencaceres\/wp-content\/uploads\/sites\/41\/2013\/02\/Hombre-forzudo.jpg\" alt=\"\" width=\"183\" height=\"275\" \/><\/a><\/p>\n<p>La gente se descojona cuando digo que pienso como un chico y, aunque parece un comentario machista, porque no hay por qu\u00e9 diferenciar entre <strong>pensamiento de chicos y de chicas<\/strong>, todo el mundo entiende lo que digo. Sin embargo, yo soy <strong>muy feminista<\/strong> y si hay algo que <strong>no soporto son las chicas que acusan a las de su propio g\u00e9nero de ser unas guarras<\/strong> cuando se acuestan con varios chicos y a ellos los tratan como a si fuesen los reyes del mambo cuando act\u00faan de la misma forma.<\/p>\n<p>Hay algo claro: si quieres ser rara, <strong>si no quieres tener tu novio formal y eres chica, ya sabes, Extremadura no es tu lugar.<\/strong> Porque la buena chica extreme\u00f1a se echa su novio entre los 15 y los 20 a\u00f1os y ya tiene que estar toda la vida junto a \u00e9l, <strong>presentarse a los suegros y cu\u00f1ados y llevar una vida normal, sin sobresaltos.<\/strong><\/p>\n<p>Creo que el verdadero problema de Espa\u00f1a<strong> no es que B\u00e1rcenas robe dinero en sobres, porque eso es algo contra lo que no podemos luchar mano a mano,<\/strong> pero s\u00ed que todav\u00eda en nuestros pueblos y ciudades exista gente con la mente tan cerrada, con ese pensamiento<strong> tan \u2018innato\u2019, m\u00e1s de animales que de personas,<\/strong> que act\u00faan sin pensar, sin ser conscientes de las consecuencias de sus actos.<\/p>\n<p>El d\u00eda que la gente aprenda a no juzgar, que Telecinco no reparta el bacalao, <strong>creer\u00e9 realmente que vivimos en un mundo igualitario.<\/strong><\/p>\n<!-- AddThis Advanced Settings generic via filter on the_content --><!-- AddThis Share Buttons generic via filter on the_content -->","protected":false},"excerpt":{"rendered":"<p>La gente se descojona cuando digo que pienso como un chico y, aunque parece un comentario machista, porque no hay por qu\u00e9 diferenciar entre pensamiento de chicos y de chicas, todo el mundo entiende lo que digo. Sin embargo, yo soy muy feminista y si hay algo que no soporto son las chicas que acusan [&hellip;]<!-- AddThis Advanced Settings generic via filter on get_the_excerpt --><!-- AddThis Share Buttons generic via filter on get_the_excerpt --><\/p>\n","protected":false},"author":45,"featured_media":0,"comment_status":"open","ping_status":"closed","sticky":false,"template":"","format":"standard","meta":[],"categories":[3],"tags":[],"_links":{"self":[{"href":"https:\/\/blogs.hoy.es\/solitaencaceres\/wp-json\/wp\/v2\/posts\/386"}],"collection":[{"href":"https:\/\/blogs.hoy.es\/solitaencaceres\/wp-json\/wp\/v2\/posts"}],"about":[{"href":"https:\/\/blogs.hoy.es\/solitaencaceres\/wp-json\/wp\/v2\/types\/post"}],"author":[{"embeddable":true,"href":"https:\/\/blogs.hoy.es\/solitaencaceres\/wp-json\/wp\/v2\/users\/45"}],"replies":[{"embeddable":true,"href":"https:\/\/blogs.hoy.es\/solitaencaceres\/wp-json\/wp\/v2\/comments?post=386"}],"version-history":[{"count":0,"href":"https:\/\/blogs.hoy.es\/solitaencaceres\/wp-json\/wp\/v2\/posts\/386\/revisions"}],"wp:attachment":[{"href":"https:\/\/blogs.hoy.es\/solitaencaceres\/wp-json\/wp\/v2\/media?parent=386"}],"wp:term":[{"taxonomy":"category","embeddable":true,"href":"https:\/\/blogs.hoy.es\/solitaencaceres\/wp-json\/wp\/v2\/categories?post=386"},{"taxonomy":"post_tag","embeddable":true,"href":"https:\/\/blogs.hoy.es\/solitaencaceres\/wp-json\/wp\/v2\/tags?post=386"}],"curies":[{"name":"wp","href":"https:\/\/api.w.org\/{rel}","templated":true}]}}