{"id":397,"date":"2013-02-11T15:42:07","date_gmt":"2013-02-11T15:42:07","guid":{"rendered":"http:\/\/blogs.hoy.es\/solitaencaceres\/?p=397"},"modified":"2013-02-11T15:42:07","modified_gmt":"2013-02-11T15:42:07","slug":"cuidado-a-quien-hablas-mal","status":"publish","type":"post","link":"https:\/\/blogs.hoy.es\/solitaencaceres\/2013\/02\/11\/cuidado-a-quien-hablas-mal\/","title":{"rendered":"Cuidado a qui\u00e9n hablas mal"},"content":{"rendered":"<p style=\"text-align: center;\"><a href=\"\/solitaencaceres\/wp-content\/uploads\/sites\/41\/2013\/02\/cuidado-a-qui\u00e9n-hablas-mal.jpg\"><img loading=\"lazy\" class=\"aligncenter  wp-image-398\" title=\"cuidado a qui\u00e9n hablas mal\" src=\"\/solitaencaceres\/wp-content\/uploads\/sites\/41\/2013\/02\/cuidado-a-qui\u00e9n-hablas-mal.jpg\" alt=\"\" width=\"440\" height=\"258\" srcset=\"https:\/\/static-blogs.hoy.es\/wp-content\/uploads\/sites\/41\/2013\/02\/cuidado-a-qui\u00e9n-hablas-mal.jpg 550w, https:\/\/static-blogs.hoy.es\/wp-content\/uploads\/sites\/41\/2013\/02\/cuidado-a-qui\u00e9n-hablas-mal-300x176.jpg 300w\" sizes=\"(max-width: 440px) 100vw, 440px\" \/><\/a><\/p>\n<p>Tengo un lema b\u00e1sico: \u2018No s\u00e9 con qui\u00e9n voy a encontrarme el d\u00eda de ma\u00f1ana\u2019. Me explico: nunca me enfrentar\u00e9, insultar\u00e9 o tratar\u00e9 mal a una persona que no conozco, porque qui\u00e9n me dice a m\u00ed que el d\u00eda de ma\u00f1ana no voy a presentarme ante un jurado para una oposici\u00f3n y va a estar ah\u00ed, qui\u00e9n me dice que de esa persona no va a depender mi trabajo, mi casa, mi salud o hasta la de mi gato.<\/p>\n<p>Hace unos d\u00edas, un colega me comentaba la falta de respeto que hab\u00edan tenido unas personas con \u00e9l y lo mal que le hab\u00eda sentado. Prosigui\u00f3: \u2018Yo agacho la cabeza y aguanto lo que haga falta\u2019, pero esto no se olvida, aqu\u00ed tienen un enemigo peligroso para toda la vida. Y a m\u00ed esto me lleg\u00f3 muy adentro, porque como llevo repitiendo a lo largo de esta semana, para m\u00ed el respeto es algo fundamental, y m\u00e1s cuando se trata de personas de edad avanzada.<\/p>\n<p>A m\u00ed, de peque\u00f1a, cuando ve\u00eda el f\u00fatbol y dec\u00eda alguna \u2018palabrota\u2019 porque me cabreaba, mis abuelos siempre me dec\u00edan que me iban a lavar la boca con lej\u00eda. Y no por confesiones, ni comuniones, ni nada de eso, pues quien me conoce sabe que yo las iglesias las piso por cultura y arquitectura. Pero desde entonces, se me puede escapar alg\u00fan \u2018joder\u2019, un \u2018hostia\u2019, en muy pocas ocasiones, o un \u2018co\u00f1o\u2019 muy de cuando en cuando.<\/p>\n<p>Probablemente, dentro de unos d\u00edas tenga que compartir piso con mi abuela, mientras est\u00e9 el fontanero arreglando el cuarto de ba\u00f1o. Y ahora, m\u00e1s que lavarme la boca con lej\u00eda, lo que lavaremos ser\u00e1 el piso al que me he ido a vivir, que llevaba cuatro a\u00f1os cerrado, pero vamos a reabrir. Mi abuela se siente orgullosa de m\u00ed, de lo mayor que le dicen las vecinas que estoy (ninguna me echa 20 a\u00f1os). Sobre todo, lo que m\u00e1s les gusta es mi saber estar, la buena conversaci\u00f3n que tengo. As\u00ed que me veo ya por las tardes tomando caf\u00e9 y pastas con ellas. Y como los mayores son la mayor caja de sorpresas y sabidur\u00eda que una joven puede tener, yo encantada. Qui\u00e9n me dice que alg\u00fan d\u00eda \u00a0salgo de casa, me quedo la llave dentro y tienen que salvarme de dormir en la calle.<\/p>\n<!-- AddThis Advanced Settings generic via filter on the_content --><!-- AddThis Share Buttons generic via filter on the_content -->","protected":false},"excerpt":{"rendered":"<p>Tengo un lema b\u00e1sico: \u2018No s\u00e9 con qui\u00e9n voy a encontrarme el d\u00eda de ma\u00f1ana\u2019. Me explico: nunca me enfrentar\u00e9, insultar\u00e9 o tratar\u00e9 mal a una persona que no conozco, porque qui\u00e9n me dice a m\u00ed que el d\u00eda de ma\u00f1ana no voy a presentarme ante un jurado para una oposici\u00f3n y va a estar [&hellip;]<!-- AddThis Advanced Settings generic via filter on get_the_excerpt --><!-- AddThis Share Buttons generic via filter on get_the_excerpt --><\/p>\n","protected":false},"author":45,"featured_media":0,"comment_status":"open","ping_status":"closed","sticky":false,"template":"","format":"standard","meta":[],"categories":[3],"tags":[24,111,286,537,593,602,988,999,1105,1129,1297,1427,1639,1720,1801,2074,2344,2358,2657,2704,2974,3021,3195,3571,3655,3685,4073,4228],"_links":{"self":[{"href":"https:\/\/blogs.hoy.es\/solitaencaceres\/wp-json\/wp\/v2\/posts\/397"}],"collection":[{"href":"https:\/\/blogs.hoy.es\/solitaencaceres\/wp-json\/wp\/v2\/posts"}],"about":[{"href":"https:\/\/blogs.hoy.es\/solitaencaceres\/wp-json\/wp\/v2\/types\/post"}],"author":[{"embeddable":true,"href":"https:\/\/blogs.hoy.es\/solitaencaceres\/wp-json\/wp\/v2\/users\/45"}],"replies":[{"embeddable":true,"href":"https:\/\/blogs.hoy.es\/solitaencaceres\/wp-json\/wp\/v2\/comments?post=397"}],"version-history":[{"count":0,"href":"https:\/\/blogs.hoy.es\/solitaencaceres\/wp-json\/wp\/v2\/posts\/397\/revisions"}],"wp:attachment":[{"href":"https:\/\/blogs.hoy.es\/solitaencaceres\/wp-json\/wp\/v2\/media?parent=397"}],"wp:term":[{"taxonomy":"category","embeddable":true,"href":"https:\/\/blogs.hoy.es\/solitaencaceres\/wp-json\/wp\/v2\/categories?post=397"},{"taxonomy":"post_tag","embeddable":true,"href":"https:\/\/blogs.hoy.es\/solitaencaceres\/wp-json\/wp\/v2\/tags?post=397"}],"curies":[{"name":"wp","href":"https:\/\/api.w.org\/{rel}","templated":true}]}}