{"id":414,"date":"2013-02-15T13:46:38","date_gmt":"2013-02-15T13:46:38","guid":{"rendered":"http:\/\/blogs.hoy.es\/solitaencaceres\/?p=414"},"modified":"2013-02-15T13:46:38","modified_gmt":"2013-02-15T13:46:38","slug":"el-populista-y-el-intelectual-2","status":"publish","type":"post","link":"https:\/\/blogs.hoy.es\/solitaencaceres\/2013\/02\/15\/el-populista-y-el-intelectual-2\/","title":{"rendered":"El populista y el intelectual"},"content":{"rendered":"<p><a href=\"\/solitaencaceres\/wp-content\/uploads\/sites\/41\/2013\/02\/Papas2.jpg\"><img loading=\"lazy\" class=\"aligncenter size-full wp-image-415\" title=\"Papas\" src=\"\/solitaencaceres\/wp-content\/uploads\/sites\/41\/2013\/02\/Papas2.jpg\" alt=\"\" width=\"250\" height=\"198\" \/><\/a><\/p>\n<p>Tengo miedo. Por una parte me ha parecido<strong> valiente la actuaci\u00f3n del Papa Benedicto XVI\u00a0\u2018dimitiendo\u2019<\/strong>, pero por otra parte, <strong>me ha asustado un poco.<\/strong> Me gustaba <strong>Ratzinger<\/strong> por su <strong>car\u00e1cter alem\u00e1n, extremadamente fr\u00edo, su seriedad.<\/strong> Aportaba a la iglesia un<strong> toque m\u00e1s intelectual, menos dicharachero.<\/strong> Me gustaba sobre todo porque <strong>los j\u00f3venes no se sent\u00edan tan atra\u00eddos por su manera de ser y se distanciaban de la iglesia.<\/strong><\/p>\n<p>En cambio,<strong> Juan Pablo II nunca me convenci\u00f3.<\/strong> Un Papa capaz de bailar por<strong> llamar la atenci\u00f3n de los j\u00f3venes,<\/strong> por captar miradas, por ilusionar acerc\u00e1ndose a saludar. <strong>Un Papa muy peligroso, m\u00e1s por su cercan\u00eda, por sus viajes y por su populismo arrollador que por su doctrina.<\/strong> Un ser demasiado extrovertido, al que <strong>Benedicto XVI, un hombre m\u00e1s de pensamiento que de actuaci\u00f3n<\/strong>, nunca ha conseguido igualar.<\/p>\n<p>Me hubiera gustado que <strong>Benedicto XVI no hubiera renunciado a su cargo.<\/strong> Si <strong>Rouco Valera<\/strong> se ha alegrado, por algo ser\u00e1. Creo que la iglesia se estaba viendo fuera de juego y va a<strong> intentar recuperar el populismo que tantos fieles le hizo ganar.<\/strong> Ojal\u00e1 me equivoque. Tengo miedo.<\/p>\n<!-- AddThis Advanced Settings generic via filter on the_content --><!-- AddThis Share Buttons generic via filter on the_content -->","protected":false},"excerpt":{"rendered":"<p>Tengo miedo. Por una parte me ha parecido valiente la actuaci\u00f3n del Papa Benedicto XVI\u00a0\u2018dimitiendo\u2019, pero por otra parte, me ha asustado un poco. Me gustaba Ratzinger por su car\u00e1cter alem\u00e1n, extremadamente fr\u00edo, su seriedad. Aportaba a la iglesia un toque m\u00e1s intelectual, menos dicharachero. Me gustaba sobre todo porque los j\u00f3venes no se sent\u00edan [&hellip;]<!-- AddThis Advanced Settings generic via filter on get_the_excerpt --><!-- AddThis Share Buttons generic via filter on get_the_excerpt --><\/p>\n","protected":false},"author":45,"featured_media":0,"comment_status":"open","ping_status":"closed","sticky":false,"template":"","format":"standard","meta":[],"categories":[3],"tags":[90,371,441,706,806,1244,1286,1621,1627,1676,2071,2206,2417,2449,3046,3162,3318,3499,3559,3641,3687,3764,4050,4155,4210,4266],"_links":{"self":[{"href":"https:\/\/blogs.hoy.es\/solitaencaceres\/wp-json\/wp\/v2\/posts\/414"}],"collection":[{"href":"https:\/\/blogs.hoy.es\/solitaencaceres\/wp-json\/wp\/v2\/posts"}],"about":[{"href":"https:\/\/blogs.hoy.es\/solitaencaceres\/wp-json\/wp\/v2\/types\/post"}],"author":[{"embeddable":true,"href":"https:\/\/blogs.hoy.es\/solitaencaceres\/wp-json\/wp\/v2\/users\/45"}],"replies":[{"embeddable":true,"href":"https:\/\/blogs.hoy.es\/solitaencaceres\/wp-json\/wp\/v2\/comments?post=414"}],"version-history":[{"count":0,"href":"https:\/\/blogs.hoy.es\/solitaencaceres\/wp-json\/wp\/v2\/posts\/414\/revisions"}],"wp:attachment":[{"href":"https:\/\/blogs.hoy.es\/solitaencaceres\/wp-json\/wp\/v2\/media?parent=414"}],"wp:term":[{"taxonomy":"category","embeddable":true,"href":"https:\/\/blogs.hoy.es\/solitaencaceres\/wp-json\/wp\/v2\/categories?post=414"},{"taxonomy":"post_tag","embeddable":true,"href":"https:\/\/blogs.hoy.es\/solitaencaceres\/wp-json\/wp\/v2\/tags?post=414"}],"curies":[{"name":"wp","href":"https:\/\/api.w.org\/{rel}","templated":true}]}}