{"id":425,"date":"2013-02-20T23:44:02","date_gmt":"2013-02-20T23:44:02","guid":{"rendered":"http:\/\/blogs.hoy.es\/solitaencaceres\/?p=425"},"modified":"2013-02-20T23:44:02","modified_gmt":"2013-02-20T23:44:02","slug":"425","status":"publish","type":"post","link":"https:\/\/blogs.hoy.es\/solitaencaceres\/2013\/02\/20\/425\/","title":{"rendered":"Constipado de inicio de semestre"},"content":{"rendered":"<p><a href=\"\/solitaencaceres\/wp-content\/uploads\/sites\/41\/2013\/02\/resfriado1.jpg\"><img loading=\"lazy\" class=\"aligncenter size-full wp-image-426\" title=\"resfriado\" src=\"\/solitaencaceres\/wp-content\/uploads\/sites\/41\/2013\/02\/resfriado1.jpg\" alt=\"\" width=\"250\" height=\"253\" \/><\/a><\/p>\n<p>No recuerdo ning\u00fan semestre desde que comenc\u00e9 la carrera en el que <strong>la primera semana asistiese a clase.<\/strong> Me coincide siempre con un <strong>baj\u00f3n f\u00edsico y mental<\/strong> tras un no parar de estudiar, hacer ex\u00e1menes, trabajos de final de evaluaci\u00f3n, etc.<\/p>\n<p>El constipado m\u00e1s fuerte lo cog\u00ed el primer a\u00f1o en el primer semestre, tras pasarme<strong> todo el verano estudiando para aprobar Bachillerato en septiembre y presentarme a Selectividad.<\/strong> Fue muy duro el proceso, y m\u00e1s cuando no sab\u00eda si hacer <strong>una carrera o un ciclo formativo<\/strong>, si habr\u00eda plazas de<strong> Periodismo en Sevilla<\/strong> o si me quedaba en <strong>C\u00e1ceres<\/strong> haciendo algo parecido que despu\u00e9s pudiese enlazar.<\/p>\n<p>Llegu\u00e9 a mi facultad el primer d\u00eda sin conocer a nadie,<strong> iba vagando sola por los pasillos,<\/strong> ninguna cara me resultaba conocida. En ese momento me maldije por <strong>no haber podido asistir a las novatadas, a conocer a mis futuros compa\u00f1eros.<\/strong> Todo eso hizo que me agobiase, incluso que <strong>llorase<\/strong>, como luego tantos amigos me han reconocido que tambi\u00e9n hicieron. Me dio un baj\u00f3n y a partir de ah\u00ed, <strong>seis constipados seguidos<\/strong>, y cuando parec\u00eda que comenzaba a estar bien, <strong>reca\u00eda otra vez.<\/strong><\/p>\n<p>Ahora me est\u00e1 sucediendo lo mismo. La historia de todos los inicios de semestre se repite. <strong>El \u00faltimo mes de mi vida ha sido una locura entre ex\u00e1menes y cambio de piso.<\/strong> Y c\u00f3mo no, al segundo d\u00eda de instalarme en mi nueva casa, entre el fr\u00edo que hace y lo relajada que me he quedado tras <strong>este mes ca\u00f3tico<\/strong>, me ha dado un baj\u00f3n. Conclusi\u00f3n: constipado de los grandes, acompa\u00f1ado de <strong>muchas dosis de Espidif\u00e9n, Angileptol, jarabes, y lo \u00faltimo, Otogen para la infecci\u00f3n de o\u00eddo que me ha salido.<\/strong><\/p>\n<p>Ayer se cumpli\u00f3 una semana desde que no voy a clase.<\/p>\n<!-- AddThis Advanced Settings generic via filter on the_content --><!-- AddThis Share Buttons generic via filter on the_content -->","protected":false},"excerpt":{"rendered":"<p>No recuerdo ning\u00fan semestre desde que comenc\u00e9 la carrera en el que la primera semana asistiese a clase. Me coincide siempre con un baj\u00f3n f\u00edsico y mental tras un no parar de estudiar, hacer ex\u00e1menes, trabajos de final de evaluaci\u00f3n, etc. El constipado m\u00e1s fuerte lo cog\u00ed el primer a\u00f1o en el primer semestre, tras [&hellip;]<!-- AddThis Advanced Settings generic via filter on get_the_excerpt --><!-- AddThis Share Buttons generic via filter on get_the_excerpt --><\/p>\n","protected":false},"author":45,"featured_media":0,"comment_status":"open","ping_status":"closed","sticky":false,"template":"","format":"standard","meta":[],"categories":[3],"tags":[216,263,372,577,647,739,872,900,1029,1030,1526,1550,1564,1567,1597,1632,1774,1960,2109,2168,2668,2713,2915,2993,3185,3292,3392,3398,3738,3739,3746,3832,3834,4078,4136,4247],"_links":{"self":[{"href":"https:\/\/blogs.hoy.es\/solitaencaceres\/wp-json\/wp\/v2\/posts\/425"}],"collection":[{"href":"https:\/\/blogs.hoy.es\/solitaencaceres\/wp-json\/wp\/v2\/posts"}],"about":[{"href":"https:\/\/blogs.hoy.es\/solitaencaceres\/wp-json\/wp\/v2\/types\/post"}],"author":[{"embeddable":true,"href":"https:\/\/blogs.hoy.es\/solitaencaceres\/wp-json\/wp\/v2\/users\/45"}],"replies":[{"embeddable":true,"href":"https:\/\/blogs.hoy.es\/solitaencaceres\/wp-json\/wp\/v2\/comments?post=425"}],"version-history":[{"count":0,"href":"https:\/\/blogs.hoy.es\/solitaencaceres\/wp-json\/wp\/v2\/posts\/425\/revisions"}],"wp:attachment":[{"href":"https:\/\/blogs.hoy.es\/solitaencaceres\/wp-json\/wp\/v2\/media?parent=425"}],"wp:term":[{"taxonomy":"category","embeddable":true,"href":"https:\/\/blogs.hoy.es\/solitaencaceres\/wp-json\/wp\/v2\/categories?post=425"},{"taxonomy":"post_tag","embeddable":true,"href":"https:\/\/blogs.hoy.es\/solitaencaceres\/wp-json\/wp\/v2\/tags?post=425"}],"curies":[{"name":"wp","href":"https:\/\/api.w.org\/{rel}","templated":true}]}}