{"id":428,"date":"2013-02-22T07:21:20","date_gmt":"2013-02-22T07:21:20","guid":{"rendered":"http:\/\/blogs.hoy.es\/solitaencaceres\/?p=428"},"modified":"2013-02-22T07:21:20","modified_gmt":"2013-02-22T07:21:20","slug":"la-explosion","status":"publish","type":"post","link":"https:\/\/blogs.hoy.es\/solitaencaceres\/2013\/02\/22\/la-explosion\/","title":{"rendered":"La explosi\u00f3n"},"content":{"rendered":"<p><a href=\"\/solitaencaceres\/wp-content\/uploads\/sites\/41\/2013\/02\/adaptadores-antiguos1.jpg\"><img loading=\"lazy\" class=\"aligncenter size-full wp-image-430\" title=\"adaptadores  antiguos\" src=\"\/solitaencaceres\/wp-content\/uploads\/sites\/41\/2013\/02\/adaptadores-antiguos1.jpg\" alt=\"\" width=\"259\" height=\"194\" \/><\/a><\/p>\n<p>No vuelvo a utilizar <strong>un aparato antiguo<\/strong>, por muy eficaz que parezca al principio. El martes por la ma\u00f1ana, mientras me secaba el pelo a las 8h de la ma\u00f1ana tras ducharme, empez\u00f3 a <strong>oler a quemado<\/strong>. Pensando que era el secador, que a veces cuando llevas un rato huele a chamusquina, no me percat\u00e9 de lo que estaba sucediendo. A mi lado, a escasos cent\u00edmetros de mis pies, <strong>un adaptador de esos que ten\u00eda por ah\u00ed mi abuela guardado, que ya ni se fabrican, redondo, blanco y azul, y con unos agujeros raros, en los que cab\u00eda todo tipo de enchufes, empez\u00f3 a inflarse y a soltar humo.<\/strong><\/p>\n<p>Cuando quise desenchufarlo, era demasiado tarde. \u00a1Boooom!, son\u00f3, a la vez que un fuerte grito m\u00edo de miedo, al ver aquel aparato tan antiguo <strong>salir volando por el aire ardiendo.<\/strong> Para colmo, se fue la corriente el\u00e9ctrica,<strong> todo qued\u00f3 a oscuras<\/strong> y lo \u00fanico que se ve\u00eda era <strong>fuego<\/strong>. Gracias a que el ba\u00f1o estaba inundado, porque tiene una aver\u00eda y ha de arregl\u00e1rmelo el fontanero, <strong>ten\u00eda una fregona a mano<\/strong>. Mi cuerpo no hizo caso a mi mente, ya que le dec\u00eda que con el agua no se apagaba el fuego, que lo que pod\u00eda hacer era extenderlo. Sin embargo, mis manos fueron r\u00e1pidas, cog\u00ed la fregona y <strong>antes de que empezase a arder la cortina y sucediera una desgracia, me puse a apagar el fuego a \u2018fregonazos\u2019 como pude.<\/strong><\/p>\n<p>Por suerte no pas\u00f3 nada, pero el susto me tuvo impactada todo el d\u00eda. A partir de ese momento, <strong>aparato antiguo que veo por la casa va a la basura o al mont\u00f3n de cosas in\u00fatiles que hay en la terraza.<\/strong><\/p>\n<!-- AddThis Advanced Settings generic via filter on the_content --><!-- AddThis Share Buttons generic via filter on the_content -->","protected":false},"excerpt":{"rendered":"<p>No vuelvo a utilizar un aparato antiguo, por muy eficaz que parezca al principio. El martes por la ma\u00f1ana, mientras me secaba el pelo a las 8h de la ma\u00f1ana tras ducharme, empez\u00f3 a oler a quemado. Pensando que era el secador, que a veces cuando llevas un rato huele a chamusquina, no me percat\u00e9 [&hellip;]<!-- AddThis Advanced Settings generic via filter on get_the_excerpt --><!-- AddThis Share Buttons generic via filter on get_the_excerpt --><\/p>\n","protected":false},"author":45,"featured_media":0,"comment_status":"open","ping_status":"closed","sticky":false,"template":"","format":"standard","meta":[],"categories":[3],"tags":[94,242,278,348,420,819,1062,1210,1212,1327,1423,1720,1766,1782,1790,2054,2563,2649,2759,2965,2991,3674,3724,3894,3978],"_links":{"self":[{"href":"https:\/\/blogs.hoy.es\/solitaencaceres\/wp-json\/wp\/v2\/posts\/428"}],"collection":[{"href":"https:\/\/blogs.hoy.es\/solitaencaceres\/wp-json\/wp\/v2\/posts"}],"about":[{"href":"https:\/\/blogs.hoy.es\/solitaencaceres\/wp-json\/wp\/v2\/types\/post"}],"author":[{"embeddable":true,"href":"https:\/\/blogs.hoy.es\/solitaencaceres\/wp-json\/wp\/v2\/users\/45"}],"replies":[{"embeddable":true,"href":"https:\/\/blogs.hoy.es\/solitaencaceres\/wp-json\/wp\/v2\/comments?post=428"}],"version-history":[{"count":0,"href":"https:\/\/blogs.hoy.es\/solitaencaceres\/wp-json\/wp\/v2\/posts\/428\/revisions"}],"wp:attachment":[{"href":"https:\/\/blogs.hoy.es\/solitaencaceres\/wp-json\/wp\/v2\/media?parent=428"}],"wp:term":[{"taxonomy":"category","embeddable":true,"href":"https:\/\/blogs.hoy.es\/solitaencaceres\/wp-json\/wp\/v2\/categories?post=428"},{"taxonomy":"post_tag","embeddable":true,"href":"https:\/\/blogs.hoy.es\/solitaencaceres\/wp-json\/wp\/v2\/tags?post=428"}],"curies":[{"name":"wp","href":"https:\/\/api.w.org\/{rel}","templated":true}]}}