{"id":447,"date":"2013-02-26T23:49:55","date_gmt":"2013-02-26T23:49:55","guid":{"rendered":"http:\/\/blogs.hoy.es\/solitaencaceres\/?p=447"},"modified":"2013-02-26T23:49:55","modified_gmt":"2013-02-26T23:49:55","slug":"quintero-e-ibarra-me-calman-la-urticaria-2","status":"publish","type":"post","link":"https:\/\/blogs.hoy.es\/solitaencaceres\/2013\/02\/26\/quintero-e-ibarra-me-calman-la-urticaria-2\/","title":{"rendered":"Quintero e Ibarra me calman la urticaria"},"content":{"rendered":"<p style=\"text-align: center;\"><a href=\"\/solitaencaceres\/wp-content\/uploads\/sites\/41\/2013\/02\/Jes\u00fas-Quintero1.jpg\"><img loading=\"lazy\" class=\"aligncenter  wp-image-448\" title=\"Jes\u00fas Quintero\" src=\"\/solitaencaceres\/wp-content\/uploads\/sites\/41\/2013\/02\/Jes\u00fas-Quintero1.jpg\" alt=\"\" width=\"544\" height=\"221\" srcset=\"https:\/\/static-blogs.hoy.es\/wp-content\/uploads\/sites\/41\/2013\/02\/Jes\u00fas-Quintero1.jpg 680w, https:\/\/static-blogs.hoy.es\/wp-content\/uploads\/sites\/41\/2013\/02\/Jes\u00fas-Quintero1-300x122.jpg 300w\" sizes=\"(max-width: 544px) 100vw, 544px\" \/><\/a><\/p>\n<p>De cada enfermedad, saco una nueva. De este maldito constipado del que a\u00fan conservo algo, adem\u00e1s de sacar un tap\u00f3n en el o\u00eddo, por el que no escucho nada,<strong>\u00a0tambi\u00e9n he obtenido una reacci\u00f3n al\u00e9rgica<\/strong>, vamos, una\u00a0<strong>urticaria<\/strong>.<\/p>\n<p>El s\u00e1bado por la tarde, mientras retocaba fotos con el ordenador en el pueblo, para entretenerme hasta que viniese mi hermano del cumplea\u00f1os en el que estaba,\u00a0<strong>empezaron a picarme las manos.<\/strong>\u00a0Entre los dedos ten\u00eda unas erupciones muy raras que no hab\u00eda visto nunca. No eran granitos normales, sino que estaban por dentro de la piel, como si fuera algo relacionado con la sangre, y\u00a0<strong>descart\u00e9 que fuesen mosquitos que me hab\u00edan picado<\/strong>. Pronto comenz\u00f3 a\u00a0<strong>extenderse por las mu\u00f1ecas<\/strong>\u00a0y tuve que darme crema para que se me calmara el picor, a pesar de que me recomendaron que era<strong>\u00a0mejor meter las manos en leche.<\/strong><\/p>\n<p>A las dos horas\u00a0<strong>desaparecieron todas las erupciones<\/strong>, como si hubiera tenido un espejismo y en vez de preocuparme, pens\u00e9 que habr\u00eda sido algo pasajero y me olvid\u00e9 del tema. Por la ma\u00f1ana, el domingo, tras salir de la ducha, al contacto de mi cuerpo con el fr\u00edo de la toalla tras haber estado bajo agua calentita,<strong>\u00a0empezaron a aparecer granitos por todo mi cuerpo<\/strong>. Una hora despu\u00e9s estaba en<strong>\u00a0C\u00e1ceres en Urgencias<\/strong>, con la cara roja e hinchada, tapada con\u00a0<strong>una gorra para que nadie me viera en semejante estado.<\/strong>\u00a0Conclusi\u00f3n,<strong>\u00a0Polaramine y Urbason<\/strong>\u00a0hasta que se quiten las erupciones. M\u00e1s d\u00edas encerrada en casa.<\/p>\n<p>Estaba muy triste por la tarde, ten\u00eda entradas para ver a\u00a0<strong>Jes\u00fas Quintero entrevistando a Ibarra<\/strong>\u00a0y tem\u00eda que iba a perd\u00e9rmelo por no poder salir de la cama. Sin embargo, descubr\u00ed que es verdad que las enfermedades son m\u00e1s psicol\u00f3gicas que f\u00edsicas, y que\u00a0<strong>cuando te entretienes y te lo pasas bien, no te acuerdas de que te pica todo el cuerpo, ni siquiera de que tienes la cara en carne viva.<\/strong>\u00a0Ver a dos grandes mitos en el escenario del\u00a0<strong>Gran Teatro<\/strong>\u00a0me devolvi\u00f3 la alegr\u00eda:\u00a0<strong>Quintero, un periodista ejemplar, Ibarra, mi \u00eddolo pol\u00edtico.<\/strong><\/p>\n<!-- AddThis Advanced Settings generic via filter on the_content --><!-- AddThis Share Buttons generic via filter on the_content -->","protected":false},"excerpt":{"rendered":"<p>De cada enfermedad, saco una nueva. De este maldito constipado del que a\u00fan conservo algo, adem\u00e1s de sacar un tap\u00f3n en el o\u00eddo, por el que no escucho nada,\u00a0tambi\u00e9n he obtenido una reacci\u00f3n al\u00e9rgica, vamos, una\u00a0urticaria. El s\u00e1bado por la tarde, mientras retocaba fotos con el ordenador en el pueblo, para entretenerme hasta que viniese [&hellip;]<!-- AddThis Advanced Settings generic via filter on get_the_excerpt --><!-- AddThis Share Buttons generic via filter on get_the_excerpt --><\/p>\n","protected":false},"author":45,"featured_media":0,"comment_status":"open","ping_status":"closed","sticky":false,"template":"","format":"standard","meta":[],"categories":[3],"tags":[577,629,721,1029,1131,1302,1310,1430,1447,1476,1488,1520,1701,1898,1903,2060,2177,2249,2646,2662,2663,2770,2812,2975,3186,3208,3305,3438,3447,3482,3504,3581,3651,3917,3920,4198,4199,4200],"_links":{"self":[{"href":"https:\/\/blogs.hoy.es\/solitaencaceres\/wp-json\/wp\/v2\/posts\/447"}],"collection":[{"href":"https:\/\/blogs.hoy.es\/solitaencaceres\/wp-json\/wp\/v2\/posts"}],"about":[{"href":"https:\/\/blogs.hoy.es\/solitaencaceres\/wp-json\/wp\/v2\/types\/post"}],"author":[{"embeddable":true,"href":"https:\/\/blogs.hoy.es\/solitaencaceres\/wp-json\/wp\/v2\/users\/45"}],"replies":[{"embeddable":true,"href":"https:\/\/blogs.hoy.es\/solitaencaceres\/wp-json\/wp\/v2\/comments?post=447"}],"version-history":[{"count":0,"href":"https:\/\/blogs.hoy.es\/solitaencaceres\/wp-json\/wp\/v2\/posts\/447\/revisions"}],"wp:attachment":[{"href":"https:\/\/blogs.hoy.es\/solitaencaceres\/wp-json\/wp\/v2\/media?parent=447"}],"wp:term":[{"taxonomy":"category","embeddable":true,"href":"https:\/\/blogs.hoy.es\/solitaencaceres\/wp-json\/wp\/v2\/categories?post=447"},{"taxonomy":"post_tag","embeddable":true,"href":"https:\/\/blogs.hoy.es\/solitaencaceres\/wp-json\/wp\/v2\/tags?post=447"}],"curies":[{"name":"wp","href":"https:\/\/api.w.org\/{rel}","templated":true}]}}