{"id":449,"date":"2013-02-28T12:00:56","date_gmt":"2013-02-28T12:00:56","guid":{"rendered":"http:\/\/blogs.hoy.es\/solitaencaceres\/?p=449"},"modified":"2013-02-28T12:00:56","modified_gmt":"2013-02-28T12:00:56","slug":"quiero-ir-en-bici-a-la-universidad","status":"publish","type":"post","link":"https:\/\/blogs.hoy.es\/solitaencaceres\/2013\/02\/28\/quiero-ir-en-bici-a-la-universidad\/","title":{"rendered":"Quiero ir en bici a la universidad"},"content":{"rendered":"<p style=\"text-align: center;\"><a href=\"\/solitaencaceres\/wp-content\/uploads\/sites\/41\/2013\/02\/Bicicletas.jpg\"><img loading=\"lazy\" class=\"aligncenter  wp-image-450\" src=\"\/solitaencaceres\/wp-content\/uploads\/sites\/41\/2013\/02\/Bicicletas.jpg\" alt=\"\" width=\"393\" height=\"295\" srcset=\"https:\/\/static-blogs.hoy.es\/wp-content\/uploads\/sites\/41\/2013\/02\/Bicicletas.jpg 1024w, https:\/\/static-blogs.hoy.es\/wp-content\/uploads\/sites\/41\/2013\/02\/Bicicletas-300x225.jpg 300w, https:\/\/static-blogs.hoy.es\/wp-content\/uploads\/sites\/41\/2013\/02\/Bicicletas-768x576.jpg 768w\" sizes=\"(max-width: 393px) 100vw, 393px\" \/><\/a><\/p>\n<p>Envidio esas ciudades con carril bici en las que <strong>los estudiantes pueden ir a la universidad pedaleando,<\/strong> sin hacer uso innecesario de coche propio o transporte urbano, y m\u00e1s cuando, como en C\u00e1ceres, las facultades est\u00e1n a las afueras. Me gusta, cuando voy a <strong>ciudades como Sevilla, ver a empresarios de traje y corbata yendo a sus lugares de trabajo en bicicleta<\/strong>, a gente, que no tiene tiempo para volver a casa a comer, con una cestita llena de alimentos\u2026 observar por todos lados aparcamientos para bicis, lugares para <strong>alquilarlas a un buen precio,<\/strong> que para las personas que hacemos turismo de vez en cuando, dos o tres d\u00edas, salen poco rentables, pero para sus habitantes, es bastante moderado.<\/p>\n<p>En<strong> C\u00e1ceres<\/strong>, con la de cuestas que hay, <strong>es imposible ir a la universidad en bicicleta<\/strong>. No tengo conocimiento de ning\u00fan valiente que se atreva. A veces se me ha pasado por la cabeza intentarlo, total,<strong> bajar desde Hern\u00e1n Cort\u00e9s, por la Plaza de Toros y el colegio Diocesano hacia el campus, es f\u00e1cil, todo cuesta abajo. Lo dif\u00edcil es volver.<\/strong><\/p>\n<p>Hace unos d\u00edas, me enter\u00e9 de que hab\u00edan quitado <strong>la beca S\u00e9neca<\/strong>, otro de los tantos <strong>deterioros en educaci\u00f3n que nos est\u00e1 haciendo sufrir la pol\u00edtica de este gobierno.<\/strong> Ten\u00eda pensado cursarla, antes de enterarme de esta mala noticia. Ya so\u00f1aba con qu\u00e9 ciudad elegir\u00eda, cu\u00e1l me proporcionar\u00eda la tranquilidad y armon\u00eda que tanto necesito y la vida cultural que tanto me influye. Ya me imaginaba <strong>cogiendo una bici por las ma\u00f1anas, a la puerta de casa y poder desplazarme tranquilamente hasta el campus, evitando atascos de tr\u00e1fico.<\/strong><\/p>\n<p><strong>Mis sue\u00f1os, al igual que la beca S\u00e9neca, ya no son posibles.<\/strong><\/p>\n<!-- AddThis Advanced Settings generic via filter on the_content --><!-- AddThis Share Buttons generic via filter on the_content -->","protected":false},"excerpt":{"rendered":"<p>Envidio esas ciudades con carril bici en las que los estudiantes pueden ir a la universidad pedaleando, sin hacer uso innecesario de coche propio o transporte urbano, y m\u00e1s cuando, como en C\u00e1ceres, las facultades est\u00e1n a las afueras. Me gusta, cuando voy a ciudades como Sevilla, ver a empresarios de traje y corbata yendo [&hellip;]<!-- AddThis Advanced Settings generic via filter on get_the_excerpt --><!-- AddThis Share Buttons generic via filter on get_the_excerpt --><\/p>\n","protected":false},"author":45,"featured_media":0,"comment_status":"open","ping_status":"closed","sticky":false,"template":"","format":"standard","meta":[],"categories":[3],"tags":[246,320,434,462,535,577,668,817,899,923,943,1124,1233,1415,1566,1634,1863,1989,2467,3133,3287,3311,3771,4091,4124,4191],"_links":{"self":[{"href":"https:\/\/blogs.hoy.es\/solitaencaceres\/wp-json\/wp\/v2\/posts\/449"}],"collection":[{"href":"https:\/\/blogs.hoy.es\/solitaencaceres\/wp-json\/wp\/v2\/posts"}],"about":[{"href":"https:\/\/blogs.hoy.es\/solitaencaceres\/wp-json\/wp\/v2\/types\/post"}],"author":[{"embeddable":true,"href":"https:\/\/blogs.hoy.es\/solitaencaceres\/wp-json\/wp\/v2\/users\/45"}],"replies":[{"embeddable":true,"href":"https:\/\/blogs.hoy.es\/solitaencaceres\/wp-json\/wp\/v2\/comments?post=449"}],"version-history":[{"count":0,"href":"https:\/\/blogs.hoy.es\/solitaencaceres\/wp-json\/wp\/v2\/posts\/449\/revisions"}],"wp:attachment":[{"href":"https:\/\/blogs.hoy.es\/solitaencaceres\/wp-json\/wp\/v2\/media?parent=449"}],"wp:term":[{"taxonomy":"category","embeddable":true,"href":"https:\/\/blogs.hoy.es\/solitaencaceres\/wp-json\/wp\/v2\/categories?post=449"},{"taxonomy":"post_tag","embeddable":true,"href":"https:\/\/blogs.hoy.es\/solitaencaceres\/wp-json\/wp\/v2\/tags?post=449"}],"curies":[{"name":"wp","href":"https:\/\/api.w.org\/{rel}","templated":true}]}}