{"id":462,"date":"2013-03-05T09:00:46","date_gmt":"2013-03-05T09:00:46","guid":{"rendered":"http:\/\/blogs.hoy.es\/solitaencaceres\/?p=462"},"modified":"2013-03-05T09:00:46","modified_gmt":"2013-03-05T09:00:46","slug":"en-busca-del-futuro-prometido","status":"publish","type":"post","link":"https:\/\/blogs.hoy.es\/solitaencaceres\/2013\/03\/05\/en-busca-del-futuro-prometido\/","title":{"rendered":"En busca del futuro prometido"},"content":{"rendered":"<p style=\"text-align: center;\"><a href=\"\/solitaencaceres\/wp-content\/uploads\/sites\/41\/2013\/03\/pasaporte.jpg\"><img loading=\"lazy\" class=\"aligncenter  wp-image-463\" title=\"pasaporte\" src=\"\/solitaencaceres\/wp-content\/uploads\/sites\/41\/2013\/03\/pasaporte.jpg\" alt=\"\" width=\"388\" height=\"258\" srcset=\"https:\/\/static-blogs.hoy.es\/wp-content\/uploads\/sites\/41\/2013\/03\/pasaporte.jpg 4272w, https:\/\/static-blogs.hoy.es\/wp-content\/uploads\/sites\/41\/2013\/03\/pasaporte-300x200.jpg 300w, https:\/\/static-blogs.hoy.es\/wp-content\/uploads\/sites\/41\/2013\/03\/pasaporte-768x512.jpg 768w, https:\/\/static-blogs.hoy.es\/wp-content\/uploads\/sites\/41\/2013\/03\/pasaporte-1024x683.jpg 1024w\" sizes=\"(max-width: 388px) 100vw, 388px\" \/><\/a><\/p>\n<p>Pertenezco a esa generaci\u00f3n que, dicen, <strong>es la mejor preparada a nivel intelectual para ejercer cualquier profesi\u00f3n<\/strong>, a esa generaci\u00f3n que escuch\u00f3 tantas veces en su infancia:<strong>\u201dTienes que estudiar mucho para ser alguien el d\u00eda de ma\u00f1ana\u201d<\/strong>, a esa generaci\u00f3n llena de incertidumbre, que no sabe si <strong>conformarse con ser explotada por un sueldo que no colma sus necesidades<\/strong> o que decide<strong> inmigrar para buscar ese futuro que tantas veces nos aseguraron<\/strong> y ahora no encontramos por ninguna parte, al menos en<strong> Espa\u00f1a<\/strong>.<\/p>\n<p>Cada d\u00eda veo en la prensa y en la televisi\u00f3n m\u00e1s casos de<strong> j\u00f3venes que se han ido fuera de Espa\u00f1a buscando desarrollar el trabajo para el que tanto estudiaron<\/strong>, al menos por un par de a\u00f1os, y se han visto tan c\u00f3modos en los pa\u00edses en los que ahora est\u00e1n, que ya <strong>han echado ra\u00edces y ven m\u00e1s dif\u00edcil volver<\/strong>.<\/p>\n<p>A m\u00ed, personalmente, a pesar de ser poco patriota, me da mucha pena que la situaci\u00f3n en<strong> Espa\u00f1a<\/strong> est\u00e9 as\u00ed. Pero por otra parte, creo que, al menos los estudiantes de ahora,<strong> a\u00fan no tenemos suficiente arraigo como para sentirnos atados a nuestras ciudades y pueblos, a nuestras familias y amigos.<\/strong> Sin embargo, las personas de entre <strong>40 y 65 a\u00f1os<\/strong>, que llevan toda una vida trabajando para<strong> empresas u otros oficios de los que han sido despedidos<\/strong>, que tienen ya sus hijos en colegios, con sus amigos, su hipoteca, sus padres ya mayores, alguno necesitando m\u00e1s atenci\u00f3n de la normal, <strong>esas personas s\u00ed que hacen que me sienta indignada, porque yo podr\u00e9 volar sin mirar hacia atr\u00e1s, pero ellos no.<\/strong><\/p>\n<!-- AddThis Advanced Settings generic via filter on the_content --><!-- AddThis Share Buttons generic via filter on the_content -->","protected":false},"excerpt":{"rendered":"<p>Pertenezco a esa generaci\u00f3n que, dicen, es la mejor preparada a nivel intelectual para ejercer cualquier profesi\u00f3n, a esa generaci\u00f3n que escuch\u00f3 tantas veces en su infancia:\u201dTienes que estudiar mucho para ser alguien el d\u00eda de ma\u00f1ana\u201d, a esa generaci\u00f3n llena de incertidumbre, que no sabe si conformarse con ser explotada por un sueldo que [&hellip;]<!-- AddThis Advanced Settings generic via filter on get_the_excerpt --><!-- AddThis Share Buttons generic via filter on get_the_excerpt --><\/p>\n","protected":false},"author":45,"featured_media":0,"comment_status":"open","ping_status":"closed","sticky":false,"template":"","format":"standard","meta":[],"categories":[3],"tags":[38,196,287,898,945,1221,1416,1511,1567,1646,1803,1845,1999,2004,2091,2106,2120,2198,2608,2875,2958,3008,3016,3117,3370,3411,3448,3875,3957,4073],"_links":{"self":[{"href":"https:\/\/blogs.hoy.es\/solitaencaceres\/wp-json\/wp\/v2\/posts\/462"}],"collection":[{"href":"https:\/\/blogs.hoy.es\/solitaencaceres\/wp-json\/wp\/v2\/posts"}],"about":[{"href":"https:\/\/blogs.hoy.es\/solitaencaceres\/wp-json\/wp\/v2\/types\/post"}],"author":[{"embeddable":true,"href":"https:\/\/blogs.hoy.es\/solitaencaceres\/wp-json\/wp\/v2\/users\/45"}],"replies":[{"embeddable":true,"href":"https:\/\/blogs.hoy.es\/solitaencaceres\/wp-json\/wp\/v2\/comments?post=462"}],"version-history":[{"count":0,"href":"https:\/\/blogs.hoy.es\/solitaencaceres\/wp-json\/wp\/v2\/posts\/462\/revisions"}],"wp:attachment":[{"href":"https:\/\/blogs.hoy.es\/solitaencaceres\/wp-json\/wp\/v2\/media?parent=462"}],"wp:term":[{"taxonomy":"category","embeddable":true,"href":"https:\/\/blogs.hoy.es\/solitaencaceres\/wp-json\/wp\/v2\/categories?post=462"},{"taxonomy":"post_tag","embeddable":true,"href":"https:\/\/blogs.hoy.es\/solitaencaceres\/wp-json\/wp\/v2\/tags?post=462"}],"curies":[{"name":"wp","href":"https:\/\/api.w.org\/{rel}","templated":true}]}}