{"id":465,"date":"2013-03-06T11:16:46","date_gmt":"2013-03-06T11:16:46","guid":{"rendered":"http:\/\/blogs.hoy.es\/solitaencaceres\/?p=465"},"modified":"2013-03-06T11:16:46","modified_gmt":"2013-03-06T11:16:46","slug":"tuenti-y-los-cumpleanos","status":"publish","type":"post","link":"https:\/\/blogs.hoy.es\/solitaencaceres\/2013\/03\/06\/tuenti-y-los-cumpleanos\/","title":{"rendered":"Tuenti y los cumplea\u00f1os"},"content":{"rendered":"<p><a href=\"\/solitaencaceres\/wp-content\/uploads\/sites\/41\/2013\/03\/Captura.png\"><img loading=\"lazy\" class=\"aligncenter size-full wp-image-466\" title=\"tuentiadict@\" src=\"\/solitaencaceres\/wp-content\/uploads\/sites\/41\/2013\/03\/Captura.png\" alt=\"\" width=\"297\" height=\"284\" \/><\/a><\/p>\n<p>Con<strong> Tuenti<\/strong> ya no hay excusas: <strong>si no felicitas un cumplea\u00f1os es porque no quieres<\/strong>. Hace unos meses, ten\u00eda una aplicaci\u00f3n de esta red social instalada en el ordenador y para evitarme tener problemas porque <strong>se me olvidase felicitar a alg\u00fan amigo, la ten\u00eda programada con un mensaje apto para todas mis amistades<\/strong>, ya fuesen amigos cercanos o simplemente conocidos, con el que quedase bien, es decir, <strong>no pod\u00eda faltar un \u2018wapo\u2019 o \u2018wapa\u2019 ni un \u2018muxos bsitos\u2019.<\/strong><\/p>\n<p>Desinstal\u00e9 esta aplicaci\u00f3n de mi escritorio al poco tiempo: <strong>a veces felicitaba a la gente tres d\u00edas antes de su cumplea\u00f1os<\/strong> y me respond\u00edan: \u201cNo, si hoy no es, a\u00fan quedan unos d\u00edas\u201d y yo ped\u00eda perd\u00f3n como buenamente pod\u00eda <strong>diciendo que hab\u00eda mirado mal el calendario<\/strong>.<\/p>\n<p>Desde que no vivo en <strong>Arroyo<\/strong>, apenas utilizo<strong> Tuenti<\/strong>, y a pesar de que soy muy buena para recordar fechas, es imposible, a medida que vas ampliando tu grupo de amistades,<strong> acordarte de las fechas de sus cumplea\u00f1os.<\/strong> Desde que no lo uso para quedar con mis amigas los fines de semana, como hac\u00eda en <strong>Arroyo,<\/strong> y desde que le he cogido el gusto a<strong> hacerle fotos a paisajes, flores&#8230;o reflejos de charcos, que es una pr\u00e1ctica que me mola mucho, y apenas me hago fotos a m\u00ed, he perdido el gusto por esta red social<\/strong>, que se me va quedando demasiado juvenil. Porque en Tuenti,<strong> fotos \u2018morritos\u2019 frente a un espejo, todas las que quieras, pero fotos de paisajes no ves por ninguna parte.<\/strong><\/p>\n<p>Desde aqu\u00ed quiero pedir perd\u00f3n a mi amigo fontan\u00e9s <strong>Juan Manuel Franco<\/strong> por olvidarme este s\u00e1bado de felicitarlo. Ayer, cuando me llam\u00f3 para invitarme a la celebraci\u00f3n de su cumplea\u00f1os,<strong> me dio mucho corte ser la \u00fanica a la que se le hab\u00eda pasado.<\/strong> Menos mal que me salva mi despiste general. <strong>Voy a tener que empezar a revisar m\u00e1s mi Tuenti o mi lista de amistades descender\u00e1<\/strong>. Porque, aunque parezca que no, <strong>la gente toma nota. Y total, poner un \u2018wapo\u2019 , un \u2018FELICIDADES\u2019 y un \u2018muxos bsitos\u2019 tampoco cuesta tanto.<\/strong><\/p>\n<!-- AddThis Advanced Settings generic via filter on the_content --><!-- AddThis Share Buttons generic via filter on the_content -->","protected":false},"excerpt":{"rendered":"<p>Con Tuenti ya no hay excusas: si no felicitas un cumplea\u00f1os es porque no quieres. Hace unos meses, ten\u00eda una aplicaci\u00f3n de esta red social instalada en el ordenador y para evitarme tener problemas porque se me olvidase felicitar a alg\u00fan amigo, la ten\u00eda programada con un mensaje apto para todas mis amistades, ya fuesen [&hellip;]<!-- AddThis Advanced Settings generic via filter on get_the_excerpt --><!-- AddThis Share Buttons generic via filter on get_the_excerpt --><\/p>\n","protected":false},"author":45,"featured_media":0,"comment_status":"open","ping_status":"closed","sticky":false,"template":"","format":"standard","meta":[],"categories":[3],"tags":[194,197,253,294,612,1131,1186,1501,1605,1658,1695,1712,1746,1748,1750,1768,1922,2403,2619,2830,2975,3015,3404,3421,3520,3528,3533,4116,4326,4327],"_links":{"self":[{"href":"https:\/\/blogs.hoy.es\/solitaencaceres\/wp-json\/wp\/v2\/posts\/465"}],"collection":[{"href":"https:\/\/blogs.hoy.es\/solitaencaceres\/wp-json\/wp\/v2\/posts"}],"about":[{"href":"https:\/\/blogs.hoy.es\/solitaencaceres\/wp-json\/wp\/v2\/types\/post"}],"author":[{"embeddable":true,"href":"https:\/\/blogs.hoy.es\/solitaencaceres\/wp-json\/wp\/v2\/users\/45"}],"replies":[{"embeddable":true,"href":"https:\/\/blogs.hoy.es\/solitaencaceres\/wp-json\/wp\/v2\/comments?post=465"}],"version-history":[{"count":0,"href":"https:\/\/blogs.hoy.es\/solitaencaceres\/wp-json\/wp\/v2\/posts\/465\/revisions"}],"wp:attachment":[{"href":"https:\/\/blogs.hoy.es\/solitaencaceres\/wp-json\/wp\/v2\/media?parent=465"}],"wp:term":[{"taxonomy":"category","embeddable":true,"href":"https:\/\/blogs.hoy.es\/solitaencaceres\/wp-json\/wp\/v2\/categories?post=465"},{"taxonomy":"post_tag","embeddable":true,"href":"https:\/\/blogs.hoy.es\/solitaencaceres\/wp-json\/wp\/v2\/tags?post=465"}],"curies":[{"name":"wp","href":"https:\/\/api.w.org\/{rel}","templated":true}]}}